{"id":8832,"date":"2025-11-12T09:30:00","date_gmt":"2025-11-12T12:30:00","guid":{"rendered":"https:\/\/diariodepernambuco.audiencelabs.com.br\/?p=8832"},"modified":"2025-11-11T09:31:27","modified_gmt":"2025-11-11T12:31:27","slug":"anvisa-surpreendeu-e-proibiu-venda-de-produtos-de-beleza-e-limpeza","status":"publish","type":"post","link":"https:\/\/diariodepernambuco.audiencelabs.com.br\/anvisa-surpreendeu-e-proibiu-venda-de-produtos-de-beleza-e-limpeza\/","title":{"rendered":"Anvisa surpreendeu e proibiu venda de produtos de beleza e limpeza"},"content":{"rendered":"\n<p>A Ag\u00eancia Nacional de Vigil\u00e2ncia Sanit\u00e1ria (Anvisa) anunciou, na \u00faltima quinta-feira (6\/11), a proibi\u00e7\u00e3o e apreens\u00e3o da escova progressiva Trycee Professional HD. Fabricado por uma empresa desconhecida, o produto n\u00e3o possui registro na categoria de cosm\u00e9ticos, o que o torna ilegal para produ\u00e7\u00e3o, comercializa\u00e7\u00e3o, distribui\u00e7\u00e3o, divulga\u00e7\u00e3o ou uso no Brasil.<\/p>\n\n\n\n<p>A decis\u00e3o foi tomada ap\u00f3s a identifica\u00e7\u00e3o de irregularidades que colocam em risco a seguran\u00e7a dos consumidores. Segundo a Anvisa, o registro \u00e9 obrigat\u00f3rio justamente para assegurar que o produto tenha passado por testes de qualidade e n\u00e3o represente perigo \u00e0 sa\u00fade, especialmente em cosm\u00e9ticos aplicados diretamente no couro cabeludo.<\/p>\n\n\n\n<p>A Anvisa tamb\u00e9m determinou a apreens\u00e3o da pastilha efervescente multifuncional Washing Machine, usada para limpeza de m\u00e1quinas de lavar roupas. Assim como a escova progressiva, o produto \u00e9 fabricado por uma empresa desconhecida e n\u00e3o possui registro sanit\u00e1rio, o que torna sua fabrica\u00e7\u00e3o e comercializa\u00e7\u00e3o proibidas no pa\u00eds.<\/p>\n\n\n\n<p>A ag\u00eancia refor\u00e7ou que somente produtos com registro v\u00e1lido podem ser comercializados no Brasil e orientou os consumidores a sempre verificarem se h\u00e1 n\u00famero de processo ou autoriza\u00e7\u00e3o da Anvisa na embalagem. Situa\u00e7\u00f5es de suspeita de irregularidades devem ser comunicadas pelos canais oficiais da ag\u00eancia ou pelas vigil\u00e2ncias sanit\u00e1rias locais.<\/p>\n\n\n\n<h2 class=\"wp-block-heading\">O que \u00e9 e qual o papel da Anvisa?<\/h2>\n\n\n\n<p>A Ag\u00eancia Nacional de Vigil\u00e2ncia Sanit\u00e1ria (Anvisa) \u00e9 o \u00f3rg\u00e3o do governo federal respons\u00e1vel por proteger e promover a sa\u00fade da popula\u00e7\u00e3o por meio da regulamenta\u00e7\u00e3o, fiscaliza\u00e7\u00e3o e controle de produtos e servi\u00e7os que possam afetar a sa\u00fade humana.<\/p>\n\n\n\n<p>O papel da Anvisa inclui:<\/p>\n\n\n\n<ul class=\"wp-block-list\">\n<li>Registro e fiscaliza\u00e7\u00e3o de produtos \u2013 Como medicamentos, alimentos, cosm\u00e9ticos, produtos de higiene, saneantes e equipamentos m\u00e9dicos, garantindo que atendam aos padr\u00f5es de qualidade, seguran\u00e7a e efic\u00e1cia.<\/li>\n<\/ul>\n\n\n\n<ul class=\"wp-block-list\">\n<li>Controle sanit\u00e1rio de servi\u00e7os \u2013 Supervis\u00e3o de hospitais, cl\u00ednicas, laborat\u00f3rios e ind\u00fastrias que lidam com produtos e servi\u00e7os relacionados \u00e0 sa\u00fade.<\/li>\n<\/ul>\n\n\n\n<ul class=\"wp-block-list\">\n<li>Prote\u00e7\u00e3o do consumidor \u2013 Monitoramento de produtos irregulares ou perigosos, emitindo alertas, apreens\u00f5es e proibi\u00e7\u00f5es quando necess\u00e1rio.<\/li>\n<\/ul>\n\n\n\n<ul class=\"wp-block-list\">\n<li>Regula\u00e7\u00e3o e orienta\u00e7\u00e3o \u2013 Cria\u00e7\u00e3o de normas t\u00e9cnicas, regulamenta\u00e7\u00f5es e orienta\u00e7\u00f5es para empresas, profissionais e consumidores sobre boas pr\u00e1ticas sanit\u00e1rias.<\/li>\n<\/ul>\n\n\n\n<ul class=\"wp-block-list\">\n<li>Preven\u00e7\u00e3o de riscos \u00e0 sa\u00fade \u2013 Atua\u00e7\u00e3o preventiva para evitar que produtos ou servi\u00e7os causem danos \u00e0 sa\u00fade da popula\u00e7\u00e3o.<\/li>\n<\/ul>\n\n\n\n<p><\/p>\n","protected":false},"excerpt":{"rendered":"<p>A Ag\u00eancia Nacional de Vigil\u00e2ncia Sanit\u00e1ria (Anvisa) anunciou, na \u00faltima quinta-feira (6\/11), a proibi\u00e7\u00e3o e apreens\u00e3o da escova progressiva Trycee Professional HD. Fabricado por uma empresa desconhecida, o produto n\u00e3o possui registro na categoria de cosm\u00e9ticos, o que o torna ilegal para produ\u00e7\u00e3o, comercializa\u00e7\u00e3o, distribui\u00e7\u00e3o, divulga\u00e7\u00e3o ou uso no Brasil. A decis\u00e3o foi tomada ap\u00f3s [&hellip;]<\/p>\n","protected":false},"author":4,"featured_media":1171,"comment_status":"open","ping_status":"open","sticky":false,"template":"","format":"standard","meta":{"jnews-multi-image_gallery":[],"jnews_single_post":{"format":"standard"},"jnews_primary_category":[],"jnews_social_meta":[],"jnews_post_split":[],"footnotes":""},"categories":[1],"tags":[],"class_list":["post-8832","post","type-post","status-publish","format-standard","has-post-thumbnail","hentry","category-uncategorized"],"_links":{"self":[{"href":"https:\/\/diariodepernambuco.audiencelabs.com.br\/wp-json\/wp\/v2\/posts\/8832","targetHints":{"allow":["GET"]}}],"collection":[{"href":"https:\/\/diariodepernambuco.audiencelabs.com.br\/wp-json\/wp\/v2\/posts"}],"about":[{"href":"https:\/\/diariodepernambuco.audiencelabs.com.br\/wp-json\/wp\/v2\/types\/post"}],"author":[{"embeddable":true,"href":"https:\/\/diariodepernambuco.audiencelabs.com.br\/wp-json\/wp\/v2\/users\/4"}],"replies":[{"embeddable":true,"href":"https:\/\/diariodepernambuco.audiencelabs.com.br\/wp-json\/wp\/v2\/comments?post=8832"}],"version-history":[{"count":2,"href":"https:\/\/diariodepernambuco.audiencelabs.com.br\/wp-json\/wp\/v2\/posts\/8832\/revisions"}],"predecessor-version":[{"id":8834,"href":"https:\/\/diariodepernambuco.audiencelabs.com.br\/wp-json\/wp\/v2\/posts\/8832\/revisions\/8834"}],"wp:featuredmedia":[{"embeddable":true,"href":"https:\/\/diariodepernambuco.audiencelabs.com.br\/wp-json\/wp\/v2\/media\/1171"}],"wp:attachment":[{"href":"https:\/\/diariodepernambuco.audiencelabs.com.br\/wp-json\/wp\/v2\/media?parent=8832"}],"wp:term":[{"taxonomy":"category","embeddable":true,"href":"https:\/\/diariodepernambuco.audiencelabs.com.br\/wp-json\/wp\/v2\/categories?post=8832"},{"taxonomy":"post_tag","embeddable":true,"href":"https:\/\/diariodepernambuco.audiencelabs.com.br\/wp-json\/wp\/v2\/tags?post=8832"}],"curies":[{"name":"wp","href":"https:\/\/api.w.org\/{rel}","templated":true}]}}