{"id":8839,"date":"2025-11-12T11:30:00","date_gmt":"2025-11-12T14:30:00","guid":{"rendered":"https:\/\/diariodepernambuco.audiencelabs.com.br\/?p=8839"},"modified":"2025-11-14T14:18:54","modified_gmt":"2025-11-14T17:18:54","slug":"shopping-popular-do-rio-de-janeiro-sofre-decreto-e-vai-passar-por-proibicao","status":"publish","type":"post","link":"https:\/\/diariodepernambuco.audiencelabs.com.br\/shopping-popular-do-rio-de-janeiro-sofre-decreto-e-vai-passar-por-proibicao\/","title":{"rendered":"Shopping popular do Rio de Janeiro sofre decreto e vai passar por proibi\u00e7\u00e3o"},"content":{"rendered":"\n<p>O prefeito do Rio de Janeiro, Eduardo Paes (PSD), assinou, no Di\u00e1rio Oficial desta segunda-feira (10), um decreto que amplia a \u00e1rea protegida pelo tombamento do terreno onde est\u00e1 localizado o Bangu Shopping, na Zona Oeste da cidade. A medida atende a um pedido do vereador Felipe Pires (PT) e refor\u00e7a a prote\u00e7\u00e3o de um espa\u00e7o que j\u00e1 \u00e9 tombado desde 2000.<\/p>\n\n\n\n<p>O decreto tem como principal objetivo impedir a constru\u00e7\u00e3o de novas edifica\u00e7\u00f5es nas proximidades do shopping. Com isso, o Bangu Shopping fica resguardado do chamado projeto \u201cmais valer\u00e1\u201d do munic\u00edpio \u2013 aprovado pela C\u00e2mara e que permite a expans\u00e3o de shoppings, supermercados, hipermercados e hospitais mediante pagamento de contribui\u00e7\u00e3o \u00e0 Prefeitura do Rio.<\/p>\n\n\n\n<p>O decreto publicado nesta segunda-feira (10) prev\u00ea exce\u00e7\u00f5es para constru\u00e7\u00f5es tempor\u00e1rias, que poder\u00e3o permanecer no local por at\u00e9 120 dias, desde que recebam aprova\u00e7\u00e3o do Conselho Municipal de Prote\u00e7\u00e3o do Patrim\u00f4nio Cultural (CMPPC).<\/p>\n\n\n\n<p>O terreno onde est\u00e1 situado o Bangu Shopping foi tombado pelo Instituto Rio Patrim\u00f4nio da Humanidade (IRPH) por ter sido palco de uma importante fase da ind\u00fastria t\u00eaxtil no Rio de Janeiro. Antes de se tornar shopping, o espa\u00e7o abrigou a F\u00e1brica de Tecidos Bangu, que funcionou entre 1889 e 2004. O Bangu Shopping foi inaugurado no local em 2007.<\/p>\n\n\n\n<h2 class=\"wp-block-heading\">A hist\u00f3ria do Bangu Shopping<\/h2>\n\n\n<style>@media (min-width: 992px) {\n    .recomendadorV2Area1 {\n        width: 280px;\n    }\n    .recomendadorV2Area2 {\n        padding: 0px 20px;\n        width: calc(100% - 280px);\n    }\n}\n\n@media (max-width: 992px) {\n    .recomendadorV2Button {\n        margin: 0 auto;\n    }\n    .recomendadorV2Area {\n        flex-direction: column;\n        text-align: center;\n    }\n    .recomendadorV2Area2 {\n        padding: 0px 20px;\n    }\n}\n\n.recomendadorV2Area {\n    background: #eeeeee3d;\n    border-radius: 10px;\n    padding: 15px;\n    display: flex;\n    margin: 15px auto;\n    border: 1px solid #00000014;\n    max-width: 800px;\n}\n\n.recomendadorV2Area1 img {\n    width: 280px;\n    height: auto;\n    border-radius: 8px;\n}\n\n.linkrecomendadorv2 {\n    text-decoration: none !important;\n}\n\n.recomendadorV2Area2 .recomendadorV2Type {\n    text-transform: uppercase;\n    font-weight: 500;\n    font-size: 11px;\n    letter-spacing: 2px;\n    color: #666;\n    margin: 12px 0;\n    display: block;\n}\n\n.recomendadorV2Title h2 {\n    padding-top: 0px !important;\n    margin: 0px !important;\n    border-left: none !important;\n    padding-left: 0px !important;\n    line-height: 1.3;\n    color: #000 !important;\n    font-size: 24px;\n    margin-bottom: 12px !important;\n}\n\n.recomendadorV2Desc {\n    color: #333;\n    margin: 12px 0px !important;\n    font-size: 15px;\n    line-height: 1.5;\n}\n\n.recomendadorV2Button {\n    width: auto;\n    max-width: 200px;\n    margin: 0;\n    display: inline-flex;\n    align-items: center;\n    background: #1D3557;\n    border-radius: 8px;\n    color: #fff;\n    height: 36px;\n    justify-content: center;\n    text-align: center;\n    font-size: 14px;\n    padding: 0 20px;\n    transition: background-color 0.2s ease;\n}\n\n.recomendadorV2Button:hover {\n    background: #2a4d7a;\n}\n\n.recomendadorV2Button:after {\n    margin-top: -2px;\n    content: \"\u2192\";\n    padding: 0px 0px 0px 8px;\n}\n\n.recomendadorV2Alert {\n    text-align: left;\n    font-size: 11px;\n    margin-top: 8px;\n    color: #666;\n}\n\n.recomendadorFixedArea {\n    width: 100%;\n    display: flex;\n    justify-content: center;\n    align-items: center;\n}\n\n@media (min-width: 992px) {\n    #recomendadorFixed {\n        width: 32% !important;\n        left: 5%;\n    }\n    .recomendadorCloseFixed{\n        right: inherit !important;\n        left: 378px !important;\n    }\n}\n\n#recomendadorFixed {\n    width: 90%;\n    box-shadow: 0 10px 20px 0px #00000057;\n    display: none;\n    height: 90px;\n    background: #F6F6F6;\n    position: fixed;\n    flex-direction: row;\n    bottom: 10px;\n    z-index: 9999;\n    border-radius: 16px;\n    padding: 7px 10px;\n}\n\n.recomendadorLeftArea {\n    width: 160px;\n}\n\n.recomendadorRightArea h2 {\n    padding-top: 0px;\n    margin: 2px 0px 4px 0px !important;\n    font-weight: 400;\n    text-align: center;\n    padding-left: 0px !important;\n    color: #000 !important;\n    border-left: none !important;\n    line-height: 20px;\n    font-size: 12px !important;\n}\n\n.recomendadorImgFixed {\n    overflow: hidden;\n    padding: 8px 6px;\n    height: 100%;\n}\n\n.recomendadorImgFixed img {\n    height: 100% !important;\n    border-radius: 16px;\n}\n\n.recomendadorRightArea {\n    padding-top: 6px;\n    display: flex;\n    width: calc(100% - 130px);\n    justify-content: space-between;\n    align-items: center;\n    flex-direction: column;\n}\n\n.recomendadorButtonFixed {\n    margin: 0 auto;\n    background: #1D3557;\n    width: 80%;\n    text-align: center;\n    font-size: 10px;\n    color: #FFF;\n    padding: 2px 10px;\n    border-radius: 3px;\n}\n\n.recomendadorButtonFixed:after {\n    margin-top: -3px;\n    content: \"\u2192\";\n    padding: 0px 0px 0px 10px;\n}\n\n.recomendadorAlertFixed {\n    font-weight: 400;\n    text-align: center;\n    color: #484848;\n    font-size: 8px;\n}\n\n.recomendadorCloseFixed {\n    z-index: 99999;\n    display: none;\n    right: 0px;\n    left: inherit;\n    bottom: 99px;\n    position: fixed;\n    justify-content: center;\n    background: #F6F6F6;\n    width: 25px;\n    align-items: center;\n    height: 25px;\n    font-weight: 800;\n    border-radius: 50%;\n    border: 1px solid #EBEBEB;\n}\n\n.recomendadorV2Desc{\n    color: #000000;\n    margin: 20px 0px;\n}\n\n@media (max-width: 576px) {\n    .recomendadorV2Area {\n      padding: 10px;\n      max-width: 100%;\n    }\n  \n    .recomendadorV2Area1 img {\n      width: 100%;\n      border-radius: 6px;\n    }\n  \n    .recomendadorV2Area2 .recomendadorV2Type {\n      font-size: 9px;\n      letter-spacing: 1px;\n      margin: 8px 0;\n    }\n  \n    .recomendadorV2Title h2 {\n      font-size: 18px !important;\n      margin-bottom: 8px !important;\n      line-height: 1.2;\n    }\n  \n    .recomendadorV2Desc {\n      font-size: 14px;\n      margin: 8px 0 !important;\n      line-height: 1.4;\n    }\n  \n    .recomendadorV2Button {\n      font-size: 12px;\n      height: 30px;\n      padding: 0 12px;\n      max-width: 160px;\n    }\n  \n    .recomendadorV2Button:after {\n      padding-left: 6px;\n    }\n  }\n  <\/style>\n        <div class=\"lazyblock-recomendador-v2-2jDGz wp-block-lazyblock-recomendador-v2\">\n        <a class=\"linkrecomendadorv2\" href=\"https:\/\/diariodepernambuco.com.br\/dpmais\/enquanto-o-veio-da-havan-tem-fortuna-de-r-4-bilhoes-dona-da-magazine-luiza-despencou-no-ranking-de-valores\/?utm_source=lazy\" target=\"_blank\" rel=\"noopener\">\n            <div class=\"recomendadorV2Area\">\n            <div class=\"recomendadorV2Area1\">\n                <div class=\"recomendadorV2Img\">\n                <img class=\"lazyloaded\" decoding=\"async\" src=\"https:\/\/diariodepernambuco.audiencelabs.com.br\/wp-content\/uploads\/2025\/11\/Luiza-Trajano.jpg\" data-src=\"https:\/\/diariodepernambuco.audiencelabs.com.br\/wp-content\/uploads\/2025\/11\/Luiza-Trajano.jpg\" alt=\"\">\n                <\/div>\n            <\/div>\n            <div class=\"recomendadorV2Area2\">\n                <div class=\"recomendadorV2Type\">\n                    <span>Riqueza ranking<\/span>\n                <\/div>\n                <div class=\"recomendadorV2Title\">\n                <h2><span>Fortunas em queda e alta \ud83d\udcb0<\/span><\/h2>\n                <\/div>\n                <div class=\"recomendadorV2Desc\">\n                <span>Compara\u00e7\u00e3o entre Havan e Magazine Luiza.<\/span>\n                <\/div>\n                <div class=\"recomendadorV2Button\">Ver compara\u00e7\u00e3o<\/div>\n                <div class=\"recomendadorV2Alert\"><\/div>\n            <\/div>\n            <\/div>\n        <\/a>\n        <div>\n            <div style=\"z-index:99999;\" id=\"buttonClose\" onclick=\"closeRecomendadorFixed()\">\n            <div class=\"recomendadorCloseFixed\">X<\/div>\n            <\/div>\n            <a href=\"https:\/\/diariodepernambuco.com.br\/dpmais\/enquanto-o-veio-da-havan-tem-fortuna-de-r-4-bilhoes-dona-da-magazine-luiza-despencou-no-ranking-de-valores\/?utm_source=lazy\" target=\"_blank\" rel=\"noopener\">\n            <div class=\"recomendadorFixedArea\">\n                <div id=\"recomendadorFixed\">\n                <div class=\"recomendadorLeftArea\">\n                    <div class=\"recomendadorImgFixed\">\n                    <img class=\"lazyload\" decoding=\"async\" src=\"https:\/\/diariodepernambuco.audiencelabs.com.br\/wp-content\/uploads\/2025\/11\/Luiza-Trajano.jpg\" alt=\"\">\n                    <\/div>\n                <\/div>\n                <div class=\"recomendadorRightArea\">\n                    <div class=\"recomendadorTitleFixed\">\n                    <h2><span>Fortunas em queda e alta \ud83d\udcb0<\/span><\/h2>\n                    <\/div>\n                    <div class=\"recomendadorButtonFixed\">Ver compara\u00e7\u00e3o<\/div>\n                    <div class=\"recomendadorAlertFixed\"><\/div>\n                <\/div>\n                <\/div>\n            <\/div>\n            <\/a>\n        <\/div>\n        <\/div>\n\n\n\n<ul class=\"wp-block-list\">\n<li>Origem industrial: O terreno onde hoje est\u00e1 o Bangu Shopping abrigava a F\u00e1brica de Tecidos Bangu, uma das principais representantes da era de ouro da ind\u00fastria t\u00eaxtil no Rio de Janeiro.<\/li>\n<\/ul>\n\n\n\n<ul class=\"wp-block-list\">\n<li>Per\u00edodo de opera\u00e7\u00e3o da f\u00e1brica: A F\u00e1brica de Tecidos Bangu funcionou entre 1889 e 2004, sendo um marco econ\u00f4mico e social na regi\u00e3o da Zona Oeste do Rio de Janeiro.<\/li>\n<\/ul>\n\n\n\n<ul class=\"wp-block-list\">\n<li>Tombamento do terreno: Em reconhecimento \u00e0 sua import\u00e2ncia hist\u00f3rica, o terreno foi tombado pelo Instituto Rio Patrim\u00f4nio da Humanidade (IRPH), preservando sua mem\u00f3ria e patrim\u00f4nio cultural.<\/li>\n<\/ul>\n\n\n\n<ul class=\"wp-block-list\">\n<li>Transforma\u00e7\u00e3o em shopping: Ap\u00f3s o fechamento da f\u00e1brica, o espa\u00e7o foi convertido em centro de compras, com a inaugura\u00e7\u00e3o do Bangu Shopping em 2007.<\/li>\n<\/ul>\n\n\n\n<ul class=\"wp-block-list\">\n<li>Prote\u00e7\u00e3o atual: Em 2025, a Prefeitura do Rio ampliou o territ\u00f3rio protegido pelo tombamento, impedindo novas constru\u00e7\u00f5es permanentes ao redor do shopping e preservando a hist\u00f3ria do local.<\/li>\n<\/ul>\n\n\n\n<p><\/p>\n","protected":false},"excerpt":{"rendered":"<p>O prefeito do Rio de Janeiro, Eduardo Paes (PSD), assinou, no Di\u00e1rio Oficial desta segunda-feira (10), um decreto que amplia a \u00e1rea protegida pelo tombamento do terreno onde est\u00e1 localizado o Bangu Shopping, na Zona Oeste da cidade. A medida atende a um pedido do vereador Felipe Pires (PT) e refor\u00e7a a prote\u00e7\u00e3o de um [&hellip;]<\/p>\n","protected":false},"author":4,"featured_media":8841,"comment_status":"open","ping_status":"open","sticky":false,"template":"","format":"standard","meta":{"jnews-multi-image_gallery":[],"jnews_single_post":{"format":"standard"},"jnews_primary_category":[],"jnews_social_meta":[],"jnews_post_split":[],"footnotes":""},"categories":[1],"tags":[],"class_list":["post-8839","post","type-post","status-publish","format-standard","has-post-thumbnail","hentry","category-uncategorized"],"_links":{"self":[{"href":"https:\/\/diariodepernambuco.audiencelabs.com.br\/wp-json\/wp\/v2\/posts\/8839","targetHints":{"allow":["GET"]}}],"collection":[{"href":"https:\/\/diariodepernambuco.audiencelabs.com.br\/wp-json\/wp\/v2\/posts"}],"about":[{"href":"https:\/\/diariodepernambuco.audiencelabs.com.br\/wp-json\/wp\/v2\/types\/post"}],"author":[{"embeddable":true,"href":"https:\/\/diariodepernambuco.audiencelabs.com.br\/wp-json\/wp\/v2\/users\/4"}],"replies":[{"embeddable":true,"href":"https:\/\/diariodepernambuco.audiencelabs.com.br\/wp-json\/wp\/v2\/comments?post=8839"}],"version-history":[{"count":3,"href":"https:\/\/diariodepernambuco.audiencelabs.com.br\/wp-json\/wp\/v2\/posts\/8839\/revisions"}],"predecessor-version":[{"id":9343,"href":"https:\/\/diariodepernambuco.audiencelabs.com.br\/wp-json\/wp\/v2\/posts\/8839\/revisions\/9343"}],"wp:featuredmedia":[{"embeddable":true,"href":"https:\/\/diariodepernambuco.audiencelabs.com.br\/wp-json\/wp\/v2\/media\/8841"}],"wp:attachment":[{"href":"https:\/\/diariodepernambuco.audiencelabs.com.br\/wp-json\/wp\/v2\/media?parent=8839"}],"wp:term":[{"taxonomy":"category","embeddable":true,"href":"https:\/\/diariodepernambuco.audiencelabs.com.br\/wp-json\/wp\/v2\/categories?post=8839"},{"taxonomy":"post_tag","embeddable":true,"href":"https:\/\/diariodepernambuco.audiencelabs.com.br\/wp-json\/wp\/v2\/tags?post=8839"}],"curies":[{"name":"wp","href":"https:\/\/api.w.org\/{rel}","templated":true}]}}