{"id":8844,"date":"2025-11-12T12:30:00","date_gmt":"2025-11-12T15:30:00","guid":{"rendered":"https:\/\/diariodepernambuco.audiencelabs.com.br\/?p=8844"},"modified":"2025-11-12T17:23:20","modified_gmt":"2025-11-12T20:23:20","slug":"motoristas-que-gostam-de-correr-ensinam-a-driblar-radares-de-velocidade","status":"publish","type":"post","link":"https:\/\/diariodepernambuco.audiencelabs.com.br\/motoristas-que-gostam-de-correr-ensinam-a-driblar-radares-de-velocidade\/","title":{"rendered":"Motoristas que gostam de correr tentam driblar radares de velocidade"},"content":{"rendered":"\n<p>Um adesivo com caracteres de outro ve\u00edculo tem sido usado sobre a placa no padr\u00e3o Mercosul com o objetivo de evitar multas de tr\u00e2nsito e facilitar a pr\u00e1tica de crimes. Essa \u00e9 mais uma estrat\u00e9gia il\u00edcita, semelhante a outras t\u00e1ticas maliciosas, como adesivos que bloqueiam a leitura de radares e placas retr\u00e1teis, que podem ser ocultadas ou ter letras e n\u00fameros alterados com apenas um toque de bot\u00e3o.<\/p>\n\n\n\n<p>De acordo com o advogado Marco Fabr\u00edcio Vieira, membro da C\u00e2mara Tem\u00e1tica de Esfor\u00e7o Legal do Contran (Conselho Nacional de Tr\u00e2nsito), alterar letras ou n\u00fameros de uma placa para que outro ve\u00edculo seja autuado constitui conduta criminosa, pass\u00edvel de pris\u00e3o.<\/p>\n\n\n\n<p>\u201cO uso de qualquer material que fa\u00e7a com que um caractere seja lido de forma equivocada \u2014 seja por meio de adesivo, tinta ou remo\u00e7\u00e3o parcial da pintura \u2014 configura infra\u00e7\u00e3o grav\u00edssima, nos termos do Inciso I do Artigo 230 do C\u00f3digo de Tr\u00e2nsito Brasileiro (CTB)\u201d, alerta o especialista.<\/p>\n\n\n\n<p>Ele ressalta que a infra\u00e7\u00e3o \u00e9 grav\u00edssima, com multa de R$ 293,47, acr\u00e9scimo de sete pontos no prontu\u00e1rio do propriet\u00e1rio e remo\u00e7\u00e3o do ve\u00edculo. Al\u00e9m disso, especialistas em tr\u00e2nsito alertam que essas pr\u00e1ticas n\u00e3o apenas configuram crimes, mas tamb\u00e9m colocam em risco a seguran\u00e7a de todos nas vias.<\/p>\n\n\n\n<p>Ve\u00edculos com placas adulteradas ou recursos para driblar radares dificultam a fiscaliza\u00e7\u00e3o e aumentam a chance de acidentes, j\u00e1 que motoristas imprudentes podem circular sem respeitar os limites de velocidade. As autoridades refor\u00e7am a import\u00e2ncia de respeitar as leis de tr\u00e2nsito e utilizar apenas equipamentos e acess\u00f3rios autorizados.<\/p>\n\n\n\n<h2 class=\"wp-block-heading\">Riscos e consequ\u00eancias das fraudes em placas e radares<\/h2>\n\n\n<style>@media (min-width: 992px) {\n    .recomendadorV2Area1 {\n        width: 280px;\n    }\n    .recomendadorV2Area2 {\n        padding: 0px 20px;\n        width: calc(100% - 280px);\n    }\n}\n\n@media (max-width: 992px) {\n    .recomendadorV2Button {\n        margin: 0 auto;\n    }\n    .recomendadorV2Area {\n        flex-direction: column;\n        text-align: center;\n    }\n    .recomendadorV2Area2 {\n        padding: 0px 20px;\n    }\n}\n\n.recomendadorV2Area {\n    background: #eeeeee3d;\n    border-radius: 10px;\n    padding: 15px;\n    display: flex;\n    margin: 15px auto;\n    border: 1px solid #00000014;\n    max-width: 800px;\n}\n\n.recomendadorV2Area1 img {\n    width: 280px;\n    height: auto;\n    border-radius: 8px;\n}\n\n.linkrecomendadorv2 {\n    text-decoration: none !important;\n}\n\n.recomendadorV2Area2 .recomendadorV2Type {\n    text-transform: uppercase;\n    font-weight: 500;\n    font-size: 11px;\n    letter-spacing: 2px;\n    color: #666;\n    margin: 12px 0;\n    display: block;\n}\n\n.recomendadorV2Title h2 {\n    padding-top: 0px !important;\n    margin: 0px !important;\n    border-left: none !important;\n    padding-left: 0px !important;\n    line-height: 1.3;\n    color: #000 !important;\n    font-size: 24px;\n    margin-bottom: 12px !important;\n}\n\n.recomendadorV2Desc {\n    color: #333;\n    margin: 12px 0px !important;\n    font-size: 15px;\n    line-height: 1.5;\n}\n\n.recomendadorV2Button {\n    width: auto;\n    max-width: 200px;\n    margin: 0;\n    display: inline-flex;\n    align-items: center;\n    background: #1D3557;\n    border-radius: 8px;\n    color: #fff;\n    height: 36px;\n    justify-content: center;\n    text-align: center;\n    font-size: 14px;\n    padding: 0 20px;\n    transition: background-color 0.2s ease;\n}\n\n.recomendadorV2Button:hover {\n    background: #2a4d7a;\n}\n\n.recomendadorV2Button:after {\n    margin-top: -2px;\n    content: \"\u2192\";\n    padding: 0px 0px 0px 8px;\n}\n\n.recomendadorV2Alert {\n    text-align: left;\n    font-size: 11px;\n    margin-top: 8px;\n    color: #666;\n}\n\n.recomendadorFixedArea {\n    width: 100%;\n    display: flex;\n    justify-content: center;\n    align-items: center;\n}\n\n@media (min-width: 992px) {\n    #recomendadorFixed {\n        width: 32% !important;\n        left: 5%;\n    }\n    .recomendadorCloseFixed{\n        right: inherit !important;\n        left: 378px !important;\n    }\n}\n\n#recomendadorFixed {\n    width: 90%;\n    box-shadow: 0 10px 20px 0px #00000057;\n    display: none;\n    height: 90px;\n    background: #F6F6F6;\n    position: fixed;\n    flex-direction: row;\n    bottom: 10px;\n    z-index: 9999;\n    border-radius: 16px;\n    padding: 7px 10px;\n}\n\n.recomendadorLeftArea {\n    width: 160px;\n}\n\n.recomendadorRightArea h2 {\n    padding-top: 0px;\n    margin: 2px 0px 4px 0px !important;\n    font-weight: 400;\n    text-align: center;\n    padding-left: 0px !important;\n    color: #000 !important;\n    border-left: none !important;\n    line-height: 20px;\n    font-size: 12px !important;\n}\n\n.recomendadorImgFixed {\n    overflow: hidden;\n    padding: 8px 6px;\n    height: 100%;\n}\n\n.recomendadorImgFixed img {\n    height: 100% !important;\n    border-radius: 16px;\n}\n\n.recomendadorRightArea {\n    padding-top: 6px;\n    display: flex;\n    width: calc(100% - 130px);\n    justify-content: space-between;\n    align-items: center;\n    flex-direction: column;\n}\n\n.recomendadorButtonFixed {\n    margin: 0 auto;\n    background: #1D3557;\n    width: 80%;\n    text-align: center;\n    font-size: 10px;\n    color: #FFF;\n    padding: 2px 10px;\n    border-radius: 3px;\n}\n\n.recomendadorButtonFixed:after {\n    margin-top: -3px;\n    content: \"\u2192\";\n    padding: 0px 0px 0px 10px;\n}\n\n.recomendadorAlertFixed {\n    font-weight: 400;\n    text-align: center;\n    color: #484848;\n    font-size: 8px;\n}\n\n.recomendadorCloseFixed {\n    z-index: 99999;\n    display: none;\n    right: 0px;\n    left: inherit;\n    bottom: 99px;\n    position: fixed;\n    justify-content: center;\n    background: #F6F6F6;\n    width: 25px;\n    align-items: center;\n    height: 25px;\n    font-weight: 800;\n    border-radius: 50%;\n    border: 1px solid #EBEBEB;\n}\n\n.recomendadorV2Desc{\n    color: #000000;\n    margin: 20px 0px;\n}\n\n@media (max-width: 576px) {\n    .recomendadorV2Area {\n      padding: 10px;\n      max-width: 100%;\n    }\n  \n    .recomendadorV2Area1 img {\n      width: 100%;\n      border-radius: 6px;\n    }\n  \n    .recomendadorV2Area2 .recomendadorV2Type {\n      font-size: 9px;\n      letter-spacing: 1px;\n      margin: 8px 0;\n    }\n  \n    .recomendadorV2Title h2 {\n      font-size: 18px !important;\n      margin-bottom: 8px !important;\n      line-height: 1.2;\n    }\n  \n    .recomendadorV2Desc {\n      font-size: 14px;\n      margin: 8px 0 !important;\n      line-height: 1.4;\n    }\n  \n    .recomendadorV2Button {\n      font-size: 12px;\n      height: 30px;\n      padding: 0 12px;\n      max-width: 160px;\n    }\n  \n    .recomendadorV2Button:after {\n      padding-left: 6px;\n    }\n  }\n  <\/style>\n        <div class=\"lazyblock-recomendador-v2-2jDGz wp-block-lazyblock-recomendador-v2\">\n        <a class=\"linkrecomendadorv2\" href=\"https:\/\/diariodepernambuco.com.br\/dpmais\/240-km-sem-uma-curva-a-reta-mais-interminavel-do-planeta-testa-sua-paciencia\/?utm_source=lazy\" target=\"_blank\" rel=\"noopener\">\n            <div class=\"recomendadorV2Area\">\n            <div class=\"recomendadorV2Area1\">\n                <div class=\"recomendadorV2Img\">\n                <img class=\"lazyloaded\" decoding=\"async\" src=\"https:\/\/diariodepernambuco.audiencelabs.com.br\/wp-content\/uploads\/2025\/11\/Highway-10.jpg\" data-src=\"https:\/\/diariodepernambuco.audiencelabs.com.br\/wp-content\/uploads\/2025\/11\/Highway-10.jpg\" alt=\"\">\n                <\/div>\n            <\/div>\n            <div class=\"recomendadorV2Area2\">\n                <div class=\"recomendadorV2Type\">\n                    <span>curiosidades mundo<\/span>\n                <\/div>\n                <div class=\"recomendadorV2Title\">\n                <h2><span>A estrada sem curvas \ud83d\udee3\ufe0f<\/span><\/h2>\n                <\/div>\n                <div class=\"recomendadorV2Desc\">\n                <span>Conhe\u00e7a a reta mais longa e desafiadora do planeta!<\/span>\n                <\/div>\n                <div class=\"recomendadorV2Button\">Veja onde fica<\/div>\n                <div class=\"recomendadorV2Alert\"><\/div>\n            <\/div>\n            <\/div>\n        <\/a>\n        <div>\n            <div style=\"z-index:99999;\" id=\"buttonClose\" onclick=\"closeRecomendadorFixed()\">\n            <div class=\"recomendadorCloseFixed\">X<\/div>\n            <\/div>\n            <a href=\"https:\/\/diariodepernambuco.com.br\/dpmais\/240-km-sem-uma-curva-a-reta-mais-interminavel-do-planeta-testa-sua-paciencia\/?utm_source=lazy\" target=\"_blank\" rel=\"noopener\">\n            <div class=\"recomendadorFixedArea\">\n                <div id=\"recomendadorFixed\">\n                <div class=\"recomendadorLeftArea\">\n                    <div class=\"recomendadorImgFixed\">\n                    <img class=\"lazyload\" decoding=\"async\" src=\"https:\/\/diariodepernambuco.audiencelabs.com.br\/wp-content\/uploads\/2025\/11\/Highway-10.jpg\" alt=\"\">\n                    <\/div>\n                <\/div>\n                <div class=\"recomendadorRightArea\">\n                    <div class=\"recomendadorTitleFixed\">\n                    <h2><span>A estrada sem curvas \ud83d\udee3\ufe0f<\/span><\/h2>\n                    <\/div>\n                    <div class=\"recomendadorButtonFixed\">Veja onde fica<\/div>\n                    <div class=\"recomendadorAlertFixed\"><\/div>\n                <\/div>\n                <\/div>\n            <\/div>\n            <\/a>\n        <\/div>\n        <\/div>\n\n\n\n<p>Al\u00e9m de configurarem infra\u00e7\u00f5es grav\u00edssimas e crimes, as fraudes envolvendo placas e dispositivos para driblar radares representam um s\u00e9rio risco \u00e0 seguran\u00e7a no tr\u00e2nsito. Motoristas que utilizam essas t\u00e1ticas colocam em perigo n\u00e3o apenas a pr\u00f3pria vida, mas tamb\u00e9m a de pedestres, ciclistas e outros condutores, aumentando significativamente a probabilidade de acidentes graves.<\/p>\n\n\n\n<p>Para combater essas pr\u00e1ticas, as autoridades t\u00eam refor\u00e7ado a fiscaliza\u00e7\u00e3o, ampliado o uso de tecnologias avan\u00e7adas e promovido campanhas de conscientiza\u00e7\u00e3o. Denunciar irregularidades e seguir as normas de tr\u00e2nsito s\u00e3o medidas essenciais para garantir que todos possam circular com mais seguran\u00e7a e responsabilidade nas vias p\u00fablicas.<\/p>\n\n\n\n<p><\/p>\n","protected":false},"excerpt":{"rendered":"<p>Um adesivo com caracteres de outro ve\u00edculo tem sido usado sobre a placa no padr\u00e3o Mercosul com o objetivo de evitar multas de tr\u00e2nsito e facilitar a pr\u00e1tica de crimes. Essa \u00e9 mais uma estrat\u00e9gia il\u00edcita, semelhante a outras t\u00e1ticas maliciosas, como adesivos que bloqueiam a leitura de radares e placas retr\u00e1teis, que podem ser [&hellip;]<\/p>\n","protected":false},"author":4,"featured_media":2760,"comment_status":"open","ping_status":"open","sticky":false,"template":"","format":"standard","meta":{"jnews-multi-image_gallery":[],"jnews_single_post":{"format":"standard"},"jnews_primary_category":[],"jnews_social_meta":[],"jnews_post_split":[],"footnotes":""},"categories":[1],"tags":[],"class_list":["post-8844","post","type-post","status-publish","format-standard","has-post-thumbnail","hentry","category-uncategorized"],"_links":{"self":[{"href":"https:\/\/diariodepernambuco.audiencelabs.com.br\/wp-json\/wp\/v2\/posts\/8844","targetHints":{"allow":["GET"]}}],"collection":[{"href":"https:\/\/diariodepernambuco.audiencelabs.com.br\/wp-json\/wp\/v2\/posts"}],"about":[{"href":"https:\/\/diariodepernambuco.audiencelabs.com.br\/wp-json\/wp\/v2\/types\/post"}],"author":[{"embeddable":true,"href":"https:\/\/diariodepernambuco.audiencelabs.com.br\/wp-json\/wp\/v2\/users\/4"}],"replies":[{"embeddable":true,"href":"https:\/\/diariodepernambuco.audiencelabs.com.br\/wp-json\/wp\/v2\/comments?post=8844"}],"version-history":[{"count":4,"href":"https:\/\/diariodepernambuco.audiencelabs.com.br\/wp-json\/wp\/v2\/posts\/8844\/revisions"}],"predecessor-version":[{"id":9092,"href":"https:\/\/diariodepernambuco.audiencelabs.com.br\/wp-json\/wp\/v2\/posts\/8844\/revisions\/9092"}],"wp:featuredmedia":[{"embeddable":true,"href":"https:\/\/diariodepernambuco.audiencelabs.com.br\/wp-json\/wp\/v2\/media\/2760"}],"wp:attachment":[{"href":"https:\/\/diariodepernambuco.audiencelabs.com.br\/wp-json\/wp\/v2\/media?parent=8844"}],"wp:term":[{"taxonomy":"category","embeddable":true,"href":"https:\/\/diariodepernambuco.audiencelabs.com.br\/wp-json\/wp\/v2\/categories?post=8844"},{"taxonomy":"post_tag","embeddable":true,"href":"https:\/\/diariodepernambuco.audiencelabs.com.br\/wp-json\/wp\/v2\/tags?post=8844"}],"curies":[{"name":"wp","href":"https:\/\/api.w.org\/{rel}","templated":true}]}}