{"id":8889,"date":"2025-11-11T13:03:12","date_gmt":"2025-11-11T16:03:12","guid":{"rendered":"https:\/\/diariodepernambuco.audiencelabs.com.br\/?p=8889"},"modified":"2025-11-11T13:40:26","modified_gmt":"2025-11-11T16:40:26","slug":"ataque-terrorista-vindo-do-espaco-ja-e-real-e-o-mundo-nao-esta-preparado","status":"publish","type":"post","link":"https:\/\/diariodepernambuco.audiencelabs.com.br\/ataque-terrorista-vindo-do-espaco-ja-e-real-e-o-mundo-nao-esta-preparado\/","title":{"rendered":"Ataque terrorista vindo do espa\u00e7o j\u00e1 \u00e9 real e o mundo n\u00e3o est\u00e1 preparado"},"content":{"rendered":"\n<p>Ataques terroristas com origem no espa\u00e7o, antes vistos como obra de fic\u00e7\u00e3o cient\u00edfica, j\u00e1 s\u00e3o uma realidade, e os governos ao redor do mundo ainda n\u00e3o sabem como enfrent\u00e1-los. <\/p>\n\n\n\n<p>Desde o fim da d\u00e9cada de 1990, h\u00e1 registros e den\u00fancias de interfer\u00eancias maliciosas em sat\u00e9lites de pa\u00edses como Reino Unido e R\u00fassia. <\/p>\n\n\n\n<p>Esses epis\u00f3dios levantam alertas sobre uma amea\u00e7a crescente: grupos n\u00e3o estatais e indiv\u00edduos com acesso \u00e0 tecnologia espacial agora t\u00eam poder para impactar infraestruturas cr\u00edticas em escala global. <\/p>\n\n\n\n<p>No entanto, n\u00e3o existe uma legisla\u00e7\u00e3o internacional clara sobre como prevenir, responder ou responsabilizar autores desse tipo de crime, que pode afetar bilh\u00f5es de pessoas em centenas de pa\u00edses simultaneamente.<\/p>\n\n\n\n<h2 class=\"wp-block-heading\">Ataque terrorista vindo do espa\u00e7o j\u00e1 \u00e9 real e o mundo n\u00e3o est\u00e1 preparado<\/h2>\n\n\n\n<p>Mas o que exatamente \u00e9 um <a href=\"https:\/\/theconversation.com\/the-threat-of-space-terrorism-is-no-longer-science-fiction-but-were-ill-prepared-to-combat-it-268659\" target=\"_blank\" rel=\"noopener\"><strong>ataque terrorista<\/strong><\/a> vindo do espa\u00e7o? Ao contr\u00e1rio do que o termo pode sugerir, n\u00e3o se trata de invas\u00f5es com naves ou armas orbitais. A amea\u00e7a \u00e9 mais silenciosa e sofisticada. <\/p>\n\n\n\n<p>S\u00e3o invas\u00f5es cibern\u00e9ticas, interfer\u00eancia em sinais ou mesmo sabotagem f\u00edsica de <a href=\"https:\/\/diariodepernambuco.com.br\/dpmais\/ja-existem-naves-alienigenas-no-nosso-sistema-solar-cientista-propoe-como-provar\/\" target=\"_blank\" rel=\"noopener\"><strong>sat\u00e9lites<\/strong><\/a> por meio de equipamentos lan\u00e7ados em \u00f3rbita. <\/p>\n\n\n\n<p>Um \u00fanico sat\u00e9lite comprometido pode interromper sistemas de navega\u00e7\u00e3o, comunica\u00e7\u00f5es, opera\u00e7\u00f5es banc\u00e1rias, vigil\u00e2ncia militar e servi\u00e7os meteorol\u00f3gicos. <\/p>\n\n\n\n<p>Em outras palavras, um ataque bem-sucedido pode gerar caos econ\u00f4mico, militar e social, tudo isso sem que uma \u00fanica bomba seja lan\u00e7ada.<\/p>\n\n\n\n<p>Entre os casos registrados, destaca-se o incidente de 1999, quando hackers teriam invadido o sat\u00e9lite militar brit\u00e2nico Skynet e exigido resgate. Anos depois, em 2022, o grupo NB65, ligado ao Anonymous, afirmou ter tomado o controle de sat\u00e9lites russos em protesto contra a guerra na Ucr\u00e2nia. <\/p>\n\n\n\n<p>Embora os danos desses epis\u00f3dios tenham sido limitados, eles escancaram uma falha grave na seguran\u00e7a espacial e demonstram a crescente capacidade de agentes n\u00e3o estatais de comprometer estruturas estrat\u00e9gicas a partir do espa\u00e7o.<\/p>\n\n\n\n<h3 class=\"wp-block-heading\">Ainda n\u00e3o h\u00e1 regras espec\u00edficas sobre ataques terroristas no espa\u00e7o<\/h3>\n\n\n\n<p>Apesar da urg\u00eancia, o arcabou\u00e7o legal internacional segue atrasado. O Tratado do Espa\u00e7o Exterior de 1967, que ainda rege a atividade espacial, n\u00e3o prev\u00ea a\u00e7\u00f5es de grupos terroristas nem define responsabilidades claras em caso de sabotagem. <\/p>\n\n\n\n<p>Para evitar que o espa\u00e7o se torne um novo campo de conflito, especialistas defendem a cria\u00e7\u00e3o de normas globais espec\u00edficas, protocolos de notifica\u00e7\u00e3o de incidentes e maior coopera\u00e7\u00e3o entre pa\u00edses e empresas privadas. <\/p>\n\n\n\n<p>Ignorar esse problema pode significar permitir que o pr\u00f3ximo grande ataque terrorista comece longe dos olhos, diretamente do espa\u00e7o.<\/p>\n\n\n\n<p><\/p>\n","protected":false},"excerpt":{"rendered":"<p>Ataques terroristas com origem no espa\u00e7o, antes vistos como obra de fic\u00e7\u00e3o cient\u00edfica, j\u00e1 s\u00e3o uma realidade, e os governos ao redor do mundo ainda n\u00e3o sabem como enfrent\u00e1-los. Desde o fim da d\u00e9cada de 1990, h\u00e1 registros e den\u00fancias de interfer\u00eancias maliciosas em sat\u00e9lites de pa\u00edses como Reino Unido e R\u00fassia. Esses epis\u00f3dios levantam [&hellip;]<\/p>\n","protected":false},"author":12,"featured_media":8890,"comment_status":"open","ping_status":"open","sticky":false,"template":"","format":"standard","meta":{"jnews-multi-image_gallery":[],"jnews_single_post":{"format":"standard"},"jnews_primary_category":[],"jnews_social_meta":[],"jnews_post_split":[],"footnotes":""},"categories":[1],"tags":[],"class_list":["post-8889","post","type-post","status-publish","format-standard","has-post-thumbnail","hentry","category-uncategorized"],"_links":{"self":[{"href":"https:\/\/diariodepernambuco.audiencelabs.com.br\/wp-json\/wp\/v2\/posts\/8889","targetHints":{"allow":["GET"]}}],"collection":[{"href":"https:\/\/diariodepernambuco.audiencelabs.com.br\/wp-json\/wp\/v2\/posts"}],"about":[{"href":"https:\/\/diariodepernambuco.audiencelabs.com.br\/wp-json\/wp\/v2\/types\/post"}],"author":[{"embeddable":true,"href":"https:\/\/diariodepernambuco.audiencelabs.com.br\/wp-json\/wp\/v2\/users\/12"}],"replies":[{"embeddable":true,"href":"https:\/\/diariodepernambuco.audiencelabs.com.br\/wp-json\/wp\/v2\/comments?post=8889"}],"version-history":[{"count":1,"href":"https:\/\/diariodepernambuco.audiencelabs.com.br\/wp-json\/wp\/v2\/posts\/8889\/revisions"}],"predecessor-version":[{"id":8892,"href":"https:\/\/diariodepernambuco.audiencelabs.com.br\/wp-json\/wp\/v2\/posts\/8889\/revisions\/8892"}],"wp:featuredmedia":[{"embeddable":true,"href":"https:\/\/diariodepernambuco.audiencelabs.com.br\/wp-json\/wp\/v2\/media\/8890"}],"wp:attachment":[{"href":"https:\/\/diariodepernambuco.audiencelabs.com.br\/wp-json\/wp\/v2\/media?parent=8889"}],"wp:term":[{"taxonomy":"category","embeddable":true,"href":"https:\/\/diariodepernambuco.audiencelabs.com.br\/wp-json\/wp\/v2\/categories?post=8889"},{"taxonomy":"post_tag","embeddable":true,"href":"https:\/\/diariodepernambuco.audiencelabs.com.br\/wp-json\/wp\/v2\/tags?post=8889"}],"curies":[{"name":"wp","href":"https:\/\/api.w.org\/{rel}","templated":true}]}}