{"id":8893,"date":"2025-11-12T06:14:00","date_gmt":"2025-11-12T09:14:00","guid":{"rendered":"https:\/\/diariodepernambuco.audiencelabs.com.br\/?p=8893"},"modified":"2025-11-12T10:48:08","modified_gmt":"2025-11-12T13:48:08","slug":"lei-aprovada-beira-o-absurdo-e-proibe-a-populacao-de-dar-risada-em-dias-especificos-nesse-pais","status":"publish","type":"post","link":"https:\/\/diariodepernambuco.audiencelabs.com.br\/lei-aprovada-beira-o-absurdo-e-proibe-a-populacao-de-dar-risada-em-dias-especificos-nesse-pais\/","title":{"rendered":"Lei aprovada beira o absurdo e pro\u00edbe a popula\u00e7\u00e3o de dar risada em dias espec\u00edficos nesse pa\u00eds"},"content":{"rendered":"\n<p>Em pleno s\u00e9culo XXI, uma lei ainda em vigor pro\u00edbe que a popula\u00e7\u00e3o de um pa\u00eds inteiro d\u00ea risada, se divirta ou dance em determinadas datas do ano. <\/p>\n\n\n\n<p>O que parece piada de mau gosto \u00e9, na verdade, uma regra s\u00e9ria e estritamente cumprida em um dos regimes mais autorit\u00e1rios e isolados do planeta. <\/p>\n\n\n\n<p>Nessas datas, qualquer demonstra\u00e7\u00e3o de alegria pode ser vista como um desrespeito \u00e0 mem\u00f3ria de um l\u00edder pol\u00edtico considerado sagrado pelo governo local. <\/p>\n\n\n\n<p>O cen\u00e1rio \u00e9 t\u00e3o extremo que cantar em p\u00fablico, consumir bebidas alco\u00f3licas ou simplesmente sorrir pode resultar em puni\u00e7\u00f5es severas.<\/p>\n\n\n\n<h2 class=\"wp-block-heading\">Lei aprovada beira o absurdo e pro\u00edbe a popula\u00e7\u00e3o de dar risada em dias espec\u00edficos nesse pa\u00eds<\/h2>\n\n\n<style>@media (min-width: 992px) {\n    .recomendadorV2Area1 {\n        width: 280px;\n    }\n    .recomendadorV2Area2 {\n        padding: 0px 20px;\n        width: calc(100% - 280px);\n    }\n}\n\n@media (max-width: 992px) {\n    .recomendadorV2Button {\n        margin: 0 auto;\n    }\n    .recomendadorV2Area {\n        flex-direction: column;\n        text-align: center;\n    }\n    .recomendadorV2Area2 {\n        padding: 0px 20px;\n    }\n}\n\n.recomendadorV2Area {\n    background: #eeeeee3d;\n    border-radius: 10px;\n    padding: 15px;\n    display: flex;\n    margin: 15px auto;\n    border: 1px solid #00000014;\n    max-width: 800px;\n}\n\n.recomendadorV2Area1 img {\n    width: 280px;\n    height: auto;\n    border-radius: 8px;\n}\n\n.linkrecomendadorv2 {\n    text-decoration: none !important;\n}\n\n.recomendadorV2Area2 .recomendadorV2Type {\n    text-transform: uppercase;\n    font-weight: 500;\n    font-size: 11px;\n    letter-spacing: 2px;\n    color: #666;\n    margin: 12px 0;\n    display: block;\n}\n\n.recomendadorV2Title h2 {\n    padding-top: 0px !important;\n    margin: 0px !important;\n    border-left: none !important;\n    padding-left: 0px !important;\n    line-height: 1.3;\n    color: #000 !important;\n    font-size: 24px;\n    margin-bottom: 12px !important;\n}\n\n.recomendadorV2Desc {\n    color: #333;\n    margin: 12px 0px !important;\n    font-size: 15px;\n    line-height: 1.5;\n}\n\n.recomendadorV2Button {\n    width: auto;\n    max-width: 200px;\n    margin: 0;\n    display: inline-flex;\n    align-items: center;\n    background: #1D3557;\n    border-radius: 8px;\n    color: #fff;\n    height: 36px;\n    justify-content: center;\n    text-align: center;\n    font-size: 14px;\n    padding: 0 20px;\n    transition: background-color 0.2s ease;\n}\n\n.recomendadorV2Button:hover {\n    background: #2a4d7a;\n}\n\n.recomendadorV2Button:after {\n    margin-top: -2px;\n    content: \"\u2192\";\n    padding: 0px 0px 0px 8px;\n}\n\n.recomendadorV2Alert {\n    text-align: left;\n    font-size: 11px;\n    margin-top: 8px;\n    color: #666;\n}\n\n.recomendadorFixedArea {\n    width: 100%;\n    display: flex;\n    justify-content: center;\n    align-items: center;\n}\n\n@media (min-width: 992px) {\n    #recomendadorFixed {\n        width: 32% !important;\n        left: 5%;\n    }\n    .recomendadorCloseFixed{\n        right: inherit !important;\n        left: 378px !important;\n    }\n}\n\n#recomendadorFixed {\n    width: 90%;\n    box-shadow: 0 10px 20px 0px #00000057;\n    display: none;\n    height: 90px;\n    background: #F6F6F6;\n    position: fixed;\n    flex-direction: row;\n    bottom: 10px;\n    z-index: 9999;\n    border-radius: 16px;\n    padding: 7px 10px;\n}\n\n.recomendadorLeftArea {\n    width: 160px;\n}\n\n.recomendadorRightArea h2 {\n    padding-top: 0px;\n    margin: 2px 0px 4px 0px !important;\n    font-weight: 400;\n    text-align: center;\n    padding-left: 0px !important;\n    color: #000 !important;\n    border-left: none !important;\n    line-height: 20px;\n    font-size: 12px !important;\n}\n\n.recomendadorImgFixed {\n    overflow: hidden;\n    padding: 8px 6px;\n    height: 100%;\n}\n\n.recomendadorImgFixed img {\n    height: 100% !important;\n    border-radius: 16px;\n}\n\n.recomendadorRightArea {\n    padding-top: 6px;\n    display: flex;\n    width: calc(100% - 130px);\n    justify-content: space-between;\n    align-items: center;\n    flex-direction: column;\n}\n\n.recomendadorButtonFixed {\n    margin: 0 auto;\n    background: #1D3557;\n    width: 80%;\n    text-align: center;\n    font-size: 10px;\n    color: #FFF;\n    padding: 2px 10px;\n    border-radius: 3px;\n}\n\n.recomendadorButtonFixed:after {\n    margin-top: -3px;\n    content: \"\u2192\";\n    padding: 0px 0px 0px 10px;\n}\n\n.recomendadorAlertFixed {\n    font-weight: 400;\n    text-align: center;\n    color: #484848;\n    font-size: 8px;\n}\n\n.recomendadorCloseFixed {\n    z-index: 99999;\n    display: none;\n    right: 0px;\n    left: inherit;\n    bottom: 99px;\n    position: fixed;\n    justify-content: center;\n    background: #F6F6F6;\n    width: 25px;\n    align-items: center;\n    height: 25px;\n    font-weight: 800;\n    border-radius: 50%;\n    border: 1px solid #EBEBEB;\n}\n\n.recomendadorV2Desc{\n    color: #000000;\n    margin: 20px 0px;\n}\n\n@media (max-width: 576px) {\n    .recomendadorV2Area {\n      padding: 10px;\n      max-width: 100%;\n    }\n  \n    .recomendadorV2Area1 img {\n      width: 100%;\n      border-radius: 6px;\n    }\n  \n    .recomendadorV2Area2 .recomendadorV2Type {\n      font-size: 9px;\n      letter-spacing: 1px;\n      margin: 8px 0;\n    }\n  \n    .recomendadorV2Title h2 {\n      font-size: 18px !important;\n      margin-bottom: 8px !important;\n      line-height: 1.2;\n    }\n  \n    .recomendadorV2Desc {\n      font-size: 14px;\n      margin: 8px 0 !important;\n      line-height: 1.4;\n    }\n  \n    .recomendadorV2Button {\n      font-size: 12px;\n      height: 30px;\n      padding: 0 12px;\n      max-width: 160px;\n    }\n  \n    .recomendadorV2Button:after {\n      padding-left: 6px;\n    }\n  }\n  <\/style>\n        <div class=\"lazyblock-recomendador-v2-2jDGz wp-block-lazyblock-recomendador-v2\">\n        <a class=\"linkrecomendadorv2\" href=\"https:\/\/diariodepernambuco.com.br\/dpmais\/mudanca-na-lei-permite-que-funcionario-falte-ao-trabalho-para-ir-ao-medico-sem-precisar-de-atestado-neste-pais\/?utm_source=lazy\" target=\"_blank\" rel=\"noopener\">\n            <div class=\"recomendadorV2Area\">\n            <div class=\"recomendadorV2Area1\">\n                <div class=\"recomendadorV2Img\">\n                <img class=\"lazyloaded\" decoding=\"async\" src=\"https:\/\/diariodepernambuco.audiencelabs.com.br\/wp-content\/uploads\/2025\/11\/Lei-Trabalho-1-scaled.jpg\" data-src=\"https:\/\/diariodepernambuco.audiencelabs.com.br\/wp-content\/uploads\/2025\/11\/Lei-Trabalho-1-scaled.jpg\" alt=\"\">\n                <\/div>\n            <\/div>\n            <div class=\"recomendadorV2Area2\">\n                <div class=\"recomendadorV2Type\">\n                    <span>lei trabalhista<\/span>\n                <\/div>\n                <div class=\"recomendadorV2Title\">\n                <h2><span>Falta sem atestado \ud83d\udc69\u200d\u2695\ufe0f<\/span><\/h2>\n                <\/div>\n                <div class=\"recomendadorV2Desc\">\n                <span>Veja onde a nova regra j\u00e1 vale!<\/span>\n                <\/div>\n                <div class=\"recomendadorV2Button\">Leia mais<\/div>\n                <div class=\"recomendadorV2Alert\"><\/div>\n            <\/div>\n            <\/div>\n        <\/a>\n        <div>\n            <div style=\"z-index:99999;\" id=\"buttonClose\" onclick=\"closeRecomendadorFixed()\">\n            <div class=\"recomendadorCloseFixed\">X<\/div>\n            <\/div>\n            <a href=\"https:\/\/diariodepernambuco.com.br\/dpmais\/mudanca-na-lei-permite-que-funcionario-falte-ao-trabalho-para-ir-ao-medico-sem-precisar-de-atestado-neste-pais\/?utm_source=lazy\" target=\"_blank\" rel=\"noopener\">\n            <div class=\"recomendadorFixedArea\">\n                <div id=\"recomendadorFixed\">\n                <div class=\"recomendadorLeftArea\">\n                    <div class=\"recomendadorImgFixed\">\n                    <img class=\"lazyload\" decoding=\"async\" src=\"https:\/\/diariodepernambuco.audiencelabs.com.br\/wp-content\/uploads\/2025\/11\/Lei-Trabalho-1-scaled.jpg\" alt=\"\">\n                    <\/div>\n                <\/div>\n                <div class=\"recomendadorRightArea\">\n                    <div class=\"recomendadorTitleFixed\">\n                    <h2><span>Falta sem atestado \ud83d\udc69\u200d\u2695\ufe0f<\/span><\/h2>\n                    <\/div>\n                    <div class=\"recomendadorButtonFixed\">Leia mais<\/div>\n                    <div class=\"recomendadorAlertFixed\"><\/div>\n                <\/div>\n                <\/div>\n            <\/div>\n            <\/a>\n        <\/div>\n        <\/div>\n\n\n\n<p>Essa realidade acontece na Coreia do Norte. Nos dias 8 de julho e 15 de abril, o pa\u00eds vive um clima de luto oficial. O motivo: homenagear Kim Il-sung, o fundador da Rep\u00fablica Popular Democr\u00e1tica da Coreia, que comandou o pa\u00eds com m\u00e3o de ferro por quase meio s\u00e9culo. <\/p>\n\n\n\n<p>Essas datas marcam, respectivamente, o dia de sua morte, em 1994, e seu nascimento, em 1912. <\/p>\n\n\n\n<p>Nesses dias, os cidad\u00e3os s\u00e3o obrigados a demonstrar respeito absoluto. Toda forma de divers\u00e3o est\u00e1 proibida: nada de festas, risadas, m\u00fasica ou qualquer atitude considerada desrespeitosa. At\u00e9 mesmo o tom de voz em locais p\u00fablicos deve ser contido.<\/p>\n\n\n\n<p>A legisla\u00e7\u00e3o que pro\u00edbe a risada n\u00e3o est\u00e1 escrita em c\u00f3digos acess\u00edveis, mas faz parte do sistema de controle social e doutrina\u00e7\u00e3o que rege o pa\u00eds. <\/p>\n\n\n\n<p>A popula\u00e7\u00e3o \u00e9 instru\u00edda desde cedo a tratar Kim Il-sung como uma figura quase divina. Retratos seus ocupam lugar de destaque em casas, escolas e pr\u00e9dios p\u00fablicos. <\/p>\n\n\n\n<p>Em cada anivers\u00e1rio ou data de sua morte, milh\u00f5es de norte-coreanos s\u00e3o convocados a visitar monumentos erguidos em sua homenagem, levando flores e prestando rever\u00eancia diante de suas est\u00e1tuas. Mais de 34 mil delas est\u00e3o espalhadas pelo territ\u00f3rio nacional.<\/p>\n\n\n\n<h3 class=\"wp-block-heading\">Risada \u00e9 proibida na Cor\u00e9ia do Norte no dia do &#8220;presidente eterno&#8221;<\/h3>\n\n\n\n<p>Kim Il-sung \u00e9 visto pelo regime como o \u201cpresidente eterno\u201d da na\u00e7\u00e3o. Durante a ocupa\u00e7\u00e3o japonesa na pen\u00ednsula coreana, ele ganhou destaque como guerrilheiro. <\/p>\n\n\n\n<p>Ap\u00f3s a Segunda Guerra Mundial, com o apoio da Uni\u00e3o Sovi\u00e9tica, assumiu o controle do norte da pen\u00ednsula e instaurou um governo comunista. Em 1950, ordenou a invas\u00e3o da <a href=\"https:\/\/diariodepernambuco.com.br\/dpmais\/onde-e-quando-sera-o-sorteio-da-copa-do-mundo-de-2026\/\" target=\"_blank\" rel=\"noopener\"><strong>Coreia do Sul<\/strong><\/a>, iniciando a Guerra da Coreia. <\/p>\n\n\n\n<p>Seu legado, embora marcado por conflitos,<a href=\"https:\/\/www.asianstudies.org\/publications\/eaa\/archives\/north-koreas-1990s-famine-in-historical-perspective\/\" target=\"_blank\" rel=\"noopener\"><strong> fome na d\u00e9cada de 90<\/strong><\/a> e isolamento que dura at\u00e9 hoje, ainda \u00e9 tratado com devo\u00e7\u00e3o pelo regime atual, liderado por seu neto, Kim Jong-un. <\/p>\n\n\n\n<p>Assim, mesmo d\u00e9cadas ap\u00f3s sua morte, Kim Il-sung continua a silenciar risadas em seu pa\u00eds.<\/p>\n\n\n\n<p><\/p>\n","protected":false},"excerpt":{"rendered":"<p>Em pleno s\u00e9culo XXI, uma lei ainda em vigor pro\u00edbe que a popula\u00e7\u00e3o de um pa\u00eds inteiro d\u00ea risada, se divirta ou dance em determinadas datas do ano. O que parece piada de mau gosto \u00e9, na verdade, uma regra s\u00e9ria e estritamente cumprida em um dos regimes mais autorit\u00e1rios e isolados do planeta. Nessas [&hellip;]<\/p>\n","protected":false},"author":12,"featured_media":8910,"comment_status":"open","ping_status":"open","sticky":false,"template":"","format":"standard","meta":{"jnews-multi-image_gallery":[],"jnews_single_post":{"format":"standard"},"jnews_primary_category":[],"jnews_social_meta":[],"jnews_post_split":[],"footnotes":""},"categories":[1],"tags":[],"class_list":["post-8893","post","type-post","status-publish","format-standard","has-post-thumbnail","hentry","category-uncategorized"],"_links":{"self":[{"href":"https:\/\/diariodepernambuco.audiencelabs.com.br\/wp-json\/wp\/v2\/posts\/8893","targetHints":{"allow":["GET"]}}],"collection":[{"href":"https:\/\/diariodepernambuco.audiencelabs.com.br\/wp-json\/wp\/v2\/posts"}],"about":[{"href":"https:\/\/diariodepernambuco.audiencelabs.com.br\/wp-json\/wp\/v2\/types\/post"}],"author":[{"embeddable":true,"href":"https:\/\/diariodepernambuco.audiencelabs.com.br\/wp-json\/wp\/v2\/users\/12"}],"replies":[{"embeddable":true,"href":"https:\/\/diariodepernambuco.audiencelabs.com.br\/wp-json\/wp\/v2\/comments?post=8893"}],"version-history":[{"count":2,"href":"https:\/\/diariodepernambuco.audiencelabs.com.br\/wp-json\/wp\/v2\/posts\/8893\/revisions"}],"predecessor-version":[{"id":9019,"href":"https:\/\/diariodepernambuco.audiencelabs.com.br\/wp-json\/wp\/v2\/posts\/8893\/revisions\/9019"}],"wp:featuredmedia":[{"embeddable":true,"href":"https:\/\/diariodepernambuco.audiencelabs.com.br\/wp-json\/wp\/v2\/media\/8910"}],"wp:attachment":[{"href":"https:\/\/diariodepernambuco.audiencelabs.com.br\/wp-json\/wp\/v2\/media?parent=8893"}],"wp:term":[{"taxonomy":"category","embeddable":true,"href":"https:\/\/diariodepernambuco.audiencelabs.com.br\/wp-json\/wp\/v2\/categories?post=8893"},{"taxonomy":"post_tag","embeddable":true,"href":"https:\/\/diariodepernambuco.audiencelabs.com.br\/wp-json\/wp\/v2\/tags?post=8893"}],"curies":[{"name":"wp","href":"https:\/\/api.w.org\/{rel}","templated":true}]}}