{"id":8933,"date":"2025-11-12T20:45:00","date_gmt":"2025-11-12T23:45:00","guid":{"rendered":"https:\/\/diariodepernambuco.audiencelabs.com.br\/?p=8933"},"modified":"2025-11-11T15:01:57","modified_gmt":"2025-11-11T18:01:57","slug":"proximo-feriado-de-novembro-quando-vai-acontecer","status":"publish","type":"post","link":"https:\/\/diariodepernambuco.audiencelabs.com.br\/proximo-feriado-de-novembro-quando-vai-acontecer\/","title":{"rendered":"Pr\u00f3ximo feriado de novembro: quando vai acontecer?"},"content":{"rendered":"\n<p>Com novembro de 2025 pr\u00f3ximo de entrar na sua segunda metade, muitos brasileiros j\u00e1 come\u00e7am a contar os dias para os pr\u00f3ximos feriados no calend\u00e1rio. <\/p>\n\n\n\n<p>A reta final do ano costuma ser marcada por celebra\u00e7\u00f5es, confraterniza\u00e7\u00f5es e, claro, expectativa de descanso. O que poucos sabem, por\u00e9m, \u00e9 que ainda restam tr\u00eas datas oficiais de folga at\u00e9 o fim de dezembro, e a pr\u00f3xima delas est\u00e1 mais pr\u00f3xima do que parece.<\/p>\n\n\n\n<h2 class=\"wp-block-heading\">Pr\u00f3ximo feriado de novembro: quando vai acontecer?<\/h2>\n\n\n\n<p>O feriado mais pr\u00f3ximo \u00e9 o da <strong>Proclama\u00e7\u00e3o da Rep\u00fablica<\/strong>, que ser\u00e1 celebrado em <strong>15 de novembro<\/strong>, um s\u00e1bado. Por cair no fim de semana, essa data n\u00e3o trar\u00e1 impacto direto na rotina da maioria dos trabalhadores, j\u00e1 que n\u00e3o resultar\u00e1 em uma pausa extra durante a semana. <\/p>\n\n\n\n<p>Ainda assim, trata-se de um dos principais marcos do calend\u00e1rio c\u00edvico nacional, lembrando o fim do regime mon\u00e1rquico e a instaura\u00e7\u00e3o da rep\u00fablica no Brasil, em 1889.<\/p>\n\n\n\n<p>Logo na sequ\u00eancia, o m\u00eas reserva uma novidade que promete animar muitos brasileiros: o <strong>Dia da Consci\u00eancia Negra<\/strong>, celebrado em <strong>20 de novembro<\/strong>, cair\u00e1 em uma <strong>quinta-feira<\/strong> em 2025. <\/p>\n\n\n\n<p>Este ano marca a segunda vez em que a data ser\u00e1 considerada feriado em todo o territ\u00f3rio nacional, gra\u00e7as \u00e0 <strong><a href=\"https:\/\/www.planalto.gov.br\/ccivil_03\/_ato2023-2026\/2023\/lei\/l14759.htm\" target=\"_blank\" rel=\"noopener\">Lei n\u00ba 14.759<\/a><\/strong>, sancionada em dezembro de 2023. Antes disso, a folga dependia da ades\u00e3o de estados e munic\u00edpios.<\/p>\n\n\n\n<p>Com a nova legisla\u00e7\u00e3o em vigor, trabalhadores de diferentes setores agora poder\u00e3o desfrutar de uma folga oficial. <\/p>\n\n\n\n<p>E como o feriado ocorre em uma quinta, h\u00e1 a possibilidade de \u201c<a href=\"https:\/\/diariodepernambuco.com.br\/dpmais\/lei-em-vigor-traz-otima-noticia-sobre-feriado-prolongado-no-brasil\/\" target=\"_blank\" rel=\"noopener\"><strong>emendar<\/strong><\/a>\u201d a sexta-feira, criando um fim de semana prolongado, desde que a empresa ou \u00f3rg\u00e3o p\u00fablico autorize o ponto facultativo ou a compensa\u00e7\u00e3o de horas. <\/p>\n\n\n\n<p>Esse cen\u00e1rio deve se repetir em muitas reparti\u00e7\u00f5es p\u00fablicas, que tradicionalmente adotam esquemas de plant\u00e3o nesses casos.<\/p>\n\n\n\n<h3 class=\"wp-block-heading\">Dezembro deve ter feriado e pontos facultativos<\/h3>\n\n\n\n<p>Ap\u00f3s o feriado de 20 de novembro, restam apenas as pausas associadas ao <strong>Natal<\/strong> e ao <strong>Ano-Novo<\/strong>. <\/p>\n\n\n\n<p>O dia <strong>25 de dezembro<\/strong>, uma quinta-feira, \u00e9 feriado nacional. <\/p>\n\n\n\n<p>J\u00e1 as <strong>v\u00e9speras de Natal e R\u00e9veillon<\/strong>, nos dias <strong>24 e 31<\/strong>, s\u00e3o consideradas <strong>ponto facultativo ap\u00f3s as 14h<\/strong>, o que significa que a libera\u00e7\u00e3o depende de cada \u00f3rg\u00e3o ou empresa.<\/p>\n\n\n\n<p>Portanto, para quem j\u00e1 pensa em desacelerar antes das festas, novembro ainda guarda chances reais de descanso e, com sorte, at\u00e9 um feriad\u00e3o.<\/p>\n\n\n\n<p><\/p>\n","protected":false},"excerpt":{"rendered":"<p>Com novembro de 2025 pr\u00f3ximo de entrar na sua segunda metade, muitos brasileiros j\u00e1 come\u00e7am a contar os dias para os pr\u00f3ximos feriados no calend\u00e1rio. A reta final do ano costuma ser marcada por celebra\u00e7\u00f5es, confraterniza\u00e7\u00f5es e, claro, expectativa de descanso. O que poucos sabem, por\u00e9m, \u00e9 que ainda restam tr\u00eas datas oficiais de folga [&hellip;]<\/p>\n","protected":false},"author":12,"featured_media":8934,"comment_status":"open","ping_status":"open","sticky":false,"template":"","format":"standard","meta":{"jnews-multi-image_gallery":[],"jnews_single_post":{"format":"standard"},"jnews_primary_category":[],"jnews_social_meta":[],"jnews_post_split":[],"footnotes":""},"categories":[1],"tags":[],"class_list":["post-8933","post","type-post","status-publish","format-standard","has-post-thumbnail","hentry","category-uncategorized"],"_links":{"self":[{"href":"https:\/\/diariodepernambuco.audiencelabs.com.br\/wp-json\/wp\/v2\/posts\/8933","targetHints":{"allow":["GET"]}}],"collection":[{"href":"https:\/\/diariodepernambuco.audiencelabs.com.br\/wp-json\/wp\/v2\/posts"}],"about":[{"href":"https:\/\/diariodepernambuco.audiencelabs.com.br\/wp-json\/wp\/v2\/types\/post"}],"author":[{"embeddable":true,"href":"https:\/\/diariodepernambuco.audiencelabs.com.br\/wp-json\/wp\/v2\/users\/12"}],"replies":[{"embeddable":true,"href":"https:\/\/diariodepernambuco.audiencelabs.com.br\/wp-json\/wp\/v2\/comments?post=8933"}],"version-history":[{"count":2,"href":"https:\/\/diariodepernambuco.audiencelabs.com.br\/wp-json\/wp\/v2\/posts\/8933\/revisions"}],"predecessor-version":[{"id":8937,"href":"https:\/\/diariodepernambuco.audiencelabs.com.br\/wp-json\/wp\/v2\/posts\/8933\/revisions\/8937"}],"wp:featuredmedia":[{"embeddable":true,"href":"https:\/\/diariodepernambuco.audiencelabs.com.br\/wp-json\/wp\/v2\/media\/8934"}],"wp:attachment":[{"href":"https:\/\/diariodepernambuco.audiencelabs.com.br\/wp-json\/wp\/v2\/media?parent=8933"}],"wp:term":[{"taxonomy":"category","embeddable":true,"href":"https:\/\/diariodepernambuco.audiencelabs.com.br\/wp-json\/wp\/v2\/categories?post=8933"},{"taxonomy":"post_tag","embeddable":true,"href":"https:\/\/diariodepernambuco.audiencelabs.com.br\/wp-json\/wp\/v2\/tags?post=8933"}],"curies":[{"name":"wp","href":"https:\/\/api.w.org\/{rel}","templated":true}]}}