{"id":8970,"date":"2025-12-24T08:30:00","date_gmt":"2025-12-24T11:30:00","guid":{"rendered":"https:\/\/diariodepernambuco.audiencelabs.com.br\/?p=8970"},"modified":"2025-11-11T18:07:07","modified_gmt":"2025-11-11T21:07:07","slug":"se-voce-estala-os-dedos-com-frequencia-precisa-saber-disso-agora-mesmo","status":"publish","type":"post","link":"https:\/\/diariodepernambuco.audiencelabs.com.br\/se-voce-estala-os-dedos-com-frequencia-precisa-saber-disso-agora-mesmo\/","title":{"rendered":"Se voc\u00ea estala os dedos com frequ\u00eancia, precisa saber disso agora mesmo"},"content":{"rendered":"\n<p>Se voc\u00ea costuma estalar os dedos com frequ\u00eancia, \u00e9 hora de prestar aten\u00e7\u00e3o: a a\u00e7\u00e3o pode revelar mais do que apenas um h\u00e1bito curioso. Estudos mostram que esse tipo de movimento repetitivo pode estar ligado a fatores emocionais e psicol\u00f3gicos, como ansiedade ou tens\u00e3o acumulada.<\/p>\n\n\n\n<p>De acordo com especialistas, o ato de estalar os dedos repetidamente pode funcionar como uma v\u00e1lvula de escape para aliviar o estresse, funcionando de forma semelhante a outros comportamentos autom\u00e1ticos, como roer as unhas ou balan\u00e7ar as pernas.<\/p>\n\n\n\n<p>Embora, na maioria dos casos, o h\u00e1bito n\u00e3o represente um risco f\u00edsico grave, ele pode ser um indicativo de que a pessoa est\u00e1 lidando com n\u00edveis elevados de ansiedade ou inquieta\u00e7\u00e3o emocional. Psic\u00f3logos explicam que esses pequenos gestos autom\u00e1ticos ajudam o corpo a liberar a tens\u00e3o acumulada, proporcionando uma sensa\u00e7\u00e3o moment\u00e2nea de al\u00edvio.<\/p>\n\n\n\n<p>No entanto, quando o comportamento se torna constante ou come\u00e7a a causar desconforto, pode ser um sinal de que \u00e9 hora de buscar maneiras mais saud\u00e1veis de lidar com o estresse, como praticar exerc\u00edcios de respira\u00e7\u00e3o, medita\u00e7\u00e3o ou at\u00e9 acompanhamento terap\u00eautico.<\/p>\n\n\n\n<h2 class=\"wp-block-heading\">O que o h\u00e1bito de estalar os dedos revela sobre suas emo\u00e7\u00f5es<\/h2>\n\n\n\n<p>Estalar os dedos com frequ\u00eancia pode parecer algo inofensivo, mas, segundo a psicologia, o comportamento pode refletir a necessidade inconsciente de aliviar a tens\u00e3o emocional. Em situa\u00e7\u00f5es de estresse, nervosismo ou impaci\u00eancia, o c\u00e9rebro busca formas autom\u00e1ticas de liberar energia acumulada.<\/p>\n\n\n\n<p>Por isso, o ato de estalar as articula\u00e7\u00f5es pode ser mais um reflexo do estado mental do que uma simples mania corporal. Al\u00e9m do aspecto psicol\u00f3gico, o h\u00e1bito constante pode gerar inc\u00f4modo f\u00edsico se for feito de forma exagerada, especialmente em quem j\u00e1 tem hist\u00f3rico de inflama\u00e7\u00f5es nas articula\u00e7\u00f5es.<\/p>\n","protected":false},"excerpt":{"rendered":"<p>Se voc\u00ea costuma estalar os dedos com frequ\u00eancia, \u00e9 hora de prestar aten\u00e7\u00e3o: a a\u00e7\u00e3o pode revelar mais do que apenas um h\u00e1bito curioso. Estudos mostram que esse tipo de movimento repetitivo pode estar ligado a fatores emocionais e psicol\u00f3gicos, como ansiedade ou tens\u00e3o acumulada. De acordo com especialistas, o ato de estalar os dedos [&hellip;]<\/p>\n","protected":false},"author":4,"featured_media":8972,"comment_status":"open","ping_status":"open","sticky":false,"template":"","format":"standard","meta":{"jnews-multi-image_gallery":[],"jnews_single_post":{"format":"standard"},"jnews_primary_category":[],"jnews_social_meta":[],"jnews_post_split":[],"footnotes":""},"categories":[1],"tags":[],"class_list":["post-8970","post","type-post","status-publish","format-standard","has-post-thumbnail","hentry","category-uncategorized"],"_links":{"self":[{"href":"https:\/\/diariodepernambuco.audiencelabs.com.br\/wp-json\/wp\/v2\/posts\/8970","targetHints":{"allow":["GET"]}}],"collection":[{"href":"https:\/\/diariodepernambuco.audiencelabs.com.br\/wp-json\/wp\/v2\/posts"}],"about":[{"href":"https:\/\/diariodepernambuco.audiencelabs.com.br\/wp-json\/wp\/v2\/types\/post"}],"author":[{"embeddable":true,"href":"https:\/\/diariodepernambuco.audiencelabs.com.br\/wp-json\/wp\/v2\/users\/4"}],"replies":[{"embeddable":true,"href":"https:\/\/diariodepernambuco.audiencelabs.com.br\/wp-json\/wp\/v2\/comments?post=8970"}],"version-history":[{"count":2,"href":"https:\/\/diariodepernambuco.audiencelabs.com.br\/wp-json\/wp\/v2\/posts\/8970\/revisions"}],"predecessor-version":[{"id":8974,"href":"https:\/\/diariodepernambuco.audiencelabs.com.br\/wp-json\/wp\/v2\/posts\/8970\/revisions\/8974"}],"wp:featuredmedia":[{"embeddable":true,"href":"https:\/\/diariodepernambuco.audiencelabs.com.br\/wp-json\/wp\/v2\/media\/8972"}],"wp:attachment":[{"href":"https:\/\/diariodepernambuco.audiencelabs.com.br\/wp-json\/wp\/v2\/media?parent=8970"}],"wp:term":[{"taxonomy":"category","embeddable":true,"href":"https:\/\/diariodepernambuco.audiencelabs.com.br\/wp-json\/wp\/v2\/categories?post=8970"},{"taxonomy":"post_tag","embeddable":true,"href":"https:\/\/diariodepernambuco.audiencelabs.com.br\/wp-json\/wp\/v2\/tags?post=8970"}],"curies":[{"name":"wp","href":"https:\/\/api.w.org\/{rel}","templated":true}]}}