{"id":8975,"date":"2025-12-24T09:30:00","date_gmt":"2025-12-24T12:30:00","guid":{"rendered":"https:\/\/diariodepernambuco.audiencelabs.com.br\/?p=8975"},"modified":"2025-12-12T08:02:09","modified_gmt":"2025-12-12T11:02:09","slug":"inteligencia-artificial-mostra-como-seria-o-rosto-de-famosos-se-fossem-pobres","status":"publish","type":"post","link":"https:\/\/diariodepernambuco.audiencelabs.com.br\/inteligencia-artificial-mostra-como-seria-o-rosto-de-famosos-se-fossem-pobres\/","title":{"rendered":"Intelig\u00eancia Artificial mostra como seria o rosto de famosos se fossem pobres"},"content":{"rendered":"\n<p>Vivemos numa era digital onde a Intelig\u00eancia Artificial avan\u00e7a com rapidez e criatividade \u2014 e um dos exemplos mais curiosos vem das redes sociais: ferramentas de IA que retratam celebridades como se vivessem em situa\u00e7\u00e3o de pobreza. Essas imagens virais n\u00e3o apenas divertem, mas tamb\u00e9m provocam reflex\u00f5es sobre imagem, riqueza, poder e distribui\u00e7\u00e3o.<\/p>\n\n\n\n<p>No fim das contas, a pergunta que fica \u00e9: o que isso nos revela sobre a sociedade e sobre n\u00f3s mesmos? As montagens criadas pela Intelig\u00eancia Artificial t\u00eam chamado aten\u00e7\u00e3o pela riqueza de detalhes e realismo impressionante. Celebridades mundialmente conhecidas aparecem com roupas simples, rostos marcados e cen\u00e1rios modestos.<\/p>\n\n\n\n<p>Um contraste curioso com o luxo e o glamour aos quais est\u00e3o sempre associadas. Nomes como Leonardo DiCaprio, Beyonc\u00e9 e Cristiano Ronaldo j\u00e1 foram retratados nessas vers\u00f5es \u201ccomuns\u201d, gerando milh\u00f5es de visualiza\u00e7\u00f5es e coment\u00e1rios nas redes.<\/p>\n\n\n\n<figure class=\"wp-block-embed is-type-rich is-provider-twitter wp-block-embed-twitter\"><div class=\"wp-block-embed__wrapper\">\n<blockquote class=\"twitter-tweet\" data-width=\"500\" data-dnt=\"true\"><p lang=\"pt\" dir=\"ltr\">\ud83d\udea8ASSISTA: IA mostra como seriam celebridades se vivessem sem luxo. <a href=\"https:\/\/t.co\/2w439kscJl\" target=\"_blank\">pic.twitter.com\/2w439kscJl<\/a><\/p>&mdash; CHOQUEI (@choquei) <a href=\"https:\/\/twitter.com\/choquei\/status\/1988218734369272178?ref_src=twsrc%5Etfw\" target=\"_blank\" rel=\"noopener\">November 11, 2025<\/a><\/blockquote><script async src=\"https:\/\/platform.twitter.com\/widgets.js\" charset=\"utf-8\"><\/script>\n<\/div><\/figure>\n\n\n\n<p>O objetivo por tr\u00e1s dessas cria\u00e7\u00f5es vai al\u00e9m da brincadeira est\u00e9tica. Muitos internautas enxergam nelas uma cr\u00edtica social poderosa, capaz de evidenciar como a apar\u00eancia e o status moldam a forma como enxergamos as pessoas. Ao remover os s\u00edmbolos da fama, a IA nos convida a refletir sobre empatia, desigualdade e a influ\u00eancia da imagem na constru\u00e7\u00e3o da identidade p\u00fablica.<\/p>\n\n\n\n<p>Al\u00e9m disso, essas representa\u00e7\u00f5es tamb\u00e9m levantam debates \u00e9ticos sobre o uso da Intelig\u00eancia Artificial na manipula\u00e7\u00e3o de imagens e na cria\u00e7\u00e3o de conte\u00fados hiper-realistas. Afinal, embora inofensivas \u00e0 primeira vista, montagens desse tipo mostram como a tecnologia \u00e9 capaz de alterar percep\u00e7\u00f5es e provocar discuss\u00f5es profundas sobre classe, privil\u00e9gio e humanidade.<\/p>\n\n\n\n<p><\/p>\n","protected":false},"excerpt":{"rendered":"<p>Vivemos numa era digital onde a Intelig\u00eancia Artificial avan\u00e7a com rapidez e criatividade \u2014 e um dos exemplos mais curiosos vem das redes sociais: ferramentas de IA que retratam celebridades como se vivessem em situa\u00e7\u00e3o de pobreza. Essas imagens virais n\u00e3o apenas divertem, mas tamb\u00e9m provocam reflex\u00f5es sobre imagem, riqueza, poder e distribui\u00e7\u00e3o. No fim [&hellip;]<\/p>\n","protected":false},"author":4,"featured_media":8978,"comment_status":"open","ping_status":"open","sticky":false,"template":"","format":"standard","meta":{"jnews-multi-image_gallery":[],"jnews_single_post":{"format":"standard"},"jnews_primary_category":[],"jnews_social_meta":[],"jnews_post_split":[],"footnotes":""},"categories":[1],"tags":[],"class_list":["post-8975","post","type-post","status-publish","format-standard","has-post-thumbnail","hentry","category-uncategorized"],"_links":{"self":[{"href":"https:\/\/diariodepernambuco.audiencelabs.com.br\/wp-json\/wp\/v2\/posts\/8975","targetHints":{"allow":["GET"]}}],"collection":[{"href":"https:\/\/diariodepernambuco.audiencelabs.com.br\/wp-json\/wp\/v2\/posts"}],"about":[{"href":"https:\/\/diariodepernambuco.audiencelabs.com.br\/wp-json\/wp\/v2\/types\/post"}],"author":[{"embeddable":true,"href":"https:\/\/diariodepernambuco.audiencelabs.com.br\/wp-json\/wp\/v2\/users\/4"}],"replies":[{"embeddable":true,"href":"https:\/\/diariodepernambuco.audiencelabs.com.br\/wp-json\/wp\/v2\/comments?post=8975"}],"version-history":[{"count":2,"href":"https:\/\/diariodepernambuco.audiencelabs.com.br\/wp-json\/wp\/v2\/posts\/8975\/revisions"}],"predecessor-version":[{"id":8980,"href":"https:\/\/diariodepernambuco.audiencelabs.com.br\/wp-json\/wp\/v2\/posts\/8975\/revisions\/8980"}],"wp:featuredmedia":[{"embeddable":true,"href":"https:\/\/diariodepernambuco.audiencelabs.com.br\/wp-json\/wp\/v2\/media\/8978"}],"wp:attachment":[{"href":"https:\/\/diariodepernambuco.audiencelabs.com.br\/wp-json\/wp\/v2\/media?parent=8975"}],"wp:term":[{"taxonomy":"category","embeddable":true,"href":"https:\/\/diariodepernambuco.audiencelabs.com.br\/wp-json\/wp\/v2\/categories?post=8975"},{"taxonomy":"post_tag","embeddable":true,"href":"https:\/\/diariodepernambuco.audiencelabs.com.br\/wp-json\/wp\/v2\/tags?post=8975"}],"curies":[{"name":"wp","href":"https:\/\/api.w.org\/{rel}","templated":true}]}}