{"id":8989,"date":"2025-11-12T09:04:24","date_gmt":"2025-11-12T12:04:24","guid":{"rendered":"https:\/\/diariodepernambuco.audiencelabs.com.br\/?p=8989"},"modified":"2025-11-12T10:51:32","modified_gmt":"2025-11-12T13:51:32","slug":"nova-regra-do-bolsa-familia-permite-receber-o-beneficio-ainda-em-novembro","status":"publish","type":"post","link":"https:\/\/diariodepernambuco.audiencelabs.com.br\/nova-regra-do-bolsa-familia-permite-receber-o-beneficio-ainda-em-novembro\/","title":{"rendered":"Nova regra do Bolsa Fam\u00edlia permite receber o benef\u00edcio ainda em novembro"},"content":{"rendered":"\n<p>A partir de novembro de 2025, o Governo Federal passar\u00e1 a exigir o cadastro biom\u00e9trico dos benefici\u00e1rios do Bolsa Fam\u00edlia. A iniciativa, que utiliza dados como impress\u00e3o digital e reconhecimento facial, tem o objetivo de refor\u00e7ar a seguran\u00e7a do programa, evitar fraudes e garantir que o aux\u00edlio seja destinado \u00e0s fam\u00edlias que realmente t\u00eam direito ao benef\u00edcio.<\/p>\n\n\n\n<p>O novo procedimento ser\u00e1 integrado \u00e0 base da Carteira de Identidade Nacional (CIN) e a outros sistemas oficiais, alcan\u00e7ando aproximadamente 150 milh\u00f5es de brasileiros. Sob a coordena\u00e7\u00e3o do Minist\u00e9rio do Desenvolvimento e Assist\u00eancia Social, o cadastramento seguir\u00e1 rigorosamente as diretrizes da Lei Geral de Prote\u00e7\u00e3o de Dados (LGPD).<\/p>\n\n\n\n<p>A Caixa Econ\u00f4mica Federal tamb\u00e9m integra a nova medida, utilizando sua base biom\u00e9trica para validar os pagamentos e fortalecendo o atendimento presencial em suas ag\u00eancias. De acordo com o Decreto n\u00ba 12.561\/2025, que regulamenta a implementa\u00e7\u00e3o da regra, idosos com mais de 80 anos e pessoas com mobilidade reduzida poder\u00e3o ser isentos do procedimento de cadastramento.<\/p>\n\n\n\n<h2 class=\"wp-block-heading\">Bolsa Fam\u00edlia de novembro<\/h2>\n\n\n\n<p>Os repasses do Bolsa Fam\u00edlia referentes a novembro de 2025 t\u00eam in\u00edcio nesta semana, seguindo o cronograma escalonado da Caixa. As fam\u00edlias com N\u00famero de Identifica\u00e7\u00e3o Social (NIS) final 1 ser\u00e3o as primeiras a receber o benef\u00edcio, a partir do dia 14 de novembro.<\/p>\n\n\n\n<p>O valor m\u00e9dio do Bolsa Fam\u00edlia \u00e9 de R$ 600 por fam\u00edlia, podendo aumentar conforme o perfil dos benefici\u00e1rios. Os pagamentos seguem at\u00e9 o dia 28 de novembro, de acordo com o n\u00famero final do NIS. Para ter acesso ao benef\u00edcio, \u00e9 obrigat\u00f3rio estar inscrito e manter as informa\u00e7\u00f5es atualizadas no Cadastro \u00danico (Cad\u00danico).<\/p>\n\n\n\n<p>O cadastramento \u00e9 o primeiro passo para a an\u00e1lise e inclus\u00e3o no programa. Al\u00e9m disso, as fam\u00edlias precisam cumprir as condi\u00e7\u00f5es exigidas, como a frequ\u00eancia escolar das crian\u00e7as, a atualiza\u00e7\u00e3o da carteira de vacina\u00e7\u00e3o e o acompanhamento de sa\u00fade das gestantes. O valor pode ser movimentado pelo aplicativo Caixa Tem, pelo internet banking ou sacado em casas lot\u00e9ricas e ag\u00eancias da Caixa, com o cart\u00e3o do programa.<\/p>\n\n\n\n<p><\/p>\n","protected":false},"excerpt":{"rendered":"<p>A partir de novembro de 2025, o Governo Federal passar\u00e1 a exigir o cadastro biom\u00e9trico dos benefici\u00e1rios do Bolsa Fam\u00edlia. A iniciativa, que utiliza dados como impress\u00e3o digital e reconhecimento facial, tem o objetivo de refor\u00e7ar a seguran\u00e7a do programa, evitar fraudes e garantir que o aux\u00edlio seja destinado \u00e0s fam\u00edlias que realmente t\u00eam direito [&hellip;]<\/p>\n","protected":false},"author":4,"featured_media":1522,"comment_status":"open","ping_status":"open","sticky":false,"template":"","format":"standard","meta":{"jnews-multi-image_gallery":[],"jnews_single_post":{"format":"standard"},"jnews_primary_category":[],"jnews_social_meta":[],"jnews_post_split":[],"footnotes":""},"categories":[1],"tags":[],"class_list":["post-8989","post","type-post","status-publish","format-standard","has-post-thumbnail","hentry","category-uncategorized"],"_links":{"self":[{"href":"https:\/\/diariodepernambuco.audiencelabs.com.br\/wp-json\/wp\/v2\/posts\/8989","targetHints":{"allow":["GET"]}}],"collection":[{"href":"https:\/\/diariodepernambuco.audiencelabs.com.br\/wp-json\/wp\/v2\/posts"}],"about":[{"href":"https:\/\/diariodepernambuco.audiencelabs.com.br\/wp-json\/wp\/v2\/types\/post"}],"author":[{"embeddable":true,"href":"https:\/\/diariodepernambuco.audiencelabs.com.br\/wp-json\/wp\/v2\/users\/4"}],"replies":[{"embeddable":true,"href":"https:\/\/diariodepernambuco.audiencelabs.com.br\/wp-json\/wp\/v2\/comments?post=8989"}],"version-history":[{"count":2,"href":"https:\/\/diariodepernambuco.audiencelabs.com.br\/wp-json\/wp\/v2\/posts\/8989\/revisions"}],"predecessor-version":[{"id":9024,"href":"https:\/\/diariodepernambuco.audiencelabs.com.br\/wp-json\/wp\/v2\/posts\/8989\/revisions\/9024"}],"wp:featuredmedia":[{"embeddable":true,"href":"https:\/\/diariodepernambuco.audiencelabs.com.br\/wp-json\/wp\/v2\/media\/1522"}],"wp:attachment":[{"href":"https:\/\/diariodepernambuco.audiencelabs.com.br\/wp-json\/wp\/v2\/media?parent=8989"}],"wp:term":[{"taxonomy":"category","embeddable":true,"href":"https:\/\/diariodepernambuco.audiencelabs.com.br\/wp-json\/wp\/v2\/categories?post=8989"},{"taxonomy":"post_tag","embeddable":true,"href":"https:\/\/diariodepernambuco.audiencelabs.com.br\/wp-json\/wp\/v2\/tags?post=8989"}],"curies":[{"name":"wp","href":"https:\/\/api.w.org\/{rel}","templated":true}]}}