{"id":9003,"date":"2025-11-13T12:30:00","date_gmt":"2025-11-13T15:30:00","guid":{"rendered":"https:\/\/diariodepernambuco.audiencelabs.com.br\/?p=9003"},"modified":"2025-11-12T09:52:47","modified_gmt":"2025-11-12T12:52:47","slug":"e-proibido-ter-unhas-de-gel-finalmente-vamos-te-explicar-esse-misterio","status":"publish","type":"post","link":"https:\/\/diariodepernambuco.audiencelabs.com.br\/e-proibido-ter-unhas-de-gel-finalmente-vamos-te-explicar-esse-misterio\/","title":{"rendered":"\u00c9 proibido ter unhas de gel? Finalmente vamos te explicar esse mist\u00e9rio"},"content":{"rendered":"\n<p>Nos \u00faltimos dias, voc\u00ea provavelmente se deparou com not\u00edcias sobre a proibi\u00e7\u00e3o das \u201cunhas em gel\u201d, que rapidamente se espalharam e geraram bastante repercuss\u00e3o. Para quem ainda n\u00e3o viu, o contexto \u00e9 o seguinte: a Anvisa anunciou a proibi\u00e7\u00e3o de duas subst\u00e2ncias qu\u00edmicas presentes em produtos de higiene e beleza, especialmente aqueles utilizados na aplica\u00e7\u00e3o de unhas em gel.<\/p>\n\n\n\n<p>A medida levantou questionamentos sobre a seguran\u00e7a da t\u00e9cnica e reacendeu o debate sobre seus poss\u00edveis riscos \u00e0 sa\u00fade. A decis\u00e3o da Anvisa segue uma a\u00e7\u00e3o semelhante j\u00e1 adotada pela Uni\u00e3o Europeia, com o objetivo principal de minimizar potenciais danos aos consumidores.<\/p>\n\n\n\n<p>As subst\u00e2ncias TPO (\u00f3xido de difenil-fosfina) e DMPT (N,N-dimetil-p-toluidina, tamb\u00e9m chamada de dimetiltolilamina ou DMTA), presentes em alguns esmaltes em gel e outros produtos para unhas que utilizam cura por luz UV\/LED, foram proibidas ap\u00f3s estudos indicarem poss\u00edveis efeitos t\u00f3xicos.<\/p>\n\n\n\n<p>Pesquisas apontaram que o TPO pode causar altera\u00e7\u00f5es na fertilidade, enquanto o DMPT foi associado ao desenvolvimento de c\u00e2ncer em testes com animais. Com base nesses achados, a Anvisa determinou a proibi\u00e7\u00e3o imediata da fabrica\u00e7\u00e3o e importa\u00e7\u00e3o de cosm\u00e9ticos que contenham essas subst\u00e2ncias e estipulou um prazo de 90 dias para que o com\u00e9rcio retire os produtos das prateleiras.<\/p>\n\n\n\n<p>Mesmo conferindo os r\u00f3tulos e certificando-se de que as subst\u00e2ncias proibidas n\u00e3o est\u00e3o presentes, especialistas alertam que o uso frequente de unhas em gel ainda pode afetar a sa\u00fade das unhas e da pele ao redor. Isso ocorre porque o procedimento envolve resinas e produtos qu\u00edmicos que s\u00e3o endurecidos sob luz UV ou LED.<\/p>\n\n\n\n<p>Quanto \u00e0 d\u00favida sobre continuar ou n\u00e3o utilizando unhas em gel, a resposta \u00e9 sim. A proibi\u00e7\u00e3o da Anvisa n\u00e3o encerra a pr\u00e1tica, mas atualiza as normas para garantir que os produtos utilizados sejam mais seguros, tanto para quem aplica quanto para quem utiliza. A restri\u00e7\u00e3o se aplica apenas \u00e0s f\u00f3rmulas que contenham TPO ou DMPT, n\u00e3o proibindo o uso de produtos que estejam livres dessas subst\u00e2ncias.<\/p>\n\n\n\n<p><\/p>\n","protected":false},"excerpt":{"rendered":"<p>Nos \u00faltimos dias, voc\u00ea provavelmente se deparou com not\u00edcias sobre a proibi\u00e7\u00e3o das \u201cunhas em gel\u201d, que rapidamente se espalharam e geraram bastante repercuss\u00e3o. Para quem ainda n\u00e3o viu, o contexto \u00e9 o seguinte: a Anvisa anunciou a proibi\u00e7\u00e3o de duas subst\u00e2ncias qu\u00edmicas presentes em produtos de higiene e beleza, especialmente aqueles utilizados na aplica\u00e7\u00e3o [&hellip;]<\/p>\n","protected":false},"author":4,"featured_media":9006,"comment_status":"open","ping_status":"open","sticky":false,"template":"","format":"standard","meta":{"jnews-multi-image_gallery":[],"jnews_single_post":{"format":"standard"},"jnews_primary_category":[],"jnews_social_meta":[],"jnews_post_split":[],"footnotes":""},"categories":[1],"tags":[],"class_list":["post-9003","post","type-post","status-publish","format-standard","has-post-thumbnail","hentry","category-uncategorized"],"_links":{"self":[{"href":"https:\/\/diariodepernambuco.audiencelabs.com.br\/wp-json\/wp\/v2\/posts\/9003","targetHints":{"allow":["GET"]}}],"collection":[{"href":"https:\/\/diariodepernambuco.audiencelabs.com.br\/wp-json\/wp\/v2\/posts"}],"about":[{"href":"https:\/\/diariodepernambuco.audiencelabs.com.br\/wp-json\/wp\/v2\/types\/post"}],"author":[{"embeddable":true,"href":"https:\/\/diariodepernambuco.audiencelabs.com.br\/wp-json\/wp\/v2\/users\/4"}],"replies":[{"embeddable":true,"href":"https:\/\/diariodepernambuco.audiencelabs.com.br\/wp-json\/wp\/v2\/comments?post=9003"}],"version-history":[{"count":2,"href":"https:\/\/diariodepernambuco.audiencelabs.com.br\/wp-json\/wp\/v2\/posts\/9003\/revisions"}],"predecessor-version":[{"id":9007,"href":"https:\/\/diariodepernambuco.audiencelabs.com.br\/wp-json\/wp\/v2\/posts\/9003\/revisions\/9007"}],"wp:featuredmedia":[{"embeddable":true,"href":"https:\/\/diariodepernambuco.audiencelabs.com.br\/wp-json\/wp\/v2\/media\/9006"}],"wp:attachment":[{"href":"https:\/\/diariodepernambuco.audiencelabs.com.br\/wp-json\/wp\/v2\/media?parent=9003"}],"wp:term":[{"taxonomy":"category","embeddable":true,"href":"https:\/\/diariodepernambuco.audiencelabs.com.br\/wp-json\/wp\/v2\/categories?post=9003"},{"taxonomy":"post_tag","embeddable":true,"href":"https:\/\/diariodepernambuco.audiencelabs.com.br\/wp-json\/wp\/v2\/tags?post=9003"}],"curies":[{"name":"wp","href":"https:\/\/api.w.org\/{rel}","templated":true}]}}