{"id":9035,"date":"2025-11-12T11:35:31","date_gmt":"2025-11-12T14:35:31","guid":{"rendered":"https:\/\/diariodepernambuco.audiencelabs.com.br\/?p=9035"},"modified":"2025-11-12T18:23:35","modified_gmt":"2025-11-12T21:23:35","slug":"lugar-no-interior-do-brasil-recebe-neve-todos-os-dias-e-custa-caro-pra-visitar","status":"publish","type":"post","link":"https:\/\/diariodepernambuco.audiencelabs.com.br\/lugar-no-interior-do-brasil-recebe-neve-todos-os-dias-e-custa-caro-pra-visitar\/","title":{"rendered":"Lugar no interior do Brasil recebe neve todos os dias e custa caro pra visitar"},"content":{"rendered":"\n<p>Com a chegada do fim do ano e a proximidade das festas natalinas, um destino no interior do Brasil chama a aten\u00e7\u00e3o por oferecer uma experi\u00eancia rara por aqui: neve todos os dias. <\/p>\n\n\n\n<p>Enquanto o pa\u00eds enfrenta altas temperaturas t\u00edpicas do ver\u00e3o, este lugar mant\u00e9m clima congelante e cen\u00e1rios t\u00edpicos de pa\u00edses do hemisf\u00e9rio norte. O ambiente m\u00e1gico \u00e9 ainda mais valorizado durante o <a href=\"https:\/\/diariodepernambuco.com.br\/dpmais\/caravana-de-natal-da-coca-cola-ignora-quase-todo-o-interior-paulista-so-3-cidades-estao-na-lista\/\" target=\"_blank\" rel=\"noopener\"><strong>Natal<\/strong><\/a>, com atra\u00e7\u00f5es tem\u00e1ticas e espet\u00e1culos especiais. <\/p>\n\n\n\n<p>No entanto, viver essa fantasia exige planejamento, pois os ingressos t\u00eam pre\u00e7os relativamente elevados para a maioria dos brasileiros, mas nada proibitivos, e h\u00e1 uma s\u00e9rie de regras para quem busca pagar meia-entrada ou garantir datas espec\u00edficas. <\/p>\n\n\n\n<p>Al\u00e9m disso, embora o ingresso inclua algumas roupas imperme\u00e1veis, muitos visitantes preferem levar agasalhos pr\u00f3prios para evitar gastos extras com aluguel e garantir mais conforto durante o passeio.<\/p>\n\n\n\n<h2 class=\"wp-block-heading\">Lugar no interior do Brasil recebe neve todos os dias e custa caro pra visitar<\/h2>\n\n\n<style>@media (min-width: 992px) {\n    .recomendadorV2Area1 {\n        width: 280px;\n    }\n    .recomendadorV2Area2 {\n        padding: 0px 20px;\n        width: calc(100% - 280px);\n    }\n}\n\n@media (max-width: 992px) {\n    .recomendadorV2Button {\n        margin: 0 auto;\n    }\n    .recomendadorV2Area {\n        flex-direction: column;\n        text-align: center;\n    }\n    .recomendadorV2Area2 {\n        padding: 0px 20px;\n    }\n}\n\n.recomendadorV2Area {\n    background: #eeeeee3d;\n    border-radius: 10px;\n    padding: 15px;\n    display: flex;\n    margin: 15px auto;\n    border: 1px solid #00000014;\n    max-width: 800px;\n}\n\n.recomendadorV2Area1 img {\n    width: 280px;\n    height: auto;\n    border-radius: 8px;\n}\n\n.linkrecomendadorv2 {\n    text-decoration: none !important;\n}\n\n.recomendadorV2Area2 .recomendadorV2Type {\n    text-transform: uppercase;\n    font-weight: 500;\n    font-size: 11px;\n    letter-spacing: 2px;\n    color: #666;\n    margin: 12px 0;\n    display: block;\n}\n\n.recomendadorV2Title h2 {\n    padding-top: 0px !important;\n    margin: 0px !important;\n    border-left: none !important;\n    padding-left: 0px !important;\n    line-height: 1.3;\n    color: #000 !important;\n    font-size: 24px;\n    margin-bottom: 12px !important;\n}\n\n.recomendadorV2Desc {\n    color: #333;\n    margin: 12px 0px !important;\n    font-size: 15px;\n    line-height: 1.5;\n}\n\n.recomendadorV2Button {\n    width: auto;\n    max-width: 200px;\n    margin: 0;\n    display: inline-flex;\n    align-items: center;\n    background: #1D3557;\n    border-radius: 8px;\n    color: #fff;\n    height: 36px;\n    justify-content: center;\n    text-align: center;\n    font-size: 14px;\n    padding: 0 20px;\n    transition: background-color 0.2s ease;\n}\n\n.recomendadorV2Button:hover {\n    background: #2a4d7a;\n}\n\n.recomendadorV2Button:after {\n    margin-top: -2px;\n    content: \"\u2192\";\n    padding: 0px 0px 0px 8px;\n}\n\n.recomendadorV2Alert {\n    text-align: left;\n    font-size: 11px;\n    margin-top: 8px;\n    color: #666;\n}\n\n.recomendadorFixedArea {\n    width: 100%;\n    display: flex;\n    justify-content: center;\n    align-items: center;\n}\n\n@media (min-width: 992px) {\n    #recomendadorFixed {\n        width: 32% !important;\n        left: 5%;\n    }\n    .recomendadorCloseFixed{\n        right: inherit !important;\n        left: 378px !important;\n    }\n}\n\n#recomendadorFixed {\n    width: 90%;\n    box-shadow: 0 10px 20px 0px #00000057;\n    display: none;\n    height: 90px;\n    background: #F6F6F6;\n    position: fixed;\n    flex-direction: row;\n    bottom: 10px;\n    z-index: 9999;\n    border-radius: 16px;\n    padding: 7px 10px;\n}\n\n.recomendadorLeftArea {\n    width: 160px;\n}\n\n.recomendadorRightArea h2 {\n    padding-top: 0px;\n    margin: 2px 0px 4px 0px !important;\n    font-weight: 400;\n    text-align: center;\n    padding-left: 0px !important;\n    color: #000 !important;\n    border-left: none !important;\n    line-height: 20px;\n    font-size: 12px !important;\n}\n\n.recomendadorImgFixed {\n    overflow: hidden;\n    padding: 8px 6px;\n    height: 100%;\n}\n\n.recomendadorImgFixed img {\n    height: 100% !important;\n    border-radius: 16px;\n}\n\n.recomendadorRightArea {\n    padding-top: 6px;\n    display: flex;\n    width: calc(100% - 130px);\n    justify-content: space-between;\n    align-items: center;\n    flex-direction: column;\n}\n\n.recomendadorButtonFixed {\n    margin: 0 auto;\n    background: #1D3557;\n    width: 80%;\n    text-align: center;\n    font-size: 10px;\n    color: #FFF;\n    padding: 2px 10px;\n    border-radius: 3px;\n}\n\n.recomendadorButtonFixed:after {\n    margin-top: -3px;\n    content: \"\u2192\";\n    padding: 0px 0px 0px 10px;\n}\n\n.recomendadorAlertFixed {\n    font-weight: 400;\n    text-align: center;\n    color: #484848;\n    font-size: 8px;\n}\n\n.recomendadorCloseFixed {\n    z-index: 99999;\n    display: none;\n    right: 0px;\n    left: inherit;\n    bottom: 99px;\n    position: fixed;\n    justify-content: center;\n    background: #F6F6F6;\n    width: 25px;\n    align-items: center;\n    height: 25px;\n    font-weight: 800;\n    border-radius: 50%;\n    border: 1px solid #EBEBEB;\n}\n\n.recomendadorV2Desc{\n    color: #000000;\n    margin: 20px 0px;\n}\n\n@media (max-width: 576px) {\n    .recomendadorV2Area {\n      padding: 10px;\n      max-width: 100%;\n    }\n  \n    .recomendadorV2Area1 img {\n      width: 100%;\n      border-radius: 6px;\n    }\n  \n    .recomendadorV2Area2 .recomendadorV2Type {\n      font-size: 9px;\n      letter-spacing: 1px;\n      margin: 8px 0;\n    }\n  \n    .recomendadorV2Title h2 {\n      font-size: 18px !important;\n      margin-bottom: 8px !important;\n      line-height: 1.2;\n    }\n  \n    .recomendadorV2Desc {\n      font-size: 14px;\n      margin: 8px 0 !important;\n      line-height: 1.4;\n    }\n  \n    .recomendadorV2Button {\n      font-size: 12px;\n      height: 30px;\n      padding: 0 12px;\n      max-width: 160px;\n    }\n  \n    .recomendadorV2Button:after {\n      padding-left: 6px;\n    }\n  }\n  <\/style>\n        <div class=\"lazyblock-recomendador-v2-2jDGz wp-block-lazyblock-recomendador-v2\">\n        <a class=\"linkrecomendadorv2\" href=\"https:\/\/diariodepernambuco.com.br\/dpmais\/calor-de-deserto-chega-ao-brasil-e-vai-resultar-em-temporais-nas-proximas-horas\/?utm_source=lazy\" target=\"_blank\" rel=\"noopener\">\n            <div class=\"recomendadorV2Area\">\n            <div class=\"recomendadorV2Area1\">\n                <div class=\"recomendadorV2Img\">\n                <img class=\"lazyloaded\" decoding=\"async\" src=\"https:\/\/diariodepernambuco.audiencelabs.com.br\/wp-content\/uploads\/2025\/10\/Calor.jpg\" data-src=\"https:\/\/diariodepernambuco.audiencelabs.com.br\/wp-content\/uploads\/2025\/10\/Calor.jpg\" alt=\"\">\n                <\/div>\n            <\/div>\n            <div class=\"recomendadorV2Area2\">\n                <div class=\"recomendadorV2Type\">\n                    <span>alerta clima<\/span>\n                <\/div>\n                <div class=\"recomendadorV2Title\">\n                <h2><span>Calor extremo e temporais \u2600\ufe0f\ud83c\udf27\ufe0f<\/span><\/h2>\n                <\/div>\n                <div class=\"recomendadorV2Desc\">\n                <span>Fen\u00f4meno promete mudan\u00e7as bruscas no tempo!<\/span>\n                <\/div>\n                <div class=\"recomendadorV2Button\">Veja a previs\u00e3o<\/div>\n                <div class=\"recomendadorV2Alert\"><\/div>\n            <\/div>\n            <\/div>\n        <\/a>\n        <div>\n            <div style=\"z-index:99999;\" id=\"buttonClose\" onclick=\"closeRecomendadorFixed()\">\n            <div class=\"recomendadorCloseFixed\">X<\/div>\n            <\/div>\n            <a href=\"https:\/\/diariodepernambuco.com.br\/dpmais\/calor-de-deserto-chega-ao-brasil-e-vai-resultar-em-temporais-nas-proximas-horas\/?utm_source=lazy\" target=\"_blank\" rel=\"noopener\">\n            <div class=\"recomendadorFixedArea\">\n                <div id=\"recomendadorFixed\">\n                <div class=\"recomendadorLeftArea\">\n                    <div class=\"recomendadorImgFixed\">\n                    <img class=\"lazyload\" decoding=\"async\" src=\"https:\/\/diariodepernambuco.audiencelabs.com.br\/wp-content\/uploads\/2025\/10\/Calor.jpg\" alt=\"\">\n                    <\/div>\n                <\/div>\n                <div class=\"recomendadorRightArea\">\n                    <div class=\"recomendadorTitleFixed\">\n                    <h2><span>Calor extremo e temporais \u2600\ufe0f\ud83c\udf27\ufe0f<\/span><\/h2>\n                    <\/div>\n                    <div class=\"recomendadorButtonFixed\">Veja a previs\u00e3o<\/div>\n                    <div class=\"recomendadorAlertFixed\"><\/div>\n                <\/div>\n                <\/div>\n            <\/div>\n            <\/a>\n        <\/div>\n        <\/div>\n\n\n\n<p>O local em quest\u00e3o \u00e9 o <strong>Snowland<\/strong>, um parque tem\u00e1tico de neve localizado em <strong>Gramado<\/strong>, na Serra Ga\u00facha. Inaugurado em 2013, ele \u00e9 o primeiro parque de neve indoor das Am\u00e9ricas e oferece um cen\u00e1rio gelado durante o ano inteiro. <\/p>\n\n\n\n<p>Mesmo em pleno ver\u00e3o, a temperatura na \u00e1rea principal pode chegar a <strong>-5 \u00baC<\/strong>, com pistas de esqui, snowboard, patina\u00e7\u00e3o no gelo e uma montanha de neve artificial onde fam\u00edlias descem juntas em boias. <\/p>\n\n\n\n<p>Tudo isso cercado por ilumina\u00e7\u00e3o especial, gastronomia tem\u00e1tica e espet\u00e1culos imersivos.<\/p>\n\n\n\n<p>Para o Natal de 2025, o Snowland preparou uma programa\u00e7\u00e3o exclusiva. Entre as novidades est\u00e3o <strong>cinco novas apresenta\u00e7\u00f5es<\/strong> que misturam teatro, dan\u00e7a, m\u00fasica e patina\u00e7\u00e3o art\u00edstica. <\/p>\n\n\n\n<p>Um dos destaques \u00e9 o espet\u00e1culo \u201cSnowland On Ice \u2013 Natal Iluminado\u201d, que ocorre na pista de gelo e conta com atletas premiados. <\/p>\n\n\n\n<p>H\u00e1 ainda shows interativos com personagens encantados, conta\u00e7\u00e3o de hist\u00f3rias, elfos, princesas e at\u00e9 a presen\u00e7a do Papai Noel, sempre em cen\u00e1rios cuidadosamente decorados para transportar o p\u00fablico ao universo natalino.<\/p>\n\n\n\n<h3 class=\"wp-block-heading\">Informa\u00e7\u00f5es importantes para quem quer aproveitar a neve neste Natal<\/h3>\n\n\n\n<p>O parque fica na <strong>RS-235, n\u00ba 9009, bairro Carazal<\/strong>, em Gramado (RS), e funciona <strong>das 10h \u00e0s 17h<\/strong>, com atra\u00e7\u00f5es at\u00e9 16h30. Ele fecha \u00e0s quartas-feiras em baixa temporada, e os ingressos devem ser comprados com anteced\u00eancia. <\/p>\n\n\n\n<p>Quem optar por meia-entrada precisa apresentar documenta\u00e7\u00e3o espec\u00edfica, e em alguns casos o benef\u00edcio s\u00f3 pode ser solicitado pessoalmente na bilheteria. <\/p>\n\n\n\n<p>O cancelamento e o reagendamento tamb\u00e9m possuem prazos e taxas que podem ser consultados no <a href=\"https:\/\/snowland.com.br\/\" target=\"_blank\" rel=\"noopener\"><strong>site da empresa<\/strong><\/a>. Al\u00e9m disso, n\u00e3o \u00e9 permitido entrar com alimentos e bebidas. <\/p>\n\n\n\n<p>Visitar o Snowland exige aten\u00e7\u00e3o aos detalhes e ao bolso, mas promete uma experi\u00eancia natalina com neve de verdade que \u00e9 dif\u00edcil de esquecer.<\/p>\n\n\n\n<p><\/p>\n","protected":false},"excerpt":{"rendered":"<p>Com a chegada do fim do ano e a proximidade das festas natalinas, um destino no interior do Brasil chama a aten\u00e7\u00e3o por oferecer uma experi\u00eancia rara por aqui: neve todos os dias. Enquanto o pa\u00eds enfrenta altas temperaturas t\u00edpicas do ver\u00e3o, este lugar mant\u00e9m clima congelante e cen\u00e1rios t\u00edpicos de pa\u00edses do hemisf\u00e9rio norte. [&hellip;]<\/p>\n","protected":false},"author":12,"featured_media":9036,"comment_status":"open","ping_status":"open","sticky":false,"template":"","format":"standard","meta":{"jnews-multi-image_gallery":[],"jnews_single_post":{"format":"standard"},"jnews_primary_category":[],"jnews_social_meta":[],"jnews_post_split":[],"footnotes":""},"categories":[1],"tags":[],"class_list":["post-9035","post","type-post","status-publish","format-standard","has-post-thumbnail","hentry","category-uncategorized"],"_links":{"self":[{"href":"https:\/\/diariodepernambuco.audiencelabs.com.br\/wp-json\/wp\/v2\/posts\/9035","targetHints":{"allow":["GET"]}}],"collection":[{"href":"https:\/\/diariodepernambuco.audiencelabs.com.br\/wp-json\/wp\/v2\/posts"}],"about":[{"href":"https:\/\/diariodepernambuco.audiencelabs.com.br\/wp-json\/wp\/v2\/types\/post"}],"author":[{"embeddable":true,"href":"https:\/\/diariodepernambuco.audiencelabs.com.br\/wp-json\/wp\/v2\/users\/12"}],"replies":[{"embeddable":true,"href":"https:\/\/diariodepernambuco.audiencelabs.com.br\/wp-json\/wp\/v2\/comments?post=9035"}],"version-history":[{"count":2,"href":"https:\/\/diariodepernambuco.audiencelabs.com.br\/wp-json\/wp\/v2\/posts\/9035\/revisions"}],"predecessor-version":[{"id":9101,"href":"https:\/\/diariodepernambuco.audiencelabs.com.br\/wp-json\/wp\/v2\/posts\/9035\/revisions\/9101"}],"wp:featuredmedia":[{"embeddable":true,"href":"https:\/\/diariodepernambuco.audiencelabs.com.br\/wp-json\/wp\/v2\/media\/9036"}],"wp:attachment":[{"href":"https:\/\/diariodepernambuco.audiencelabs.com.br\/wp-json\/wp\/v2\/media?parent=9035"}],"wp:term":[{"taxonomy":"category","embeddable":true,"href":"https:\/\/diariodepernambuco.audiencelabs.com.br\/wp-json\/wp\/v2\/categories?post=9035"},{"taxonomy":"post_tag","embeddable":true,"href":"https:\/\/diariodepernambuco.audiencelabs.com.br\/wp-json\/wp\/v2\/tags?post=9035"}],"curies":[{"name":"wp","href":"https:\/\/api.w.org\/{rel}","templated":true}]}}