{"id":9041,"date":"2025-11-12T12:24:45","date_gmt":"2025-11-12T15:24:45","guid":{"rendered":"https:\/\/diariodepernambuco.audiencelabs.com.br\/?p=9041"},"modified":"2025-11-12T15:21:13","modified_gmt":"2025-11-12T18:21:13","slug":"brecha-na-lei-permite-inquilinos-atrasarem-3-meses-de-aluguel-sem-despejo-imediato","status":"publish","type":"post","link":"https:\/\/diariodepernambuco.audiencelabs.com.br\/brecha-na-lei-permite-inquilinos-atrasarem-3-meses-de-aluguel-sem-despejo-imediato\/","title":{"rendered":"Lei permite inquilinos atrasarem 3 meses de aluguel sem despejo imediato"},"content":{"rendered":"\n<p>No Brasil, o contrato de aluguel entre locador e locat\u00e1rio \u00e9 regido pela <a href=\"https:\/\/www.planalto.gov.br\/ccivil_03\/leis\/l8245.htm\" target=\"_blank\" rel=\"noopener\"><strong>Lei do Inquilinato (Lei n\u00ba 8.245\/91)<\/strong><\/a>, criada para equilibrar os direitos e deveres de ambas as partes. <\/p>\n\n\n\n<p>Essa legisla\u00e7\u00e3o n\u00e3o apenas orienta os termos da loca\u00e7\u00e3o, mas tamb\u00e9m define com clareza os caminhos legais a serem seguidos em caso de inadimpl\u00eancia, evitando a\u00e7\u00f5es unilaterais e protegendo juridicamente tanto o propriet\u00e1rio quanto o inquilino.<\/p>\n\n\n\n<h2 class=\"wp-block-heading\">Brecha na lei permite inquilinos atrasarem 3 meses de aluguel sem despejo imediato<\/h2>\n\n\n\n<p>Quando o pagamento do aluguel atrasa, o propriet\u00e1rio n\u00e3o pode simplesmente exigir que o inquilino desocupe o im\u00f3vel imediatamente. Embora tenha o direito de reaver o bem, isso s\u00f3 pode ocorrer por meio de uma a\u00e7\u00e3o judicial espec\u00edfica, a a\u00e7\u00e3o de despejo. <\/p>\n\n\n\n<p>Esse processo, por sua pr\u00f3pria natureza e pela quantidade de etapas legais envolvidas, costuma durar no m\u00ednimo tr\u00eas meses, podendo se estender conforme o andamento no Judici\u00e1rio.<\/p>\n\n\n\n<p>O rito legal come\u00e7a quando o propriet\u00e1rio decide ajuizar a a\u00e7\u00e3o. Antes disso, pode haver uma tentativa de cobran\u00e7a amig\u00e1vel, como uma notifica\u00e7\u00e3o extrajudicial, mas isso n\u00e3o \u00e9 obrigat\u00f3rio. <\/p>\n\n\n\n<p>Ap\u00f3s o processo ser protocolado, o inquilino \u00e9 formalmente citado e, a partir dessa notifica\u00e7\u00e3o, tem o direito de regularizar sua situa\u00e7\u00e3o em at\u00e9 15 dias. <\/p>\n\n\n\n<p>Esse mecanismo \u00e9 conhecido como \u201cpurgar a mora\u201d, ou seja, quitar integralmente os d\u00e9bitos, incluindo encargos e eventuais custas, para evitar o despejo e permanecer no im\u00f3vel.<\/p>\n\n\n\n<p>Se o pagamento n\u00e3o for feito nesse prazo, o inquilino ainda pode apresentar defesa. A a\u00e7\u00e3o segue para an\u00e1lise do juiz, que poder\u00e1 marcar audi\u00eancia e, posteriormente, emitir senten\u00e7a. <\/p>\n\n\n\n<p>Somente ap\u00f3s a decis\u00e3o judicial e respeitados novos prazos \u00e9 que o despejo pode ser executado. Por isso, entre o primeiro atraso e a retirada efetiva do inquilino, geralmente passam-se ao menos tr\u00eas meses.<\/p>\n\n\n\n<h3 class=\"wp-block-heading\">Atrasar o aluguel por meses costuma gerar diversos custos para o inquilino<\/h3>\n\n\n\n<p>Apesar de parecer uma brecha na<a href=\"https:\/\/diariodepernambuco.com.br\/dpmais\/lei-do-aluguel-esta-em-vigor-e-afeta-todos-moradores-que-alugarem-casas-nos-proximos-dias\/\" target=\"_blank\" rel=\"noopener\"><strong> lei<\/strong><\/a>, esse intervalo n\u00e3o significa que o inquilino possa descumprir suas obriga\u00e7\u00f5es sem consequ\u00eancias. <\/p>\n\n\n\n<p>Mesmo que consiga evitar o despejo ao quitar a d\u00edvida no limite do prazo, ele arcar\u00e1 com multas, juros, corre\u00e7\u00f5es e possivelmente os custos do processo. <\/p>\n\n\n\n<p>O objetivo da lei n\u00e3o \u00e9 favorecer uma das partes, mas garantir que qualquer conflito relacionado \u00e0 loca\u00e7\u00e3o ocorra dentro dos limites legais, respeitando o direito \u00e0 moradia e \u00e0 propriedade privada de forma justa e equilibrada.<\/p>\n\n\n\n<p><\/p>\n","protected":false},"excerpt":{"rendered":"<p>No Brasil, o contrato de aluguel entre locador e locat\u00e1rio \u00e9 regido pela Lei do Inquilinato (Lei n\u00ba 8.245\/91), criada para equilibrar os direitos e deveres de ambas as partes. Essa legisla\u00e7\u00e3o n\u00e3o apenas orienta os termos da loca\u00e7\u00e3o, mas tamb\u00e9m define com clareza os caminhos legais a serem seguidos em caso de inadimpl\u00eancia, evitando [&hellip;]<\/p>\n","protected":false},"author":12,"featured_media":9042,"comment_status":"open","ping_status":"open","sticky":false,"template":"","format":"standard","meta":{"jnews-multi-image_gallery":[],"jnews_single_post":{"format":"standard"},"jnews_primary_category":[],"jnews_social_meta":[],"jnews_post_split":[],"footnotes":""},"categories":[1],"tags":[],"class_list":["post-9041","post","type-post","status-publish","format-standard","has-post-thumbnail","hentry","category-uncategorized"],"_links":{"self":[{"href":"https:\/\/diariodepernambuco.audiencelabs.com.br\/wp-json\/wp\/v2\/posts\/9041","targetHints":{"allow":["GET"]}}],"collection":[{"href":"https:\/\/diariodepernambuco.audiencelabs.com.br\/wp-json\/wp\/v2\/posts"}],"about":[{"href":"https:\/\/diariodepernambuco.audiencelabs.com.br\/wp-json\/wp\/v2\/types\/post"}],"author":[{"embeddable":true,"href":"https:\/\/diariodepernambuco.audiencelabs.com.br\/wp-json\/wp\/v2\/users\/12"}],"replies":[{"embeddable":true,"href":"https:\/\/diariodepernambuco.audiencelabs.com.br\/wp-json\/wp\/v2\/comments?post=9041"}],"version-history":[{"count":2,"href":"https:\/\/diariodepernambuco.audiencelabs.com.br\/wp-json\/wp\/v2\/posts\/9041\/revisions"}],"predecessor-version":[{"id":9046,"href":"https:\/\/diariodepernambuco.audiencelabs.com.br\/wp-json\/wp\/v2\/posts\/9041\/revisions\/9046"}],"wp:featuredmedia":[{"embeddable":true,"href":"https:\/\/diariodepernambuco.audiencelabs.com.br\/wp-json\/wp\/v2\/media\/9042"}],"wp:attachment":[{"href":"https:\/\/diariodepernambuco.audiencelabs.com.br\/wp-json\/wp\/v2\/media?parent=9041"}],"wp:term":[{"taxonomy":"category","embeddable":true,"href":"https:\/\/diariodepernambuco.audiencelabs.com.br\/wp-json\/wp\/v2\/categories?post=9041"},{"taxonomy":"post_tag","embeddable":true,"href":"https:\/\/diariodepernambuco.audiencelabs.com.br\/wp-json\/wp\/v2\/tags?post=9041"}],"curies":[{"name":"wp","href":"https:\/\/api.w.org\/{rel}","templated":true}]}}