{"id":9048,"date":"2025-12-24T09:45:00","date_gmt":"2025-12-24T12:45:00","guid":{"rendered":"https:\/\/diariodepernambuco.audiencelabs.com.br\/?p=9048"},"modified":"2025-11-12T13:50:17","modified_gmt":"2025-11-12T16:50:17","slug":"3-cortes-de-cabelo-que-deixam-idosos-com-carinha-de-gente-nova","status":"publish","type":"post","link":"https:\/\/diariodepernambuco.audiencelabs.com.br\/3-cortes-de-cabelo-que-deixam-idosos-com-carinha-de-gente-nova\/","title":{"rendered":"3 cortes de cabelo que deixam idosos com carinha de gente nova"},"content":{"rendered":"\n<p>A escolha do corte de cabelo \u00e9 mais do que uma quest\u00e3o est\u00e9tica, \u00e9 uma afirma\u00e7\u00e3o de identidade. Ele transmite tra\u00e7os da personalidade, revela estilo e, muitas vezes, reflete o momento de vida de quem o adota. <\/p>\n\n\n\n<p>Isso vale para todos: homens, mulheres e, especialmente, para os idosos. <\/p>\n\n\n\n<p>Com o aumento da <a href=\"https:\/\/agenciadenoticias.ibge.gov.br\/agencia-noticias\/2012-agencia-de-noticias\/noticias\/41984-em-2023-expectativa-de-vida-chega-aos-76-4-anos-e-supera-patamar-pre-pandemia\" target=\"_blank\" rel=\"noopener\"><strong>expectativa de vida<\/strong><\/a> e a melhora na qualidade de vida na terceira idade, muitos adultos que chegam aos <a href=\"https:\/\/diariodepernambuco.com.br\/dpmais\/idosos-nao-vao-precisar-pagar-o-ipva-em-2026\/\" target=\"_blank\" rel=\"noopener\"><strong>60, 70 ou at\u00e9 80 ano<\/strong><\/a>s est\u00e3o cheios de energia e n\u00e3o querem mais se prender \u00e0 imagem antiquada da \u201cvov\u00f3\u201d ou do \u201cvov\u00f4\u201d tradicional. <\/p>\n\n\n\n<p>Nesse contexto, o corte de cabelo ganha uma nova fun\u00e7\u00e3o: ajudar a projetar uma imagem mais moderna e rejuvenescida.<\/p>\n\n\n\n<h2 class=\"wp-block-heading\">3 cortes de cabelo que deixam idosos com carinha de gente nova<\/h2>\n\n\n\n<p>Entre as mulheres, certos estilos t\u00eam se destacado justamente por oferecer esse efeito de frescor ao visual. O corte <strong>pixie<\/strong>, por exemplo, \u00e9 uma op\u00e7\u00e3o ousada que quebra padr\u00f5es. Bem curtinho, geralmente acima da orelha, ele transmite confian\u00e7a e atitude. <\/p>\n\n\n\n<p>Al\u00e9m disso, \u00e9 extremamente pr\u00e1tico no dia a dia, f\u00e1cil de manter e valoriza as fei\u00e7\u00f5es, principalmente quando acompanhado por uma franja leve. <\/p>\n\n\n\n<p>Mulheres que escolhem esse estilo costumam passar uma imagem de dinamismo e independ\u00eancia, o que automaticamente rejuvenesce.<\/p>\n\n\n\n<p>Outra escolha que segue firme como queridinha nos sal\u00f5es \u00e9 o <strong>chanel repaginado<\/strong>. Diferente do cl\u00e1ssico reto e sem movimento, as vers\u00f5es atuais apostam em pontas desconectadas, franjas laterais e base na altura do queixo. <\/p>\n\n\n\n<p>Esse corte tem a vantagem de emoldurar o rosto com leveza, suavizando linhas de express\u00e3o e deixando a apar\u00eancia mais elegante sem parecer r\u00edgida. <\/p>\n\n\n\n<p>Ele combina bem com diferentes texturas de cabelo e pode ser estilizado para diversas ocasi\u00f5es.<\/p>\n\n\n\n<h3 class=\"wp-block-heading\">Corte de cabelo longo em camadas tamb\u00e9m rejuvenesce<\/h3>\n\n\n\n<p>J\u00e1 para aquelas que n\u00e3o abrem m\u00e3o do comprimento, o <strong>longo em camadas<\/strong> continua sendo uma alternativa interessante. Repicar os fios d\u00e1 mais volume e movimento ao cabelo, evitando aquele aspecto pesado e sem vida. <\/p>\n\n\n\n<p>Al\u00e9m disso, a franja, quando bem aplicada, pode ajudar a disfar\u00e7ar marcas do tempo na testa e no contorno dos olhos.<\/p>\n\n\n\n<p>\u00c9 importante lembrar que, mais do que seguir tend\u00eancias, o ideal \u00e9 procurar um corte que se adapte ao formato do rosto, ao tipo de fio e, claro, ao estilo de vida da pessoa. <\/p>\n\n\n\n<p>Manter os fios saud\u00e1veis, apostar em colora\u00e7\u00f5es suaves (como tons mel, castanho claro ou grisalhos iluminados) e evitar cortes muito retos ou volumosos nas pontas tamb\u00e9m fazem diferen\u00e7a na busca por um visual mais jovem e leve.<\/p>\n","protected":false},"excerpt":{"rendered":"<p>A escolha do corte de cabelo \u00e9 mais do que uma quest\u00e3o est\u00e9tica, \u00e9 uma afirma\u00e7\u00e3o de identidade. Ele transmite tra\u00e7os da personalidade, revela estilo e, muitas vezes, reflete o momento de vida de quem o adota. Isso vale para todos: homens, mulheres e, especialmente, para os idosos. Com o aumento da expectativa de vida [&hellip;]<\/p>\n","protected":false},"author":12,"featured_media":9054,"comment_status":"open","ping_status":"open","sticky":false,"template":"","format":"standard","meta":{"jnews-multi-image_gallery":[],"jnews_single_post":{"format":"standard"},"jnews_primary_category":[],"jnews_social_meta":[],"jnews_post_split":[],"footnotes":""},"categories":[1],"tags":[],"class_list":["post-9048","post","type-post","status-publish","format-standard","has-post-thumbnail","hentry","category-uncategorized"],"_links":{"self":[{"href":"https:\/\/diariodepernambuco.audiencelabs.com.br\/wp-json\/wp\/v2\/posts\/9048","targetHints":{"allow":["GET"]}}],"collection":[{"href":"https:\/\/diariodepernambuco.audiencelabs.com.br\/wp-json\/wp\/v2\/posts"}],"about":[{"href":"https:\/\/diariodepernambuco.audiencelabs.com.br\/wp-json\/wp\/v2\/types\/post"}],"author":[{"embeddable":true,"href":"https:\/\/diariodepernambuco.audiencelabs.com.br\/wp-json\/wp\/v2\/users\/12"}],"replies":[{"embeddable":true,"href":"https:\/\/diariodepernambuco.audiencelabs.com.br\/wp-json\/wp\/v2\/comments?post=9048"}],"version-history":[{"count":2,"href":"https:\/\/diariodepernambuco.audiencelabs.com.br\/wp-json\/wp\/v2\/posts\/9048\/revisions"}],"predecessor-version":[{"id":9058,"href":"https:\/\/diariodepernambuco.audiencelabs.com.br\/wp-json\/wp\/v2\/posts\/9048\/revisions\/9058"}],"wp:featuredmedia":[{"embeddable":true,"href":"https:\/\/diariodepernambuco.audiencelabs.com.br\/wp-json\/wp\/v2\/media\/9054"}],"wp:attachment":[{"href":"https:\/\/diariodepernambuco.audiencelabs.com.br\/wp-json\/wp\/v2\/media?parent=9048"}],"wp:term":[{"taxonomy":"category","embeddable":true,"href":"https:\/\/diariodepernambuco.audiencelabs.com.br\/wp-json\/wp\/v2\/categories?post=9048"},{"taxonomy":"post_tag","embeddable":true,"href":"https:\/\/diariodepernambuco.audiencelabs.com.br\/wp-json\/wp\/v2\/tags?post=9048"}],"curies":[{"name":"wp","href":"https:\/\/api.w.org\/{rel}","templated":true}]}}