{"id":9049,"date":"2025-11-13T15:30:00","date_gmt":"2025-11-13T18:30:00","guid":{"rendered":"https:\/\/diariodepernambuco.audiencelabs.com.br\/?p=9049"},"modified":"2025-11-12T13:30:32","modified_gmt":"2025-11-12T16:30:32","slug":"nova-descoberta-sobre-aquecimento-global-intriga-cientistas","status":"publish","type":"post","link":"https:\/\/diariodepernambuco.audiencelabs.com.br\/nova-descoberta-sobre-aquecimento-global-intriga-cientistas\/","title":{"rendered":"Nova descoberta sobre aquecimento global intriga cientistas"},"content":{"rendered":"\n<p>Um dos principais focos da 30\u00aa Confer\u00eancia das Na\u00e7\u00f5es Unidas sobre Mudan\u00e7a do Clima (COP30) \u00e9 o compromisso dos pa\u00edses participantes em adotar medidas efetivas para conter o aquecimento global. A meta segue as diretrizes do Acordo de Paris, que busca limitar o aumento da temperatura m\u00e9dia da Terra a, no m\u00e1ximo, 1,5\u00b0C em rela\u00e7\u00e3o aos n\u00edveis pr\u00e9-industriais.<\/p>\n\n\n\n<p>Para atingir esse objetivo, \u00e9 necess\u00e1rio que as emiss\u00f5es globais de gases de efeito estufa alcancem seu pico at\u00e9 2025 e sejam reduzidas em 43% at\u00e9 2030. No entanto, segundo a cientista Marina Hirota, integrante do conselho cient\u00edfico que assessora a presid\u00eancia da COP30 e uma das curadoras do Pavilh\u00e3o de Ci\u00eancias Planet\u00e1rias na Zona Azul, essa meta est\u00e1 cada vez mais distante da realidade.<\/p>\n\n\n\n<p>Ela explica que a temperatura m\u00e9dia da Terra passou de 15\u00b0C para 16,3\u00b0C, um aumento de cerca de 1,3\u00b0C. Se o aquecimento ultrapassar 1,5\u00b0C, o planeta entra em um fen\u00f4meno chamado overshooting, em que o calor excede temporariamente o limite seguro e pode causar mudan\u00e7as graves e irrevers\u00edveis nos sistemas naturais.<\/p>\n\n\n\n<p>A cientista destaca a import\u00e2ncia de fortalecer o di\u00e1logo entre a ci\u00eancia e a sociedade, com o objetivo de impulsionar a\u00e7\u00f5es capazes de frear o avan\u00e7o do aquecimento global. Segundo ela, o pavilh\u00e3o de ci\u00eancias da COP30 representa um passo importante nesse sentido, ao aproximar o conhecimento cient\u00edfico do p\u00fablico e dos formuladores de pol\u00edticas.<\/p>\n\n\n\n<p>&#8220;Os cientistas t\u00eam linguagem muito t\u00e9cnica. Precisamos aprender a nos comunicar melhor e trabalhar em pares, como jornalistas e cientistas. Traduzir conceitos como &#8216;ponto de n\u00e3o retorno&#8217; para o cotidiano das pessoas \u00e9 essencial. Precisamos aproximar o tema da crise clim\u00e1tica para a realidade das pessoas&#8221;, disse Marina.<\/p>\n\n\n\n<p><\/p>\n","protected":false},"excerpt":{"rendered":"<p>Um dos principais focos da 30\u00aa Confer\u00eancia das Na\u00e7\u00f5es Unidas sobre Mudan\u00e7a do Clima (COP30) \u00e9 o compromisso dos pa\u00edses participantes em adotar medidas efetivas para conter o aquecimento global. A meta segue as diretrizes do Acordo de Paris, que busca limitar o aumento da temperatura m\u00e9dia da Terra a, no m\u00e1ximo, 1,5\u00b0C em rela\u00e7\u00e3o [&hellip;]<\/p>\n","protected":false},"author":4,"featured_media":9051,"comment_status":"open","ping_status":"open","sticky":false,"template":"","format":"standard","meta":{"jnews-multi-image_gallery":[],"jnews_single_post":[],"jnews_primary_category":[],"jnews_social_meta":[],"jnews_post_split":[],"footnotes":""},"categories":[1],"tags":[],"class_list":["post-9049","post","type-post","status-publish","format-standard","has-post-thumbnail","hentry","category-uncategorized"],"_links":{"self":[{"href":"https:\/\/diariodepernambuco.audiencelabs.com.br\/wp-json\/wp\/v2\/posts\/9049","targetHints":{"allow":["GET"]}}],"collection":[{"href":"https:\/\/diariodepernambuco.audiencelabs.com.br\/wp-json\/wp\/v2\/posts"}],"about":[{"href":"https:\/\/diariodepernambuco.audiencelabs.com.br\/wp-json\/wp\/v2\/types\/post"}],"author":[{"embeddable":true,"href":"https:\/\/diariodepernambuco.audiencelabs.com.br\/wp-json\/wp\/v2\/users\/4"}],"replies":[{"embeddable":true,"href":"https:\/\/diariodepernambuco.audiencelabs.com.br\/wp-json\/wp\/v2\/comments?post=9049"}],"version-history":[{"count":2,"href":"https:\/\/diariodepernambuco.audiencelabs.com.br\/wp-json\/wp\/v2\/posts\/9049\/revisions"}],"predecessor-version":[{"id":9053,"href":"https:\/\/diariodepernambuco.audiencelabs.com.br\/wp-json\/wp\/v2\/posts\/9049\/revisions\/9053"}],"wp:featuredmedia":[{"embeddable":true,"href":"https:\/\/diariodepernambuco.audiencelabs.com.br\/wp-json\/wp\/v2\/media\/9051"}],"wp:attachment":[{"href":"https:\/\/diariodepernambuco.audiencelabs.com.br\/wp-json\/wp\/v2\/media?parent=9049"}],"wp:term":[{"taxonomy":"category","embeddable":true,"href":"https:\/\/diariodepernambuco.audiencelabs.com.br\/wp-json\/wp\/v2\/categories?post=9049"},{"taxonomy":"post_tag","embeddable":true,"href":"https:\/\/diariodepernambuco.audiencelabs.com.br\/wp-json\/wp\/v2\/tags?post=9049"}],"curies":[{"name":"wp","href":"https:\/\/api.w.org\/{rel}","templated":true}]}}