{"id":9055,"date":"2025-11-12T13:58:10","date_gmt":"2025-11-12T16:58:10","guid":{"rendered":"https:\/\/diariodepernambuco.audiencelabs.com.br\/?p=9055"},"modified":"2025-11-12T18:24:22","modified_gmt":"2025-11-12T21:24:22","slug":"calor-de-deserto-chega-ao-brasil-e-vai-resultar-em-temporais-nas-proximas-horas","status":"publish","type":"post","link":"https:\/\/diariodepernambuco.audiencelabs.com.br\/calor-de-deserto-chega-ao-brasil-e-vai-resultar-em-temporais-nas-proximas-horas\/","title":{"rendered":"Calor de deserto chega ao Brasil e vai resultar em temporais nas pr\u00f3ximas horas"},"content":{"rendered":"\n<p>Nesta quarta-feira (12), o Brasil ter\u00e1 destaque para a combina\u00e7\u00e3o de calor, umidade e o retorno das chuvas, especialmente nas regi\u00f5es Sul e Centro-Oeste, devido ao avan\u00e7o de uma frente fria. No Sul, o cen\u00e1rio volta a gerar preocupa\u00e7\u00e3o ap\u00f3s os estragos da \u00faltima semana.<\/p>\n\n\n\n<p>De acordo com a MetSul, a chuva retorna de forma irregular e menos intensa. O sol predomina entre nuvens na maior parte do dia, com pancadas isoladas entre a tarde e a noite em \u00e1reas do Rio Grande do Sul, Santa Catarina e Paran\u00e1. As temperaturas voltam a subir, mantendo o tempo abafado, com m\u00e1ximas entre 28\u00b0C e 32\u00b0C na maioria das cidades ga\u00fachas.<\/p>\n\n\n\n<h2 class=\"wp-block-heading\">Calor e temporais<\/h2>\n\n\n\n<p>O risco de temporais diminui, mas ainda n\u00e3o est\u00e1 totalmente descartado, especialmente no noroeste do Paran\u00e1 e no oeste de Santa Catarina. No Sudeste, o calor segue predominando, com sol forte e temperaturas acima dos 30\u00b0C em praticamente todas as capitais.<\/p>\n\n\n\n<p>No final do dia, \u00e1reas de instabilidade que se formam no Paraguai avan\u00e7am em dire\u00e7\u00e3o ao oeste de S\u00e3o Paulo e ao Tri\u00e2ngulo Mineiro, provocando pancadas de chuva de moderada a forte intensidade e poss\u00edveis trovoadas. Na capital paulista, a chuva deve chegar \u00e0 noite, amenizando o calor. J\u00e1 o Centro-Oeste permanece sob influ\u00eancia da mesma massa de ar quente e \u00famido.<\/p>\n\n\n\n<p>A manh\u00e3 ser\u00e1 de tempo firme, mas \u00e1reas de instabilidade se formam ao longo do dia em Mato Grosso do Sul, trazendo chuva forte e risco de temporais no sul e sudoeste do estado. Em Mato Grosso e Goi\u00e1s, as pancadas aparecem entre a tarde e a noite. O calor continua predominando, com sensa\u00e7\u00e3o de tempo abafado em toda a regi\u00e3o.<\/p>\n\n\n\n<p>No Nordeste, a quarta-feira segue com tempo inst\u00e1vel no Rec\u00f4ncavo Baiano, onde h\u00e1 risco de temporais e alagamentos. No interior da Bahia, Maranh\u00e3o e sul do Piau\u00ed, as chuvas perdem for\u00e7a, mas ainda ocorrem de forma isolada. Nas demais \u00e1reas, o sol predomina e o calor permanece intenso, com temperaturas acima dos 35\u00b0C em diversos pontos do sert\u00e3o.<\/p>\n\n\n\n<p>No Norte, o cen\u00e1rio se mant\u00e9m semelhante: tempo abafado e \u00famido, com pancadas de chuva de intensidade vari\u00e1vel. As precipita\u00e7\u00f5es s\u00e3o mais frequentes no Amazonas, Acre, Rond\u00f4nia, Roraima e Par\u00e1, podendo ser localmente fortes, especialmente no norte de Roraima.<\/p>\n\n\n\n<p><\/p>\n","protected":false},"excerpt":{"rendered":"<p>Nesta quarta-feira (12), o Brasil ter\u00e1 destaque para a combina\u00e7\u00e3o de calor, umidade e o retorno das chuvas, especialmente nas regi\u00f5es Sul e Centro-Oeste, devido ao avan\u00e7o de uma frente fria. No Sul, o cen\u00e1rio volta a gerar preocupa\u00e7\u00e3o ap\u00f3s os estragos da \u00faltima semana. De acordo com a MetSul, a chuva retorna de forma [&hellip;]<\/p>\n","protected":false},"author":4,"featured_media":5088,"comment_status":"open","ping_status":"open","sticky":false,"template":"","format":"standard","meta":{"jnews-multi-image_gallery":[],"jnews_single_post":{"format":"standard"},"jnews_primary_category":[],"jnews_social_meta":[],"jnews_post_split":[],"footnotes":""},"categories":[1],"tags":[],"class_list":["post-9055","post","type-post","status-publish","format-standard","has-post-thumbnail","hentry","category-uncategorized"],"_links":{"self":[{"href":"https:\/\/diariodepernambuco.audiencelabs.com.br\/wp-json\/wp\/v2\/posts\/9055","targetHints":{"allow":["GET"]}}],"collection":[{"href":"https:\/\/diariodepernambuco.audiencelabs.com.br\/wp-json\/wp\/v2\/posts"}],"about":[{"href":"https:\/\/diariodepernambuco.audiencelabs.com.br\/wp-json\/wp\/v2\/types\/post"}],"author":[{"embeddable":true,"href":"https:\/\/diariodepernambuco.audiencelabs.com.br\/wp-json\/wp\/v2\/users\/4"}],"replies":[{"embeddable":true,"href":"https:\/\/diariodepernambuco.audiencelabs.com.br\/wp-json\/wp\/v2\/comments?post=9055"}],"version-history":[{"count":2,"href":"https:\/\/diariodepernambuco.audiencelabs.com.br\/wp-json\/wp\/v2\/posts\/9055\/revisions"}],"predecessor-version":[{"id":9100,"href":"https:\/\/diariodepernambuco.audiencelabs.com.br\/wp-json\/wp\/v2\/posts\/9055\/revisions\/9100"}],"wp:featuredmedia":[{"embeddable":true,"href":"https:\/\/diariodepernambuco.audiencelabs.com.br\/wp-json\/wp\/v2\/media\/5088"}],"wp:attachment":[{"href":"https:\/\/diariodepernambuco.audiencelabs.com.br\/wp-json\/wp\/v2\/media?parent=9055"}],"wp:term":[{"taxonomy":"category","embeddable":true,"href":"https:\/\/diariodepernambuco.audiencelabs.com.br\/wp-json\/wp\/v2\/categories?post=9055"},{"taxonomy":"post_tag","embeddable":true,"href":"https:\/\/diariodepernambuco.audiencelabs.com.br\/wp-json\/wp\/v2\/tags?post=9055"}],"curies":[{"name":"wp","href":"https:\/\/api.w.org\/{rel}","templated":true}]}}