{"id":9057,"date":"2025-12-24T09:45:00","date_gmt":"2025-12-24T12:45:00","guid":{"rendered":"https:\/\/diariodepernambuco.audiencelabs.com.br\/?p=9057"},"modified":"2025-11-12T14:06:56","modified_gmt":"2025-11-12T17:06:56","slug":"cidade-que-poucos-conhecem-no-brasil-tem-deserto-vermelho-e-parece-o-planeta-marte","status":"publish","type":"post","link":"https:\/\/diariodepernambuco.audiencelabs.com.br\/cidade-que-poucos-conhecem-no-brasil-tem-deserto-vermelho-e-parece-o-planeta-marte\/","title":{"rendered":"Cidade que poucos conhecem no Brasil tem deserto vermelho e parece o planeta Marte"},"content":{"rendered":"\n<p>No interior do Nordeste brasileiro, uma cidade pouco conhecida guarda um cen\u00e1rio que mais parece uma paisagem marciana. Suas terras vermelhas, as forma\u00e7\u00f5es rochosas imponentes e o contraste entre o solo \u00e1rido e a vegeta\u00e7\u00e3o retorcida chamam aten\u00e7\u00e3o de quem passa. <\/p>\n\n\n\n<p>O apelido n\u00e3o poderia ser outro: &#8220;deserto vermelho&#8221;. O lugar, que atrai turistas do mundo inteiro pela beleza ex\u00f3tica e riqueza hist\u00f3rica, tamb\u00e9m enfrenta um problema silencioso e grave, a desertifica\u00e7\u00e3o, processo que amea\u00e7a sua biodiversidade e os modos de vida locais.<\/p>\n\n\n\n<h2 class=\"wp-block-heading\">Cidade que poucos conhecem no Brasil tem deserto vermelho e parece o planeta Marte<\/h2>\n\n\n\n<p>A cidade em quest\u00e3o \u00e9 <a href=\"https:\/\/gilbues.pi.gov.br\/\" target=\"_blank\" rel=\"noopener\"><strong>Gilbu\u00e9s<\/strong><\/a>, no sul do Piau\u00ed, a cerca de 800 quil\u00f4metros de Teresina. Com pouco mais de 10 mil habitantes, o munic\u00edpio \u00e9 cercado por paisagens que lembram filmes de fic\u00e7\u00e3o cient\u00edfica. <\/p>\n\n\n\n<p>Apesar do nome \u201cdeserto vermelho\u201d ser geralmente associado ao Parque Nacional Serra da Capivara, localizado em outra \u00e1rea do estado, Gilbu\u00e9s tamb\u00e9m apresenta solos avermelhados e secos, resultado de processos geol\u00f3gicos e clim\u00e1ticos que moldaram o relevo ao longo de milh\u00f5es de anos.<\/p>\n\n\n\n<p>Essa colora\u00e7\u00e3o marcante vem da presen\u00e7a de \u00f3xidos de ferro nos arenitos que dominam o solo da regi\u00e3o. A combina\u00e7\u00e3o entre luz intensa, solo exposto, pouca vegeta\u00e7\u00e3o e eros\u00e3o acentuada resulta em um ambiente que fascina os visitantes. <\/p>\n\n\n\n<p>Trilhas, mirantes e forma\u00e7\u00f5es naturais impressionam pela est\u00e9tica e pela sensa\u00e7\u00e3o de estar em um mundo distante. Por\u00e9m, por tr\u00e1s da beleza ex\u00f3tica est\u00e1 um alerta ambiental urgente.<\/p>\n\n\n\n<h3 class=\"wp-block-heading\">Cidade possui lindo deserto vermelho, mas tamb\u00e9m sobre com a desertifica\u00e7\u00e3o<\/h3>\n\n\n\n<p>Gilbu\u00e9s \u00e9 um dos seis n\u00facleos de desertifica\u00e7\u00e3o identificados no Brasil. O processo, que torna o solo cada vez menos f\u00e9rtil e incapaz de sustentar vegeta\u00e7\u00e3o ou agricultura, come\u00e7ou no munic\u00edpio ainda na d\u00e9cada de 1940. <\/p>\n\n\n\n<p>Desde ent\u00e3o, foi agravado por pr\u00e1ticas agr\u00edcolas inadequadas, minera\u00e7\u00e3o predat\u00f3ria e mudan\u00e7as clim\u00e1ticas. A cidade enfrenta longos per\u00edodos de seca, e as chuvas, j\u00e1 escassas, tendem a diminuir ainda mais com o avan\u00e7o do aquecimento global.<\/p>\n\n\n\n<p>A paisagem que atrai turistas e estudiosos tamb\u00e9m revela um desafio: equilibrar o turismo e o desenvolvimento com a <a href=\"https:\/\/diariodepernambuco.com.br\/dpmais\/paraiso-brasileiro-que-poucos-conhecem-aparece-apenas-quando-o-mar-some\/\" target=\"_blank\" rel=\"noopener\"><strong>preserva\u00e7\u00e3o ambiental<\/strong><\/a>. <\/p>\n\n\n\n<p>A beleza de Gilbu\u00e9s pode ser o motor para conscientiza\u00e7\u00e3o, n\u00e3o apenas sobre o seu valor geol\u00f3gico e cultural, mas sobre a urg\u00eancia de proteger seus recursos naturais antes que o \u201cdeserto vermelho\u201d vire apenas uma lembran\u00e7a.<\/p>\n\n\n\n<p><\/p>\n","protected":false},"excerpt":{"rendered":"<p>No interior do Nordeste brasileiro, uma cidade pouco conhecida guarda um cen\u00e1rio que mais parece uma paisagem marciana. Suas terras vermelhas, as forma\u00e7\u00f5es rochosas imponentes e o contraste entre o solo \u00e1rido e a vegeta\u00e7\u00e3o retorcida chamam aten\u00e7\u00e3o de quem passa. O apelido n\u00e3o poderia ser outro: &#8220;deserto vermelho&#8221;. O lugar, que atrai turistas do [&hellip;]<\/p>\n","protected":false},"author":12,"featured_media":9059,"comment_status":"open","ping_status":"open","sticky":false,"template":"","format":"standard","meta":{"jnews-multi-image_gallery":[],"jnews_single_post":{"format":"standard"},"jnews_primary_category":[],"jnews_social_meta":[],"jnews_post_split":[],"footnotes":""},"categories":[1],"tags":[],"class_list":["post-9057","post","type-post","status-publish","format-standard","has-post-thumbnail","hentry","category-uncategorized"],"_links":{"self":[{"href":"https:\/\/diariodepernambuco.audiencelabs.com.br\/wp-json\/wp\/v2\/posts\/9057","targetHints":{"allow":["GET"]}}],"collection":[{"href":"https:\/\/diariodepernambuco.audiencelabs.com.br\/wp-json\/wp\/v2\/posts"}],"about":[{"href":"https:\/\/diariodepernambuco.audiencelabs.com.br\/wp-json\/wp\/v2\/types\/post"}],"author":[{"embeddable":true,"href":"https:\/\/diariodepernambuco.audiencelabs.com.br\/wp-json\/wp\/v2\/users\/12"}],"replies":[{"embeddable":true,"href":"https:\/\/diariodepernambuco.audiencelabs.com.br\/wp-json\/wp\/v2\/comments?post=9057"}],"version-history":[{"count":1,"href":"https:\/\/diariodepernambuco.audiencelabs.com.br\/wp-json\/wp\/v2\/posts\/9057\/revisions"}],"predecessor-version":[{"id":9067,"href":"https:\/\/diariodepernambuco.audiencelabs.com.br\/wp-json\/wp\/v2\/posts\/9057\/revisions\/9067"}],"wp:featuredmedia":[{"embeddable":true,"href":"https:\/\/diariodepernambuco.audiencelabs.com.br\/wp-json\/wp\/v2\/media\/9059"}],"wp:attachment":[{"href":"https:\/\/diariodepernambuco.audiencelabs.com.br\/wp-json\/wp\/v2\/media?parent=9057"}],"wp:term":[{"taxonomy":"category","embeddable":true,"href":"https:\/\/diariodepernambuco.audiencelabs.com.br\/wp-json\/wp\/v2\/categories?post=9057"},{"taxonomy":"post_tag","embeddable":true,"href":"https:\/\/diariodepernambuco.audiencelabs.com.br\/wp-json\/wp\/v2\/tags?post=9057"}],"curies":[{"name":"wp","href":"https:\/\/api.w.org\/{rel}","templated":true}]}}