{"id":9068,"date":"2025-12-24T11:45:00","date_gmt":"2025-12-24T14:45:00","guid":{"rendered":"https:\/\/diariodepernambuco.audiencelabs.com.br\/?p=9068"},"modified":"2025-11-12T14:33:56","modified_gmt":"2025-11-12T17:33:56","slug":"prepare-suas-folgas-2026-sera-um-ano-cheio-de-feriados","status":"publish","type":"post","link":"https:\/\/diariodepernambuco.audiencelabs.com.br\/prepare-suas-folgas-2026-sera-um-ano-cheio-de-feriados\/","title":{"rendered":"Prepare suas folgas! 2026 ser\u00e1 um ano cheio de feriados"},"content":{"rendered":"\n<p>Com os \u00faltimos feriados de 2025 prestes a se despedir, muitos j\u00e1 se preparam para retomar a rotina em 2026. O novo ano chega carregado de expectativas: recome\u00e7o nos estudos, metas de trabalho, novos projetos e o desejo renovado de alcan\u00e7ar objetivos. <\/p>\n\n\n\n<p>Mas para quem j\u00e1 sente saudade das pausas de fim de ano antes mesmo delas acabarem, uma boa not\u00edcia se destaca no horizonte: 2026 ser\u00e1 um ano generoso em feriados, muitos deles com potencial de se transformar em <a href=\"https:\/\/diariodepernambuco.com.br\/dpmais\/feriado-que-quase-ninguem-lembra-em-novembro-oferece-folga-e-dias-de-descanso\/\" target=\"_blank\" rel=\"noopener\"><strong>feriad\u00f5es prolongados<\/strong><\/a>.<\/p>\n\n\n\n<h2 class=\"wp-block-heading\">Prepare suas folgas! 2026 ser\u00e1 um ano cheio de feriados<\/h2>\n\n\n\n<p>Logo no in\u00edcio do ano, a Confraterniza\u00e7\u00e3o Universal, em 1\u00ba de janeiro, cair\u00e1 numa quinta-feira. Se houver emenda na sexta-feira (02\/01), o descanso pode se estender por quatro dias seguidos. <\/p>\n\n\n\n<p>Fevereiro traz o tradicional Carnaval, com folga na segunda e ter\u00e7a, dias 16 e 17, e, para muitos, o descanso come\u00e7a j\u00e1 no s\u00e1bado anterior, dia 13 de fevereiro.<\/p>\n\n\n\n<p>Abril ser\u00e1 um m\u00eas estrat\u00e9gico para quem gosta de planejar. A Sexta-feira Santa ser\u00e1 no dia 3, garantindo um fim de semana prolongado. <\/p>\n\n\n\n<p>Pouco depois, no dia 21, Tiradentes cair\u00e1 numa ter\u00e7a-feira. Com a possibilidade de \u201cenforcar\u201d a segunda (20\/04), muitos podem conquistar mais um per\u00edodo de quatro dias de folga.<\/p>\n\n\n\n<p>Maio come\u00e7a com o Dia do Trabalho (01\/05), em uma sexta-feira. J\u00e1 junho ter\u00e1 Corpus Christi no dia 4, uma quinta-feira que, se combinada com folga na sexta (05\/06), garante outro feriado estendido. <\/p>\n\n\n\n<p>Depois, s\u00f3 em setembro, com a Independ\u00eancia do Brasil no dia 7, uma segunda-feira que, por si s\u00f3, j\u00e1 rende tr\u00eas dias de descanso. <\/p>\n\n\n\n<p>Outubro e novembro seguem o mesmo ritmo: os feriados de Nossa Senhora Aparecida (12\/10) e Finados (2\/11) tamb\u00e9m caem em segundas-feiras.<\/p>\n\n\n\n<p>Em dezembro, o Natal encerrar\u00e1 o ciclo com mais uma folga na sexta-feira, dia 25, formando outro fim de semana prolongado. <\/p>\n\n\n\n<h3 class=\"wp-block-heading\">F\u00e9rias de 2026 pode ter mais dias se combinada com feriado<\/h3>\n\n\n\n<p>Ao todo, ser\u00e3o 13 datas com potencial de emenda, um al\u00edvio para muitos trabalhadores. Essas folgas, al\u00e9m de darem respiro ao calend\u00e1rio, podem ser <a href=\"https:\/\/tribunademinas.com.br\/colunas\/maistendencias\/esses-sao-os-melhores-periodos-para-ferias-com-feriados-para-2026\/\" target=\"_blank\" rel=\"noopener\"><strong>ainda mais vantajosas <\/strong><\/a>para quem deseja tirar f\u00e9rias. <\/p>\n\n\n\n<p>Com um bom planejamento, \u00e9 poss\u00edvel programar os 30 dias legais combinando com um desses feriad\u00f5es, esticando o descanso e economizando dias do saldo total. <\/p>\n\n\n\n<p>Meses como abril, maio e novembro oferecem boas oportunidades nesse sentido, maximizando o tempo livre com intelig\u00eancia.<\/p>\n\n\n\n<p>Para 2026, a dica \u00e9 clara: organize-se com anteced\u00eancia e aproveite ao m\u00e1ximo os intervalos que o calend\u00e1rio generosamente oferece.<\/p>\n\n\n\n<p><\/p>\n","protected":false},"excerpt":{"rendered":"<p>Com os \u00faltimos feriados de 2025 prestes a se despedir, muitos j\u00e1 se preparam para retomar a rotina em 2026. O novo ano chega carregado de expectativas: recome\u00e7o nos estudos, metas de trabalho, novos projetos e o desejo renovado de alcan\u00e7ar objetivos. Mas para quem j\u00e1 sente saudade das pausas de fim de ano antes [&hellip;]<\/p>\n","protected":false},"author":12,"featured_media":9073,"comment_status":"open","ping_status":"open","sticky":false,"template":"","format":"standard","meta":{"jnews-multi-image_gallery":[],"jnews_single_post":{"format":"standard"},"jnews_primary_category":[],"jnews_social_meta":[],"jnews_post_split":[],"footnotes":""},"categories":[1],"tags":[],"class_list":["post-9068","post","type-post","status-publish","format-standard","has-post-thumbnail","hentry","category-uncategorized"],"_links":{"self":[{"href":"https:\/\/diariodepernambuco.audiencelabs.com.br\/wp-json\/wp\/v2\/posts\/9068","targetHints":{"allow":["GET"]}}],"collection":[{"href":"https:\/\/diariodepernambuco.audiencelabs.com.br\/wp-json\/wp\/v2\/posts"}],"about":[{"href":"https:\/\/diariodepernambuco.audiencelabs.com.br\/wp-json\/wp\/v2\/types\/post"}],"author":[{"embeddable":true,"href":"https:\/\/diariodepernambuco.audiencelabs.com.br\/wp-json\/wp\/v2\/users\/12"}],"replies":[{"embeddable":true,"href":"https:\/\/diariodepernambuco.audiencelabs.com.br\/wp-json\/wp\/v2\/comments?post=9068"}],"version-history":[{"count":1,"href":"https:\/\/diariodepernambuco.audiencelabs.com.br\/wp-json\/wp\/v2\/posts\/9068\/revisions"}],"predecessor-version":[{"id":9084,"href":"https:\/\/diariodepernambuco.audiencelabs.com.br\/wp-json\/wp\/v2\/posts\/9068\/revisions\/9084"}],"wp:featuredmedia":[{"embeddable":true,"href":"https:\/\/diariodepernambuco.audiencelabs.com.br\/wp-json\/wp\/v2\/media\/9073"}],"wp:attachment":[{"href":"https:\/\/diariodepernambuco.audiencelabs.com.br\/wp-json\/wp\/v2\/media?parent=9068"}],"wp:term":[{"taxonomy":"category","embeddable":true,"href":"https:\/\/diariodepernambuco.audiencelabs.com.br\/wp-json\/wp\/v2\/categories?post=9068"},{"taxonomy":"post_tag","embeddable":true,"href":"https:\/\/diariodepernambuco.audiencelabs.com.br\/wp-json\/wp\/v2\/tags?post=9068"}],"curies":[{"name":"wp","href":"https:\/\/api.w.org\/{rel}","templated":true}]}}