{"id":9134,"date":"2025-11-14T12:30:00","date_gmt":"2025-11-14T15:30:00","guid":{"rendered":"https:\/\/diariodepernambuco.audiencelabs.com.br\/?p=9134"},"modified":"2025-11-13T10:01:55","modified_gmt":"2025-11-13T13:01:55","slug":"animal-mais-raro-do-brasil-renasceu-em-outro-lugar-do-mundo","status":"publish","type":"post","link":"https:\/\/diariodepernambuco.audiencelabs.com.br\/animal-mais-raro-do-brasil-renasceu-em-outro-lugar-do-mundo\/","title":{"rendered":"Animal mais raro do Brasil \u201crenasceu\u201d em outro lugar do mundo"},"content":{"rendered":"\n<p>Considerada uma das esp\u00e9cies mais raras do Brasil, a Ararinha-azul, tamb\u00e9m conhecida como Arara-azul-de-Spix, registrou um novo nascimento \u2014 um marco importante para a conserva\u00e7\u00e3o de uma ave que foi declarada extinta na natureza h\u00e1 25 anos. Nativa do Nordeste brasileiro, a esp\u00e9cie ganhou fama mundial ao inspirar o filme Rio.<\/p>\n\n\n\n<p>O novo filhote nasceu no zool\u00f3gico Pairi Daiza, na B\u00e9lgica, e representa um avan\u00e7o significativo nos esfor\u00e7os de preserva\u00e7\u00e3o da Ararinha-azul. O nascimento refor\u00e7a o sucesso dos programas internacionais de reprodu\u00e7\u00e3o em cativeiro, que contam com a colabora\u00e7\u00e3o direta do governo brasileiro, reacendendo as esperan\u00e7as de reintrodu\u00e7\u00e3o da esp\u00e9cie na natureza.<\/p>\n\n\n\n<p>A not\u00edcia do nascimento foi divulgada pelo pr\u00f3prio zool\u00f3gico Pairi Daiza, que integra um programa internacional de reprodu\u00e7\u00e3o com doze exemplares da esp\u00e9cie. A iniciativa \u00e9 realizada em parceria com o Instituto Chico Mendes de Conserva\u00e7\u00e3o da Biodiversidade (ICMBio), no Brasil, e com o Zool\u00f3gico de S\u00e3o Paulo, unindo esfor\u00e7os para garantir a sobreviv\u00eancia da Ararinha-azul.<\/p>\n\n\n\n<p>Desde o in\u00edcio do projeto, j\u00e1 haviam sido postos 100 ovos, mas nenhum havia sido fertilizado com sucesso \u2014 at\u00e9 que, no 101\u00ba ovo, o t\u00e3o esperado filhote finalmente nasceu. A pequena ave veio ao mundo com 13 gramas e, em pouco tempo, ultrapassou 30 gramas. Desde o nascimento, vem sendo alimentada manualmente a cada duas horas.<\/p>\n\n\n\n<h2 class=\"wp-block-heading\">As caracter\u00edsticas da Arara-azul-de-Spix (Cyanopsitta spixii)<\/h2>\n\n\n\n<p>\ud83d\udc26 Nome comum: Ararinha-azul ou Arara-azul-de-Spix<\/p>\n\n\n\n<p>\ud83d\udd2c Nome cient\u00edfico: Cyanopsitta spixii<\/p>\n\n\n\n<p>\ud83c\udf0d Origem: Esp\u00e9cie brasileira e end\u00eamica do Nordeste, especialmente da regi\u00e3o do sert\u00e3o baiano, nas margens do Rio S\u00e3o Francisco<\/p>\n\n\n\n<p>\ud83c\udf33 Habitat natural: Caatinga, em \u00e1reas com carna\u00fabas e mandacarus \u2014 vegeta\u00e7\u00e3o t\u00edpica do semi\u00e1rido<\/p>\n\n\n\n<p>\ud83c\udfa8 Apar\u00eancia: Plumagem azul-clara com tons acinzentados, bico escuro e cauda longa<\/p>\n\n\n\n<p>\ud83d\udccf Tamanho: Mede cerca de 55 a 57 cm de comprimento<\/p>\n\n\n\n<p>\u2696\ufe0f Peso: Aproximadamente 300 gramas<\/p>\n\n\n\n<p>\ud83c\udf4e Alimenta\u00e7\u00e3o: Baseada em sementes, frutas, castanhas e flores de plantas nativas da caatinga<\/p>\n\n\n\n<p>\ud83d\udc91 Comportamento: Vive em pares ou pequenos grupos, formando la\u00e7os monog\u00e2micos duradouros<\/p>\n\n\n\n<p>\ud83e\udeb6 Reprodu\u00e7\u00e3o: Faz ninhos em cavidades de \u00e1rvores secas, geralmente durante o per\u00edodo chuvoso<\/p>\n\n\n\n<p>\u26a0\ufe0f Situa\u00e7\u00e3o de conserva\u00e7\u00e3o: Extinta na natureza desde 2000, com poucos indiv\u00edduos mantidos em programas de reprodu\u00e7\u00e3o em cativeiro<\/p>\n\n\n\n<p>\ud83c\udf31 Esfor\u00e7os de preserva\u00e7\u00e3o: Existem projetos internacionais, com participa\u00e7\u00e3o do Brasil, B\u00e9lgica e Alemanha, que buscam reintroduzir a esp\u00e9cie em seu habitat natural<\/p>\n\n\n\n<p><\/p>\n","protected":false},"excerpt":{"rendered":"<p>Considerada uma das esp\u00e9cies mais raras do Brasil, a Ararinha-azul, tamb\u00e9m conhecida como Arara-azul-de-Spix, registrou um novo nascimento \u2014 um marco importante para a conserva\u00e7\u00e3o de uma ave que foi declarada extinta na natureza h\u00e1 25 anos. Nativa do Nordeste brasileiro, a esp\u00e9cie ganhou fama mundial ao inspirar o filme Rio. O novo filhote nasceu [&hellip;]<\/p>\n","protected":false},"author":4,"featured_media":5166,"comment_status":"open","ping_status":"open","sticky":false,"template":"","format":"standard","meta":{"jnews-multi-image_gallery":[],"jnews_single_post":{"format":"standard"},"jnews_primary_category":[],"jnews_social_meta":[],"jnews_post_split":[],"footnotes":""},"categories":[1],"tags":[],"class_list":["post-9134","post","type-post","status-publish","format-standard","has-post-thumbnail","hentry","category-uncategorized"],"_links":{"self":[{"href":"https:\/\/diariodepernambuco.audiencelabs.com.br\/wp-json\/wp\/v2\/posts\/9134","targetHints":{"allow":["GET"]}}],"collection":[{"href":"https:\/\/diariodepernambuco.audiencelabs.com.br\/wp-json\/wp\/v2\/posts"}],"about":[{"href":"https:\/\/diariodepernambuco.audiencelabs.com.br\/wp-json\/wp\/v2\/types\/post"}],"author":[{"embeddable":true,"href":"https:\/\/diariodepernambuco.audiencelabs.com.br\/wp-json\/wp\/v2\/users\/4"}],"replies":[{"embeddable":true,"href":"https:\/\/diariodepernambuco.audiencelabs.com.br\/wp-json\/wp\/v2\/comments?post=9134"}],"version-history":[{"count":2,"href":"https:\/\/diariodepernambuco.audiencelabs.com.br\/wp-json\/wp\/v2\/posts\/9134\/revisions"}],"predecessor-version":[{"id":9136,"href":"https:\/\/diariodepernambuco.audiencelabs.com.br\/wp-json\/wp\/v2\/posts\/9134\/revisions\/9136"}],"wp:featuredmedia":[{"embeddable":true,"href":"https:\/\/diariodepernambuco.audiencelabs.com.br\/wp-json\/wp\/v2\/media\/5166"}],"wp:attachment":[{"href":"https:\/\/diariodepernambuco.audiencelabs.com.br\/wp-json\/wp\/v2\/media?parent=9134"}],"wp:term":[{"taxonomy":"category","embeddable":true,"href":"https:\/\/diariodepernambuco.audiencelabs.com.br\/wp-json\/wp\/v2\/categories?post=9134"},{"taxonomy":"post_tag","embeddable":true,"href":"https:\/\/diariodepernambuco.audiencelabs.com.br\/wp-json\/wp\/v2\/tags?post=9134"}],"curies":[{"name":"wp","href":"https:\/\/api.w.org\/{rel}","templated":true}]}}