{"id":9144,"date":"2025-11-13T11:34:19","date_gmt":"2025-11-13T14:34:19","guid":{"rendered":"https:\/\/diariodepernambuco.audiencelabs.com.br\/?p=9144"},"modified":"2025-11-13T15:02:22","modified_gmt":"2025-11-13T18:02:22","slug":"lei-pouco-conhecida-obriga-empresa-a-pagar-hora-extra-apos-6-horas-de-trabalho","status":"publish","type":"post","link":"https:\/\/diariodepernambuco.audiencelabs.com.br\/lei-pouco-conhecida-obriga-empresa-a-pagar-hora-extra-apos-6-horas-de-trabalho\/","title":{"rendered":"Lei pouco conhecida obriga empresa a pagar hora extra ap\u00f3s 6 horas de trabalho"},"content":{"rendered":"\n<p>A Consolida\u00e7\u00e3o das Leis do Trabalho (<a href=\"https:\/\/www.planalto.gov.br\/ccivil_03\/decreto-lei\/del5452.htm\" target=\"_blank\" rel=\"noopener\"><strong>CLT<\/strong><\/a>) estabelece as bases da jornada de trabalho no Brasil e assegura uma s\u00e9rie de direitos aos empregados. Entre esses direitos est\u00e1 o recebimento de horas extras quando a carga hor\u00e1ria ultrapassa os limites legais. <\/p>\n\n\n\n<p>O que muita gente n\u00e3o sabe \u00e9 que, para algumas categorias profissionais, a obriga\u00e7\u00e3o do pagamento de hora extra come\u00e7a antes das 8 horas di\u00e1rias tradicionais, em certos casos, j\u00e1 a partir da sexta hora trabalhada.<\/p>\n\n\n\n<h2 class=\"wp-block-heading\">Lei pouco conhecida obriga empresa a pagar hora extra ap\u00f3s 6 horas de trabalho<\/h2>\n\n\n\n<p>Essa diferen\u00e7a ocorre porque a legisla\u00e7\u00e3o reconhece que determinadas fun\u00e7\u00f5es imp\u00f5em maior desgaste f\u00edsico ou mental ao trabalhador. <\/p>\n\n\n\n<p>Atividades que exigem aten\u00e7\u00e3o constante, lidam com riscos \u00e0 sa\u00fade ou operam sob condi\u00e7\u00f5es desgastantes recebem um tratamento especial na lei. Por isso, alguns profissionais t\u00eam direito a jornadas reduzidas, com limite di\u00e1rio de seis horas. <\/p>\n\n\n\n<p>O caso mais conhecido \u00e9 o dos banc\u00e1rios, cuja jornada legal \u00e9 de at\u00e9 6 horas por dia e 30 horas semanais. <\/p>\n\n\n\n<p>Se um funcion\u00e1rio de banco trabalha sete horas em um \u00fanico dia, aquela hora extra deve ser remunerada com, no m\u00ednimo, 50% de acr\u00e9scimo sobre o valor da hora normal.<\/p>\n\n\n\n<p>Al\u00e9m dos banc\u00e1rios, outras categorias tamb\u00e9m s\u00e3o contempladas com jornadas menores, como os operadores de telemarketing, telefonistas e trabalhadores em minas de subsolo. <\/p>\n\n\n\n<p>A raz\u00e3o principal \u00e9 a natureza estressante, repetitiva ou insalubre dessas atividades, que pode comprometer a sa\u00fade f\u00edsica ou emocional do empregado ao longo do tempo. <\/p>\n\n\n\n<p>Assim, o Estado busca equilibrar as exig\u00eancias do trabalho com a preserva\u00e7\u00e3o do bem-estar do profissional.<\/p>\n\n\n\n<h3 class=\"wp-block-heading\">Pagamento de horas extras ap\u00f3s cumprimento de 6 horas de trabalho em diversas fun\u00e7\u00f5es pode esbarrar em exce\u00e7\u00f5es regulamentadas<\/h3>\n\n\n\n<p>No entanto, nem todos dentro dessas categorias est\u00e3o automaticamente cobertos por essa regra. <\/p>\n\n\n\n<p>No setor banc\u00e1rio, por exemplo, quem ocupa cargos de confian\u00e7a pode ter uma jornada de at\u00e9 8 horas sem direito \u00e0 hora extra na sexta e s\u00e9tima horas, desde que esteja claro que h\u00e1 autonomia e responsabilidades compat\u00edveis com essa fun\u00e7\u00e3o. <\/p>\n\n\n\n<p>Al\u00e9m disso, <a href=\"https:\/\/diariodepernambuco.com.br\/dpmais\/novas-regras-de-trabalho-nos-domingos-e-feriados-surpreende-trabalhadores\/\" target=\"_blank\" rel=\"noopener\"><strong>acordos coletivos<\/strong><\/a> podem alterar aspectos da jornada, sempre respeitando os limites legais estabelecidos. <\/p>\n\n\n\n<p>Desrespeitar essas normas pode gerar obriga\u00e7\u00f5es trabalhistas retroativas para as empresas. <\/p>\n\n\n\n<p>Se o empregador n\u00e3o respeita o limite da jornada especial e n\u00e3o paga as horas excedentes, o funcion\u00e1rio pode exigir os valores devidos judicialmente. A legisla\u00e7\u00e3o permite que esses direitos sejam cobrados at\u00e9 cinco anos ap\u00f3s o desligamento da empresa. <\/p>\n\n\n\n<p>Por isso, conhecer a legisla\u00e7\u00e3o espec\u00edfica da sua profiss\u00e3o \u00e9 essencial para garantir que seus direitos estejam sendo respeitados.<\/p>\n\n\n\n<p><\/p>\n","protected":false},"excerpt":{"rendered":"<p>A Consolida\u00e7\u00e3o das Leis do Trabalho (CLT) estabelece as bases da jornada de trabalho no Brasil e assegura uma s\u00e9rie de direitos aos empregados. Entre esses direitos est\u00e1 o recebimento de horas extras quando a carga hor\u00e1ria ultrapassa os limites legais. O que muita gente n\u00e3o sabe \u00e9 que, para algumas categorias profissionais, a obriga\u00e7\u00e3o [&hellip;]<\/p>\n","protected":false},"author":12,"featured_media":9153,"comment_status":"open","ping_status":"open","sticky":false,"template":"","format":"standard","meta":{"jnews-multi-image_gallery":[],"jnews_single_post":{"format":"standard"},"jnews_primary_category":[],"jnews_social_meta":[],"jnews_post_split":[],"footnotes":""},"categories":[1],"tags":[],"class_list":["post-9144","post","type-post","status-publish","format-standard","has-post-thumbnail","hentry","category-uncategorized"],"_links":{"self":[{"href":"https:\/\/diariodepernambuco.audiencelabs.com.br\/wp-json\/wp\/v2\/posts\/9144","targetHints":{"allow":["GET"]}}],"collection":[{"href":"https:\/\/diariodepernambuco.audiencelabs.com.br\/wp-json\/wp\/v2\/posts"}],"about":[{"href":"https:\/\/diariodepernambuco.audiencelabs.com.br\/wp-json\/wp\/v2\/types\/post"}],"author":[{"embeddable":true,"href":"https:\/\/diariodepernambuco.audiencelabs.com.br\/wp-json\/wp\/v2\/users\/12"}],"replies":[{"embeddable":true,"href":"https:\/\/diariodepernambuco.audiencelabs.com.br\/wp-json\/wp\/v2\/comments?post=9144"}],"version-history":[{"count":1,"href":"https:\/\/diariodepernambuco.audiencelabs.com.br\/wp-json\/wp\/v2\/posts\/9144\/revisions"}],"predecessor-version":[{"id":9164,"href":"https:\/\/diariodepernambuco.audiencelabs.com.br\/wp-json\/wp\/v2\/posts\/9144\/revisions\/9164"}],"wp:featuredmedia":[{"embeddable":true,"href":"https:\/\/diariodepernambuco.audiencelabs.com.br\/wp-json\/wp\/v2\/media\/9153"}],"wp:attachment":[{"href":"https:\/\/diariodepernambuco.audiencelabs.com.br\/wp-json\/wp\/v2\/media?parent=9144"}],"wp:term":[{"taxonomy":"category","embeddable":true,"href":"https:\/\/diariodepernambuco.audiencelabs.com.br\/wp-json\/wp\/v2\/categories?post=9144"},{"taxonomy":"post_tag","embeddable":true,"href":"https:\/\/diariodepernambuco.audiencelabs.com.br\/wp-json\/wp\/v2\/tags?post=9144"}],"curies":[{"name":"wp","href":"https:\/\/api.w.org\/{rel}","templated":true}]}}