{"id":9149,"date":"2025-11-14T14:00:00","date_gmt":"2025-11-14T17:00:00","guid":{"rendered":"https:\/\/diariodepernambuco.audiencelabs.com.br\/?p=9149"},"modified":"2025-11-14T14:33:28","modified_gmt":"2025-11-14T17:33:28","slug":"o-segredo-por-tras-da-estatua-da-liberdade-da-havan","status":"publish","type":"post","link":"https:\/\/diariodepernambuco.audiencelabs.com.br\/o-segredo-por-tras-da-estatua-da-liberdade-da-havan\/","title":{"rendered":"O segredo por tr\u00e1s da est\u00e1tua da liberdade da Havan"},"content":{"rendered":"\n<p>Desde 1995, a gigantesca r\u00e9plica da Est\u00e1tua da Liberdade que hoje se ergue em frente \u00e0s lojas da Havan virou mais do que um simples enfeite: tornou\u2011se s\u00edmbolo da marca e da \u201cliberdade\u201d que ela propaga. Segundo o blog oficial da empresa, a ideia surgiu a partir de uma sugest\u00e3o de uma crian\u00e7a de apenas sete anos em Brusque (SC).<\/p>\n\n\n\n<p>O jovem Rafain, ao ver a fachada da Casa Branca da loja catarinense, n\u00e3o pensou duas vezes e prop\u00f4s a Luciano Hang, propriet\u00e1rio da Havan, para instalar uma r\u00e9plica da Est\u00e1tua bem em frente ao empreendimento. Desde ent\u00e3o j\u00e1 foram instaladas mais de 70 dessas est\u00e1tuas em todo o Brasil.<\/p>\n\n\n\n<p>A r\u00e9plica da Est\u00e1tua da Liberdade da Havan n\u00e3o \u00e9 apenas uma homenagem \u00e0 ic\u00f4nica obra de Nova York, mas tamb\u00e9m uma marca registrada da rede, que busca transmitir valores como liberdade, empreendedorismo e ousadia. Cada est\u00e1tua mede cerca de 7 metros de altura, sendo cuidadosamente constru\u00edda para suportar condi\u00e7\u00f5es clim\u00e1ticas variadas.<\/p>\n\n\n\n<p>Al\u00e9m de sua fun\u00e7\u00e3o simb\u00f3lica, a presen\u00e7a da est\u00e1tua em frente \u00e0s lojas tamb\u00e9m atrai curiosidade e turistas, tornando-se ponto de refer\u00eancia em v\u00e1rias cidades. A ideia, que come\u00e7ou como um gesto l\u00fadico inspirado na criatividade de uma crian\u00e7a, transformou-se em um verdadeiro \u00edcone da Havan, refor\u00e7ando a identidade da marca e consolidando sua imagem no cen\u00e1rio nacional.<\/p>\n\n\n\n<h2 class=\"wp-block-heading\">Um s\u00edmbolo que une marketing e identidade cultural da Havan<\/h2>\n\n\n<style>@media (min-width: 992px) {\n    .recomendadorV2Area1 {\n        width: 280px;\n    }\n    .recomendadorV2Area2 {\n        padding: 0px 20px;\n        width: calc(100% - 280px);\n    }\n}\n\n@media (max-width: 992px) {\n    .recomendadorV2Button {\n        margin: 0 auto;\n    }\n    .recomendadorV2Area {\n        flex-direction: column;\n        text-align: center;\n    }\n    .recomendadorV2Area2 {\n        padding: 0px 20px;\n    }\n}\n\n.recomendadorV2Area {\n    background: #eeeeee3d;\n    border-radius: 10px;\n    padding: 15px;\n    display: flex;\n    margin: 15px auto;\n    border: 1px solid #00000014;\n    max-width: 800px;\n}\n\n.recomendadorV2Area1 img {\n    width: 280px;\n    height: auto;\n    border-radius: 8px;\n}\n\n.linkrecomendadorv2 {\n    text-decoration: none !important;\n}\n\n.recomendadorV2Area2 .recomendadorV2Type {\n    text-transform: uppercase;\n    font-weight: 500;\n    font-size: 11px;\n    letter-spacing: 2px;\n    color: #666;\n    margin: 12px 0;\n    display: block;\n}\n\n.recomendadorV2Title h2 {\n    padding-top: 0px !important;\n    margin: 0px !important;\n    border-left: none !important;\n    padding-left: 0px !important;\n    line-height: 1.3;\n    color: #000 !important;\n    font-size: 24px;\n    margin-bottom: 12px !important;\n}\n\n.recomendadorV2Desc {\n    color: #333;\n    margin: 12px 0px !important;\n    font-size: 15px;\n    line-height: 1.5;\n}\n\n.recomendadorV2Button {\n    width: auto;\n    max-width: 200px;\n    margin: 0;\n    display: inline-flex;\n    align-items: center;\n    background: #1D3557;\n    border-radius: 8px;\n    color: #fff;\n    height: 36px;\n    justify-content: center;\n    text-align: center;\n    font-size: 14px;\n    padding: 0 20px;\n    transition: background-color 0.2s ease;\n}\n\n.recomendadorV2Button:hover {\n    background: #2a4d7a;\n}\n\n.recomendadorV2Button:after {\n    margin-top: -2px;\n    content: \"\u2192\";\n    padding: 0px 0px 0px 8px;\n}\n\n.recomendadorV2Alert {\n    text-align: left;\n    font-size: 11px;\n    margin-top: 8px;\n    color: #666;\n}\n\n.recomendadorFixedArea {\n    width: 100%;\n    display: flex;\n    justify-content: center;\n    align-items: center;\n}\n\n@media (min-width: 992px) {\n    #recomendadorFixed {\n        width: 32% !important;\n        left: 5%;\n    }\n    .recomendadorCloseFixed{\n        right: inherit !important;\n        left: 378px !important;\n    }\n}\n\n#recomendadorFixed {\n    width: 90%;\n    box-shadow: 0 10px 20px 0px #00000057;\n    display: none;\n    height: 90px;\n    background: #F6F6F6;\n    position: fixed;\n    flex-direction: row;\n    bottom: 10px;\n    z-index: 9999;\n    border-radius: 16px;\n    padding: 7px 10px;\n}\n\n.recomendadorLeftArea {\n    width: 160px;\n}\n\n.recomendadorRightArea h2 {\n    padding-top: 0px;\n    margin: 2px 0px 4px 0px !important;\n    font-weight: 400;\n    text-align: center;\n    padding-left: 0px !important;\n    color: #000 !important;\n    border-left: none !important;\n    line-height: 20px;\n    font-size: 12px !important;\n}\n\n.recomendadorImgFixed {\n    overflow: hidden;\n    padding: 8px 6px;\n    height: 100%;\n}\n\n.recomendadorImgFixed img {\n    height: 100% !important;\n    border-radius: 16px;\n}\n\n.recomendadorRightArea {\n    padding-top: 6px;\n    display: flex;\n    width: calc(100% - 130px);\n    justify-content: space-between;\n    align-items: center;\n    flex-direction: column;\n}\n\n.recomendadorButtonFixed {\n    margin: 0 auto;\n    background: #1D3557;\n    width: 80%;\n    text-align: center;\n    font-size: 10px;\n    color: #FFF;\n    padding: 2px 10px;\n    border-radius: 3px;\n}\n\n.recomendadorButtonFixed:after {\n    margin-top: -3px;\n    content: \"\u2192\";\n    padding: 0px 0px 0px 10px;\n}\n\n.recomendadorAlertFixed {\n    font-weight: 400;\n    text-align: center;\n    color: #484848;\n    font-size: 8px;\n}\n\n.recomendadorCloseFixed {\n    z-index: 99999;\n    display: none;\n    right: 0px;\n    left: inherit;\n    bottom: 99px;\n    position: fixed;\n    justify-content: center;\n    background: #F6F6F6;\n    width: 25px;\n    align-items: center;\n    height: 25px;\n    font-weight: 800;\n    border-radius: 50%;\n    border: 1px solid #EBEBEB;\n}\n\n.recomendadorV2Desc{\n    color: #000000;\n    margin: 20px 0px;\n}\n\n@media (max-width: 576px) {\n    .recomendadorV2Area {\n      padding: 10px;\n      max-width: 100%;\n    }\n  \n    .recomendadorV2Area1 img {\n      width: 100%;\n      border-radius: 6px;\n    }\n  \n    .recomendadorV2Area2 .recomendadorV2Type {\n      font-size: 9px;\n      letter-spacing: 1px;\n      margin: 8px 0;\n    }\n  \n    .recomendadorV2Title h2 {\n      font-size: 18px !important;\n      margin-bottom: 8px !important;\n      line-height: 1.2;\n    }\n  \n    .recomendadorV2Desc {\n      font-size: 14px;\n      margin: 8px 0 !important;\n      line-height: 1.4;\n    }\n  \n    .recomendadorV2Button {\n      font-size: 12px;\n      height: 30px;\n      padding: 0 12px;\n      max-width: 160px;\n    }\n  \n    .recomendadorV2Button:after {\n      padding-left: 6px;\n    }\n  }\n  <\/style>\n        <div class=\"lazyblock-recomendador-v2-2jDGz wp-block-lazyblock-recomendador-v2\">\n        <a class=\"linkrecomendadorv2\" href=\"https:\/\/diariodepernambuco.com.br\/dpmais\/enquanto-o-veio-da-havan-tem-fortuna-de-r-4-bilhoes-dona-da-magazine-luiza-despencou-no-ranking-de-valores\/?utm_source=lazy\" target=\"_blank\" rel=\"noopener\">\n            <div class=\"recomendadorV2Area\">\n            <div class=\"recomendadorV2Area1\">\n                <div class=\"recomendadorV2Img\">\n                <img class=\"lazyloaded\" decoding=\"async\" src=\"https:\/\/diariodepernambuco.audiencelabs.com.br\/wp-content\/uploads\/2025\/11\/Luiza-Trajano.jpg\" data-src=\"https:\/\/diariodepernambuco.audiencelabs.com.br\/wp-content\/uploads\/2025\/11\/Luiza-Trajano.jpg\" alt=\"\">\n                <\/div>\n            <\/div>\n            <div class=\"recomendadorV2Area2\">\n                <div class=\"recomendadorV2Type\">\n                    <span>Riqueza ranking<\/span>\n                <\/div>\n                <div class=\"recomendadorV2Title\">\n                <h2><span>Fortunas em queda e alta \ud83d\udcb0<\/span><\/h2>\n                <\/div>\n                <div class=\"recomendadorV2Desc\">\n                <span>Compara\u00e7\u00e3o entre Havan e Magazine Luiza.<\/span>\n                <\/div>\n                <div class=\"recomendadorV2Button\">Ver compara\u00e7\u00e3o<\/div>\n                <div class=\"recomendadorV2Alert\"><\/div>\n            <\/div>\n            <\/div>\n        <\/a>\n        <div>\n            <div style=\"z-index:99999;\" id=\"buttonClose\" onclick=\"closeRecomendadorFixed()\">\n            <div class=\"recomendadorCloseFixed\">X<\/div>\n            <\/div>\n            <a href=\"https:\/\/diariodepernambuco.com.br\/dpmais\/enquanto-o-veio-da-havan-tem-fortuna-de-r-4-bilhoes-dona-da-magazine-luiza-despencou-no-ranking-de-valores\/?utm_source=lazy\" target=\"_blank\" rel=\"noopener\">\n            <div class=\"recomendadorFixedArea\">\n                <div id=\"recomendadorFixed\">\n                <div class=\"recomendadorLeftArea\">\n                    <div class=\"recomendadorImgFixed\">\n                    <img class=\"lazyload\" decoding=\"async\" src=\"https:\/\/diariodepernambuco.audiencelabs.com.br\/wp-content\/uploads\/2025\/11\/Luiza-Trajano.jpg\" alt=\"\">\n                    <\/div>\n                <\/div>\n                <div class=\"recomendadorRightArea\">\n                    <div class=\"recomendadorTitleFixed\">\n                    <h2><span>Fortunas em queda e alta \ud83d\udcb0<\/span><\/h2>\n                    <\/div>\n                    <div class=\"recomendadorButtonFixed\">Ver compara\u00e7\u00e3o<\/div>\n                    <div class=\"recomendadorAlertFixed\"><\/div>\n                <\/div>\n                <\/div>\n            <\/div>\n            <\/a>\n        <\/div>\n        <\/div>\n\n\n\n<p>A est\u00e1tua da Havan vai muito al\u00e9m de sua fun\u00e7\u00e3o est\u00e9tica: ela se tornou um elemento central da estrat\u00e9gia de marketing da rede, capaz de chamar aten\u00e7\u00e3o e criar uma identidade visual forte e reconhec\u00edvel em qualquer cidade. Ao reproduzir a Est\u00e1tua da Liberdade em escala reduzida, a empresa transmite valores de liberdade, ousadia e empreendedorismo.<\/p>\n\n\n\n<p>Al\u00e9m disso, a presen\u00e7a das r\u00e9plicas gerou um impacto cultural e tur\u00edstico significativo. As est\u00e1tuas se transformaram em pontos de refer\u00eancia locais, atraindo visitantes interessados em fotografias e curiosidades sobre a rede.<\/p>\n\n\n\n<p><\/p>\n","protected":false},"excerpt":{"rendered":"<p>Desde 1995, a gigantesca r\u00e9plica da Est\u00e1tua da Liberdade que hoje se ergue em frente \u00e0s lojas da Havan virou mais do que um simples enfeite: tornou\u2011se s\u00edmbolo da marca e da \u201cliberdade\u201d que ela propaga. Segundo o blog oficial da empresa, a ideia surgiu a partir de uma sugest\u00e3o de uma crian\u00e7a de apenas [&hellip;]<\/p>\n","protected":false},"author":4,"featured_media":9151,"comment_status":"open","ping_status":"open","sticky":false,"template":"","format":"standard","meta":{"jnews-multi-image_gallery":[],"jnews_single_post":{"format":"standard"},"jnews_primary_category":[],"jnews_social_meta":[],"jnews_post_split":[],"footnotes":""},"categories":[1],"tags":[],"class_list":["post-9149","post","type-post","status-publish","format-standard","has-post-thumbnail","hentry","category-uncategorized"],"_links":{"self":[{"href":"https:\/\/diariodepernambuco.audiencelabs.com.br\/wp-json\/wp\/v2\/posts\/9149","targetHints":{"allow":["GET"]}}],"collection":[{"href":"https:\/\/diariodepernambuco.audiencelabs.com.br\/wp-json\/wp\/v2\/posts"}],"about":[{"href":"https:\/\/diariodepernambuco.audiencelabs.com.br\/wp-json\/wp\/v2\/types\/post"}],"author":[{"embeddable":true,"href":"https:\/\/diariodepernambuco.audiencelabs.com.br\/wp-json\/wp\/v2\/users\/4"}],"replies":[{"embeddable":true,"href":"https:\/\/diariodepernambuco.audiencelabs.com.br\/wp-json\/wp\/v2\/comments?post=9149"}],"version-history":[{"count":5,"href":"https:\/\/diariodepernambuco.audiencelabs.com.br\/wp-json\/wp\/v2\/posts\/9149\/revisions"}],"predecessor-version":[{"id":9345,"href":"https:\/\/diariodepernambuco.audiencelabs.com.br\/wp-json\/wp\/v2\/posts\/9149\/revisions\/9345"}],"wp:featuredmedia":[{"embeddable":true,"href":"https:\/\/diariodepernambuco.audiencelabs.com.br\/wp-json\/wp\/v2\/media\/9151"}],"wp:attachment":[{"href":"https:\/\/diariodepernambuco.audiencelabs.com.br\/wp-json\/wp\/v2\/media?parent=9149"}],"wp:term":[{"taxonomy":"category","embeddable":true,"href":"https:\/\/diariodepernambuco.audiencelabs.com.br\/wp-json\/wp\/v2\/categories?post=9149"},{"taxonomy":"post_tag","embeddable":true,"href":"https:\/\/diariodepernambuco.audiencelabs.com.br\/wp-json\/wp\/v2\/tags?post=9149"}],"curies":[{"name":"wp","href":"https:\/\/api.w.org\/{rel}","templated":true}]}}