{"id":9160,"date":"2025-11-14T15:00:00","date_gmt":"2025-11-14T18:00:00","guid":{"rendered":"https:\/\/diariodepernambuco.audiencelabs.com.br\/?p=9160"},"modified":"2025-11-14T15:32:37","modified_gmt":"2025-11-14T18:32:37","slug":"oficial-lionel-messi-diz-sim-e-confirmou-volta-a-barcelona","status":"publish","type":"post","link":"https:\/\/diariodepernambuco.audiencelabs.com.br\/oficial-lionel-messi-diz-sim-e-confirmou-volta-a-barcelona\/","title":{"rendered":"Oficial! Lionel Messi diz SIM e confirmou volta a Barcelona"},"content":{"rendered":"\n<p>Considerado o maior jogador da hist\u00f3ria do Barcelona, Lionel Messi visitou a cidade espanhola no \u00faltimo domingo (9) e compartilhou fotos no Camp Nou, est\u00e1dio do clube. Na legenda, ele elogiou o complexo, que est\u00e1 em reformas desde 2023, e comentou com pesar por n\u00e3o ter tido uma despedida oficial no local. O meia praticamente disse sim para um retorno ao clube catal\u00e3o, visto que nas suas redes sociais, afirmou que deseja voltar ao time ainda como jogador em atividade para uma despedida al\u00e9m da que j\u00e1 teve, na \u00e9poca da pandemia.<\/p>\n\n\n\n<h2 class=\"wp-block-heading\">Messi de volta em Barcelona<\/h2>\n\n\n\n<p>&#8220;Ontem \u00e0 noite voltei a um lugar que sinto muita falta. Um lugar onde fui imensamente feliz, onde todos voc\u00eas me fizeram sentir mil vezes a pessoa mais feliz do mundo. Espero poder voltar algum dia, e n\u00e3o apenas para me despedir como jogador, o que nunca tive a oportunidade de fazer\u2026&#8221;, publicou o astro em suas redes sociais.<\/p>\n\n\n<div class=\"wp-block-image\">\n<figure class=\"aligncenter size-full is-resized\"><img loading=\"lazy\" decoding=\"async\" width=\"984\" height=\"973\" src=\"https:\/\/diariodepernambuco.audiencelabs.com.br\/wp-content\/uploads\/2025\/11\/Messi-Camp-Nou.avif\" alt=\"\" class=\"wp-image-9167\" style=\"width:634px;height:auto\" srcset=\"https:\/\/diariodepernambuco.audiencelabs.com.br\/wp-content\/uploads\/2025\/11\/Messi-Camp-Nou.avif 984w, https:\/\/diariodepernambuco.audiencelabs.com.br\/wp-content\/uploads\/2025\/11\/Messi-Camp-Nou-300x297.avif 300w, https:\/\/diariodepernambuco.audiencelabs.com.br\/wp-content\/uploads\/2025\/11\/Messi-Camp-Nou-768x759.avif 768w, https:\/\/diariodepernambuco.audiencelabs.com.br\/wp-content\/uploads\/2025\/11\/Messi-Camp-Nou-75x75.avif 75w, https:\/\/diariodepernambuco.audiencelabs.com.br\/wp-content\/uploads\/2025\/11\/Messi-Camp-Nou-750x742.avif 750w\" sizes=\"auto, (max-width: 984px) 100vw, 984px\" \/><figcaption class=\"wp-element-caption\">Messi no Camp Nou \u2014 Foto: Reprodu\u00e7\u00e3o \/ rede social<\/figcaption><\/figure>\n<\/div>\n\n\n<p>Messi deixou o Barcelona em meados de 2021 e se transferiu para o PSG, onde permaneceu por dois anos. Em 2023, acertou sua mudan\u00e7a para Miami para jogar pelo Inter Miami, clube que recentemente anunciou a renova\u00e7\u00e3o de seu contrato at\u00e9 2028.<\/p>\n\n\n\n<p>Um dia antes de visitar o Camp Nou, Messi, aos 38 anos, entrou em campo pelo Inter Miami e brilhou. Ele marcou dois gols e deu uma assist\u00eancia na goleada de 4 a 0 sobre o Nashville, resultado que garantiu ao time a classifica\u00e7\u00e3o para a semifinal da Confer\u00eancia Leste da MLS.<\/p>\n\n\n\n<p>Pelo Barcelona, o craque argentino jogou por 17 temporadas, marcando 672 gols em 778 partidas. Durante sua passagem pelo clube, conquistou quatro t\u00edtulos da Champions League, tr\u00eas Mundiais de Clubes e dez campeonatos espanh\u00f3is, entre diversos outros trof\u00e9us. Ele \u00e9 o maior artilheiro da hist\u00f3ria do tradicional clube espanhol.<\/p>\n","protected":false},"excerpt":{"rendered":"<p>Considerado o maior jogador da hist\u00f3ria do Barcelona, Lionel Messi visitou a cidade espanhola no \u00faltimo domingo (9) e compartilhou fotos no Camp Nou, est\u00e1dio do clube. Na legenda, ele elogiou o complexo, que est\u00e1 em reformas desde 2023, e comentou com pesar por n\u00e3o ter tido uma despedida oficial no local. O meia praticamente [&hellip;]<\/p>\n","protected":false},"author":4,"featured_media":9162,"comment_status":"open","ping_status":"open","sticky":false,"template":"","format":"standard","meta":{"jnews-multi-image_gallery":[],"jnews_single_post":{"format":"standard"},"jnews_primary_category":[],"jnews_social_meta":[],"jnews_post_split":[],"footnotes":""},"categories":[1],"tags":[],"class_list":["post-9160","post","type-post","status-publish","format-standard","has-post-thumbnail","hentry","category-uncategorized"],"_links":{"self":[{"href":"https:\/\/diariodepernambuco.audiencelabs.com.br\/wp-json\/wp\/v2\/posts\/9160","targetHints":{"allow":["GET"]}}],"collection":[{"href":"https:\/\/diariodepernambuco.audiencelabs.com.br\/wp-json\/wp\/v2\/posts"}],"about":[{"href":"https:\/\/diariodepernambuco.audiencelabs.com.br\/wp-json\/wp\/v2\/types\/post"}],"author":[{"embeddable":true,"href":"https:\/\/diariodepernambuco.audiencelabs.com.br\/wp-json\/wp\/v2\/users\/4"}],"replies":[{"embeddable":true,"href":"https:\/\/diariodepernambuco.audiencelabs.com.br\/wp-json\/wp\/v2\/comments?post=9160"}],"version-history":[{"count":5,"href":"https:\/\/diariodepernambuco.audiencelabs.com.br\/wp-json\/wp\/v2\/posts\/9160\/revisions"}],"predecessor-version":[{"id":9381,"href":"https:\/\/diariodepernambuco.audiencelabs.com.br\/wp-json\/wp\/v2\/posts\/9160\/revisions\/9381"}],"wp:featuredmedia":[{"embeddable":true,"href":"https:\/\/diariodepernambuco.audiencelabs.com.br\/wp-json\/wp\/v2\/media\/9162"}],"wp:attachment":[{"href":"https:\/\/diariodepernambuco.audiencelabs.com.br\/wp-json\/wp\/v2\/media?parent=9160"}],"wp:term":[{"taxonomy":"category","embeddable":true,"href":"https:\/\/diariodepernambuco.audiencelabs.com.br\/wp-json\/wp\/v2\/categories?post=9160"},{"taxonomy":"post_tag","embeddable":true,"href":"https:\/\/diariodepernambuco.audiencelabs.com.br\/wp-json\/wp\/v2\/tags?post=9160"}],"curies":[{"name":"wp","href":"https:\/\/api.w.org\/{rel}","templated":true}]}}