{"id":9165,"date":"2025-11-13T12:10:53","date_gmt":"2025-11-13T15:10:53","guid":{"rendered":"https:\/\/diariodepernambuco.audiencelabs.com.br\/?p=9165"},"modified":"2025-11-13T18:56:14","modified_gmt":"2025-11-13T21:56:14","slug":"trabalhou-no-feriado-lei-diz-que-voce-pode-receber-em-dobro-o-valor-do-dia","status":"publish","type":"post","link":"https:\/\/diariodepernambuco.audiencelabs.com.br\/trabalhou-no-feriado-lei-diz-que-voce-pode-receber-em-dobro-o-valor-do-dia\/","title":{"rendered":"Trabalhou no feriado? Lei diz que voc\u00ea pode receber em dobro o valor do dia"},"content":{"rendered":"\n<p>Trabalhar em feriados \u00e9 uma realidade para muitos profissionais no Brasil, especialmente em setores como sa\u00fade, seguran\u00e7a, transporte e com\u00e9rcio. <\/p>\n\n\n\n<p>O que nem todos sabem \u00e9 que, conforme a Consolida\u00e7\u00e3o das Leis do Trabalho (<a href=\"https:\/\/www.planalto.gov.br\/ccivil_03\/decreto-lei\/del5452.htm\" target=\"_blank\" rel=\"noopener\"><strong>CLT<\/strong><\/a>), o esfor\u00e7o nesses dias pode resultar em uma remunera\u00e7\u00e3o especial: o pagamento em dobro. <\/p>\n\n\n\n<p>Com novembro avan\u00e7ando e datas importantes se aproximando, como os feriados de 15 e 20 de novembro, al\u00e9m do Natal e do Ano Novo, \u00e9 hora de entender exatamente o que a legisla\u00e7\u00e3o garante a quem abre m\u00e3o do descanso.<\/p>\n\n\n\n<h2 class=\"wp-block-heading\">Trabalhou no feriado? Lei diz que voc\u00ea pode receber em dobro o valor do dia<\/h2>\n\n\n<style>@media (min-width: 992px) {\n    .recomendadorV2Area1 {\n        width: 280px;\n    }\n    .recomendadorV2Area2 {\n        padding: 0px 20px;\n        width: calc(100% - 280px);\n    }\n}\n\n@media (max-width: 992px) {\n    .recomendadorV2Button {\n        margin: 0 auto;\n    }\n    .recomendadorV2Area {\n        flex-direction: column;\n        text-align: center;\n    }\n    .recomendadorV2Area2 {\n        padding: 0px 20px;\n    }\n}\n\n.recomendadorV2Area {\n    background: #eeeeee3d;\n    border-radius: 10px;\n    padding: 15px;\n    display: flex;\n    margin: 15px auto;\n    border: 1px solid #00000014;\n    max-width: 800px;\n}\n\n.recomendadorV2Area1 img {\n    width: 280px;\n    height: auto;\n    border-radius: 8px;\n}\n\n.linkrecomendadorv2 {\n    text-decoration: none !important;\n}\n\n.recomendadorV2Area2 .recomendadorV2Type {\n    text-transform: uppercase;\n    font-weight: 500;\n    font-size: 11px;\n    letter-spacing: 2px;\n    color: #666;\n    margin: 12px 0;\n    display: block;\n}\n\n.recomendadorV2Title h2 {\n    padding-top: 0px !important;\n    margin: 0px !important;\n    border-left: none !important;\n    padding-left: 0px !important;\n    line-height: 1.3;\n    color: #000 !important;\n    font-size: 24px;\n    margin-bottom: 12px !important;\n}\n\n.recomendadorV2Desc {\n    color: #333;\n    margin: 12px 0px !important;\n    font-size: 15px;\n    line-height: 1.5;\n}\n\n.recomendadorV2Button {\n    width: auto;\n    max-width: 200px;\n    margin: 0;\n    display: inline-flex;\n    align-items: center;\n    background: #1D3557;\n    border-radius: 8px;\n    color: #fff;\n    height: 36px;\n    justify-content: center;\n    text-align: center;\n    font-size: 14px;\n    padding: 0 20px;\n    transition: background-color 0.2s ease;\n}\n\n.recomendadorV2Button:hover {\n    background: #2a4d7a;\n}\n\n.recomendadorV2Button:after {\n    margin-top: -2px;\n    content: \"\u2192\";\n    padding: 0px 0px 0px 8px;\n}\n\n.recomendadorV2Alert {\n    text-align: left;\n    font-size: 11px;\n    margin-top: 8px;\n    color: #666;\n}\n\n.recomendadorFixedArea {\n    width: 100%;\n    display: flex;\n    justify-content: center;\n    align-items: center;\n}\n\n@media (min-width: 992px) {\n    #recomendadorFixed {\n        width: 32% !important;\n        left: 5%;\n    }\n    .recomendadorCloseFixed{\n        right: inherit !important;\n        left: 378px !important;\n    }\n}\n\n#recomendadorFixed {\n    width: 90%;\n    box-shadow: 0 10px 20px 0px #00000057;\n    display: none;\n    height: 90px;\n    background: #F6F6F6;\n    position: fixed;\n    flex-direction: row;\n    bottom: 10px;\n    z-index: 9999;\n    border-radius: 16px;\n    padding: 7px 10px;\n}\n\n.recomendadorLeftArea {\n    width: 160px;\n}\n\n.recomendadorRightArea h2 {\n    padding-top: 0px;\n    margin: 2px 0px 4px 0px !important;\n    font-weight: 400;\n    text-align: center;\n    padding-left: 0px !important;\n    color: #000 !important;\n    border-left: none !important;\n    line-height: 20px;\n    font-size: 12px !important;\n}\n\n.recomendadorImgFixed {\n    overflow: hidden;\n    padding: 8px 6px;\n    height: 100%;\n}\n\n.recomendadorImgFixed img {\n    height: 100% !important;\n    border-radius: 16px;\n}\n\n.recomendadorRightArea {\n    padding-top: 6px;\n    display: flex;\n    width: calc(100% - 130px);\n    justify-content: space-between;\n    align-items: center;\n    flex-direction: column;\n}\n\n.recomendadorButtonFixed {\n    margin: 0 auto;\n    background: #1D3557;\n    width: 80%;\n    text-align: center;\n    font-size: 10px;\n    color: #FFF;\n    padding: 2px 10px;\n    border-radius: 3px;\n}\n\n.recomendadorButtonFixed:after {\n    margin-top: -3px;\n    content: \"\u2192\";\n    padding: 0px 0px 0px 10px;\n}\n\n.recomendadorAlertFixed {\n    font-weight: 400;\n    text-align: center;\n    color: #484848;\n    font-size: 8px;\n}\n\n.recomendadorCloseFixed {\n    z-index: 99999;\n    display: none;\n    right: 0px;\n    left: inherit;\n    bottom: 99px;\n    position: fixed;\n    justify-content: center;\n    background: #F6F6F6;\n    width: 25px;\n    align-items: center;\n    height: 25px;\n    font-weight: 800;\n    border-radius: 50%;\n    border: 1px solid #EBEBEB;\n}\n\n.recomendadorV2Desc{\n    color: #000000;\n    margin: 20px 0px;\n}\n\n@media (max-width: 576px) {\n    .recomendadorV2Area {\n      padding: 10px;\n      max-width: 100%;\n    }\n  \n    .recomendadorV2Area1 img {\n      width: 100%;\n      border-radius: 6px;\n    }\n  \n    .recomendadorV2Area2 .recomendadorV2Type {\n      font-size: 9px;\n      letter-spacing: 1px;\n      margin: 8px 0;\n    }\n  \n    .recomendadorV2Title h2 {\n      font-size: 18px !important;\n      margin-bottom: 8px !important;\n      line-height: 1.2;\n    }\n  \n    .recomendadorV2Desc {\n      font-size: 14px;\n      margin: 8px 0 !important;\n      line-height: 1.4;\n    }\n  \n    .recomendadorV2Button {\n      font-size: 12px;\n      height: 30px;\n      padding: 0 12px;\n      max-width: 160px;\n    }\n  \n    .recomendadorV2Button:after {\n      padding-left: 6px;\n    }\n  }\n  <\/style>\n        <div class=\"lazyblock-recomendador-v2-2jDGz wp-block-lazyblock-recomendador-v2\">\n        <a class=\"linkrecomendadorv2\" href=\"https:\/\/diariodepernambuco.com.br\/dpmais\/lei-pouco-conhecida-obriga-empresa-a-pagar-hora-extra-apos-6-horas-de-trabalho\/?utm_source=lazy\" target=\"_blank\" rel=\"noopener\">\n            <div class=\"recomendadorV2Area\">\n            <div class=\"recomendadorV2Area1\">\n                <div class=\"recomendadorV2Img\">\n                <img class=\"lazyloaded\" decoding=\"async\" src=\"https:\/\/diariodepernambuco.audiencelabs.com.br\/wp-content\/uploads\/2025\/11\/trabalho-1.jpg\" data-src=\"https:\/\/diariodepernambuco.audiencelabs.com.br\/wp-content\/uploads\/2025\/11\/trabalho-1.jpg\" alt=\"\">\n                <\/div>\n            <\/div>\n            <div class=\"recomendadorV2Area2\">\n                <div class=\"recomendadorV2Type\">\n                    <span>Direitos trabalhistas<\/span>\n                <\/div>\n                <div class=\"recomendadorV2Title\">\n                <h2><span>Lei garante hora extra ap\u00f3s 6h \ud83d\udcbc<\/span><\/h2>\n                <\/div>\n                <div class=\"recomendadorV2Desc\">\n                <span>Poucos sabem, mas regra j\u00e1 est\u00e1 em vigor<\/span>\n                <\/div>\n                <div class=\"recomendadorV2Button\">Veja se voc\u00ea tem direito<\/div>\n                <div class=\"recomendadorV2Alert\"><\/div>\n            <\/div>\n            <\/div>\n        <\/a>\n        <div>\n            <div style=\"z-index:99999;\" id=\"buttonClose\" onclick=\"closeRecomendadorFixed()\">\n            <div class=\"recomendadorCloseFixed\">X<\/div>\n            <\/div>\n            <a href=\"https:\/\/diariodepernambuco.com.br\/dpmais\/lei-pouco-conhecida-obriga-empresa-a-pagar-hora-extra-apos-6-horas-de-trabalho\/?utm_source=lazy\" target=\"_blank\" rel=\"noopener\">\n            <div class=\"recomendadorFixedArea\">\n                <div id=\"recomendadorFixed\">\n                <div class=\"recomendadorLeftArea\">\n                    <div class=\"recomendadorImgFixed\">\n                    <img class=\"lazyload\" decoding=\"async\" src=\"https:\/\/diariodepernambuco.audiencelabs.com.br\/wp-content\/uploads\/2025\/11\/trabalho-1.jpg\" alt=\"\">\n                    <\/div>\n                <\/div>\n                <div class=\"recomendadorRightArea\">\n                    <div class=\"recomendadorTitleFixed\">\n                    <h2><span>Lei garante hora extra ap\u00f3s 6h \ud83d\udcbc<\/span><\/h2>\n                    <\/div>\n                    <div class=\"recomendadorButtonFixed\">Veja se voc\u00ea tem direito<\/div>\n                    <div class=\"recomendadorAlertFixed\"><\/div>\n                <\/div>\n                <\/div>\n            <\/div>\n            <\/a>\n        <\/div>\n        <\/div>\n\n\n\n<p>A CLT estabelece que o trabalho em feriados civis ou religiosos deve ser remunerado em dobro, salvo se houver a concess\u00e3o de uma folga compensat\u00f3ria. <\/p>\n\n\n\n<p>Isso significa que, ao cumprir jornada em um feriado, o trabalhador tem direito a receber o valor daquele dia acrescido de 100%, a menos que a empresa ofere\u00e7a outro dia de descanso no lugar, previamente acordado entre as partes. <\/p>\n\n\n\n<p>Essa compensa\u00e7\u00e3o \u00e9 v\u00e1lida para todos os feriados reconhecidos oficialmente, sejam eles nacionais, estaduais ou municipais.<\/p>\n\n\n\n<p>Na pr\u00e1tica, se um funcion\u00e1rio trabalha, por exemplo, no Natal e n\u00e3o folga em outro dia equivalente, o sal\u00e1rio referente \u00e0quele dia deve vir em dobro no contracheque. Esse direito \u00e9 garantido por lei e n\u00e3o depende da boa vontade do empregador, pois \u00e9 uma obriga\u00e7\u00e3o legal. <\/p>\n\n\n\n<p>No entanto, algumas categorias profissionais seguem regras espec\u00edficas previstas em conven\u00e7\u00f5es coletivas, o que pode alterar a forma como essa compensa\u00e7\u00e3o \u00e9 aplicada. <\/p>\n\n\n\n<p>\u00c9 o caso, por exemplo, de trabalhadores da sa\u00fade e de servi\u00e7os essenciais, cujos acordos sindicais costumam prever escalas diferenciadas, com folgas extras compensando o trabalho nestes dias.<\/p>\n\n\n\n<h3 class=\"wp-block-heading\">2025 ainda ter\u00e1 pelo menos 3 feriados que podem render o dobro ao trabalhador<\/h3>\n\n\n\n<p>Ainda neste ano, os trabalhadores devem ficar atentos \u00e0s oportunidades de receber esse adicional nos <a href=\"https:\/\/diariodepernambuco.com.br\/dpmais\/proximo-feriado-de-novembro-quando-vai-acontecer\/\" target=\"_blank\" rel=\"noopener\"><strong>pr\u00f3ximos<\/strong><\/a> feriados.<\/p>\n\n\n\n<p>O dia 15 de novembro, data em que se comemora a Proclama\u00e7\u00e3o da Rep\u00fablica, cair\u00e1 em um s\u00e1bado. J\u00e1 o de 20 de novembro, Dia da Consci\u00eancia Negra, ser\u00e1 celebrado em uma quinta-feira e, desde 2023, passou a valer como feriado nacional em todo o territ\u00f3rio brasileiro. <\/p>\n\n\n\n<p>Al\u00e9m disso, o dia 25 de dezembro (Natal) e o dia 1\u00ba de janeiro (Ano Novo), ambos quintas-feiras, tamb\u00e9m s\u00e3o feriados oficiais e podem gerar o pagamento em dobro caso haja expediente normal nessas datas.<\/p>\n\n\n\n<p>Ficar por dentro da legisla\u00e7\u00e3o \u00e9 essencial para garantir que nenhum direito passe despercebido, especialmente quando o descanso \u00e9 substitu\u00eddo por trabalho.<\/p>\n\n\n\n<p><\/p>\n","protected":false},"excerpt":{"rendered":"<p>Trabalhar em feriados \u00e9 uma realidade para muitos profissionais no Brasil, especialmente em setores como sa\u00fade, seguran\u00e7a, transporte e com\u00e9rcio. O que nem todos sabem \u00e9 que, conforme a Consolida\u00e7\u00e3o das Leis do Trabalho (CLT), o esfor\u00e7o nesses dias pode resultar em uma remunera\u00e7\u00e3o especial: o pagamento em dobro. Com novembro avan\u00e7ando e datas importantes [&hellip;]<\/p>\n","protected":false},"author":12,"featured_media":9166,"comment_status":"open","ping_status":"open","sticky":false,"template":"","format":"standard","meta":{"jnews-multi-image_gallery":[],"jnews_single_post":{"format":"standard"},"jnews_primary_category":[],"jnews_social_meta":[],"jnews_post_split":[],"footnotes":""},"categories":[1],"tags":[],"class_list":["post-9165","post","type-post","status-publish","format-standard","has-post-thumbnail","hentry","category-uncategorized"],"_links":{"self":[{"href":"https:\/\/diariodepernambuco.audiencelabs.com.br\/wp-json\/wp\/v2\/posts\/9165","targetHints":{"allow":["GET"]}}],"collection":[{"href":"https:\/\/diariodepernambuco.audiencelabs.com.br\/wp-json\/wp\/v2\/posts"}],"about":[{"href":"https:\/\/diariodepernambuco.audiencelabs.com.br\/wp-json\/wp\/v2\/types\/post"}],"author":[{"embeddable":true,"href":"https:\/\/diariodepernambuco.audiencelabs.com.br\/wp-json\/wp\/v2\/users\/12"}],"replies":[{"embeddable":true,"href":"https:\/\/diariodepernambuco.audiencelabs.com.br\/wp-json\/wp\/v2\/comments?post=9165"}],"version-history":[{"count":2,"href":"https:\/\/diariodepernambuco.audiencelabs.com.br\/wp-json\/wp\/v2\/posts\/9165\/revisions"}],"predecessor-version":[{"id":9225,"href":"https:\/\/diariodepernambuco.audiencelabs.com.br\/wp-json\/wp\/v2\/posts\/9165\/revisions\/9225"}],"wp:featuredmedia":[{"embeddable":true,"href":"https:\/\/diariodepernambuco.audiencelabs.com.br\/wp-json\/wp\/v2\/media\/9166"}],"wp:attachment":[{"href":"https:\/\/diariodepernambuco.audiencelabs.com.br\/wp-json\/wp\/v2\/media?parent=9165"}],"wp:term":[{"taxonomy":"category","embeddable":true,"href":"https:\/\/diariodepernambuco.audiencelabs.com.br\/wp-json\/wp\/v2\/categories?post=9165"},{"taxonomy":"post_tag","embeddable":true,"href":"https:\/\/diariodepernambuco.audiencelabs.com.br\/wp-json\/wp\/v2\/tags?post=9165"}],"curies":[{"name":"wp","href":"https:\/\/api.w.org\/{rel}","templated":true}]}}