{"id":9179,"date":"2025-11-13T13:28:14","date_gmt":"2025-11-13T16:28:14","guid":{"rendered":"https:\/\/diariodepernambuco.audiencelabs.com.br\/?p=9179"},"modified":"2025-11-13T15:10:32","modified_gmt":"2025-11-13T18:10:32","slug":"floresta-pouco-conhecida-e-o-lugar-do-mundo-onde-mais-somem-pessoas","status":"publish","type":"post","link":"https:\/\/diariodepernambuco.audiencelabs.com.br\/floresta-pouco-conhecida-e-o-lugar-do-mundo-onde-mais-somem-pessoas\/","title":{"rendered":"Floresta pouco conhecida \u00e9 o lugar do mundo onde mais somem pessoas"},"content":{"rendered":"\n<p>Pouco conhecida fora da Rom\u00eania, a floresta Hoia Baciu vem ganhando aten\u00e7\u00e3o por um motivo inquietante: \u00e9 considerada por muitos como o local onde mais pessoas desaparecem misteriosamente. <\/p>\n\n\n\n<p>O caso desperta debates, medo e especula\u00e7\u00e3o, alimentando um repert\u00f3rio de lendas sobre fen\u00f4menos paranormais, portais dimensionais e at\u00e9 atividade extraterrestre. <\/p>\n\n\n\n<p>Ao mesmo tempo, chama aten\u00e7\u00e3o outra floresta, do outro lado do mundo, que tamb\u00e9m acumula uma triste fama de desaparecimentos, embora por raz\u00f5es muito distintas.<\/p>\n\n\n\n<h2 class=\"wp-block-heading\">Floresta pouco conhecida \u00e9 o lugar do mundo onde mais somem pessoas<\/h2>\n\n\n\n<p>Escondida nos arredores da cidade de Cluj-Napoca, na regi\u00e3o central da Rom\u00eania, a floresta Hoia Baciu ocupa cerca de 250 hectares e \u00e9 evitada pelos moradores da regi\u00e3o h\u00e1 gera\u00e7\u00f5es. O medo tem ra\u00edzes em uma sucess\u00e3o de relatos desconcertantes. <\/p>\n\n\n<style>@media (min-width: 992px) {\n    .recomendadorV2Area1 {\n        width: 280px;\n    }\n    .recomendadorV2Area2 {\n        padding: 0px 20px;\n        width: calc(100% - 280px);\n    }\n}\n\n@media (max-width: 992px) {\n    .recomendadorV2Button {\n        margin: 0 auto;\n    }\n    .recomendadorV2Area {\n        flex-direction: column;\n        text-align: center;\n    }\n    .recomendadorV2Area2 {\n        padding: 0px 20px;\n    }\n}\n\n.recomendadorV2Area {\n    background: #eeeeee3d;\n    border-radius: 10px;\n    padding: 15px;\n    display: flex;\n    margin: 15px auto;\n    border: 1px solid #00000014;\n    max-width: 800px;\n}\n\n.recomendadorV2Area1 img {\n    width: 280px;\n    height: auto;\n    border-radius: 8px;\n}\n\n.linkrecomendadorv2 {\n    text-decoration: none !important;\n}\n\n.recomendadorV2Area2 .recomendadorV2Type {\n    text-transform: uppercase;\n    font-weight: 500;\n    font-size: 11px;\n    letter-spacing: 2px;\n    color: #666;\n    margin: 12px 0;\n    display: block;\n}\n\n.recomendadorV2Title h2 {\n    padding-top: 0px !important;\n    margin: 0px !important;\n    border-left: none !important;\n    padding-left: 0px !important;\n    line-height: 1.3;\n    color: #000 !important;\n    font-size: 24px;\n    margin-bottom: 12px !important;\n}\n\n.recomendadorV2Desc {\n    color: #333;\n    margin: 12px 0px !important;\n    font-size: 15px;\n    line-height: 1.5;\n}\n\n.recomendadorV2Button {\n    width: auto;\n    max-width: 200px;\n    margin: 0;\n    display: inline-flex;\n    align-items: center;\n    background: #1D3557;\n    border-radius: 8px;\n    color: #fff;\n    height: 36px;\n    justify-content: center;\n    text-align: center;\n    font-size: 14px;\n    padding: 0 20px;\n    transition: background-color 0.2s ease;\n}\n\n.recomendadorV2Button:hover {\n    background: #2a4d7a;\n}\n\n.recomendadorV2Button:after {\n    margin-top: -2px;\n    content: \"\u2192\";\n    padding: 0px 0px 0px 8px;\n}\n\n.recomendadorV2Alert {\n    text-align: left;\n    font-size: 11px;\n    margin-top: 8px;\n    color: #666;\n}\n\n.recomendadorFixedArea {\n    width: 100%;\n    display: flex;\n    justify-content: center;\n    align-items: center;\n}\n\n@media (min-width: 992px) {\n    #recomendadorFixed {\n        width: 32% !important;\n        left: 5%;\n    }\n    .recomendadorCloseFixed{\n        right: inherit !important;\n        left: 378px !important;\n    }\n}\n\n#recomendadorFixed {\n    width: 90%;\n    box-shadow: 0 10px 20px 0px #00000057;\n    display: none;\n    height: 90px;\n    background: #F6F6F6;\n    position: fixed;\n    flex-direction: row;\n    bottom: 10px;\n    z-index: 9999;\n    border-radius: 16px;\n    padding: 7px 10px;\n}\n\n.recomendadorLeftArea {\n    width: 160px;\n}\n\n.recomendadorRightArea h2 {\n    padding-top: 0px;\n    margin: 2px 0px 4px 0px !important;\n    font-weight: 400;\n    text-align: center;\n    padding-left: 0px !important;\n    color: #000 !important;\n    border-left: none !important;\n    line-height: 20px;\n    font-size: 12px !important;\n}\n\n.recomendadorImgFixed {\n    overflow: hidden;\n    padding: 8px 6px;\n    height: 100%;\n}\n\n.recomendadorImgFixed img {\n    height: 100% !important;\n    border-radius: 16px;\n}\n\n.recomendadorRightArea {\n    padding-top: 6px;\n    display: flex;\n    width: calc(100% - 130px);\n    justify-content: space-between;\n    align-items: center;\n    flex-direction: column;\n}\n\n.recomendadorButtonFixed {\n    margin: 0 auto;\n    background: #1D3557;\n    width: 80%;\n    text-align: center;\n    font-size: 10px;\n    color: #FFF;\n    padding: 2px 10px;\n    border-radius: 3px;\n}\n\n.recomendadorButtonFixed:after {\n    margin-top: -3px;\n    content: \"\u2192\";\n    padding: 0px 0px 0px 10px;\n}\n\n.recomendadorAlertFixed {\n    font-weight: 400;\n    text-align: center;\n    color: #484848;\n    font-size: 8px;\n}\n\n.recomendadorCloseFixed {\n    z-index: 99999;\n    display: none;\n    right: 0px;\n    left: inherit;\n    bottom: 99px;\n    position: fixed;\n    justify-content: center;\n    background: #F6F6F6;\n    width: 25px;\n    align-items: center;\n    height: 25px;\n    font-weight: 800;\n    border-radius: 50%;\n    border: 1px solid #EBEBEB;\n}\n\n.recomendadorV2Desc{\n    color: #000000;\n    margin: 20px 0px;\n}\n\n@media (max-width: 576px) {\n    .recomendadorV2Area {\n      padding: 10px;\n      max-width: 100%;\n    }\n  \n    .recomendadorV2Area1 img {\n      width: 100%;\n      border-radius: 6px;\n    }\n  \n    .recomendadorV2Area2 .recomendadorV2Type {\n      font-size: 9px;\n      letter-spacing: 1px;\n      margin: 8px 0;\n    }\n  \n    .recomendadorV2Title h2 {\n      font-size: 18px !important;\n      margin-bottom: 8px !important;\n      line-height: 1.2;\n    }\n  \n    .recomendadorV2Desc {\n      font-size: 14px;\n      margin: 8px 0 !important;\n      line-height: 1.4;\n    }\n  \n    .recomendadorV2Button {\n      font-size: 12px;\n      height: 30px;\n      padding: 0 12px;\n      max-width: 160px;\n    }\n  \n    .recomendadorV2Button:after {\n      padding-left: 6px;\n    }\n  }\n  <\/style>\n        <div class=\"lazyblock-recomendador-v2-2jDGz wp-block-lazyblock-recomendador-v2\">\n        <a class=\"linkrecomendadorv2\" href=\"https:\/\/diariodepernambuco.com.br\/dpmais\/cemiterio-de-bonecas-local-mais-assustador-do-mundo-expoe-brinquedos-de-forma-bizarra\/?utm_source=lazy\" target=\"_blank\" rel=\"noopener\">\n            <div class=\"recomendadorV2Area\">\n            <div class=\"recomendadorV2Area1\">\n                <div class=\"recomendadorV2Img\">\n                <img class=\"lazyloaded\" decoding=\"async\" src=\"https:\/\/diariodepernambuco.audiencelabs.com.br\/wp-content\/uploads\/2025\/11\/bonecas.jpg\" data-src=\"https:\/\/diariodepernambuco.audiencelabs.com.br\/wp-content\/uploads\/2025\/11\/bonecas.jpg\" alt=\"\">\n                <\/div>\n            <\/div>\n            <div class=\"recomendadorV2Area2\">\n                <div class=\"recomendadorV2Type\">\n                    <span>Curiosidades sombrias<\/span>\n                <\/div>\n                <div class=\"recomendadorV2Title\">\n                <h2><span>Cemit\u00e9rio de bonecas assusta o mundo \ud83d\udc7b<\/span><\/h2>\n                <\/div>\n                <div class=\"recomendadorV2Desc\">\n                <span>Veja o lugar bizarro que virou atra\u00e7\u00e3o tur\u00edstica<\/span>\n                <\/div>\n                <div class=\"recomendadorV2Button\">Conhe\u00e7a o local<\/div>\n                <div class=\"recomendadorV2Alert\"><\/div>\n            <\/div>\n            <\/div>\n        <\/a>\n        <div>\n            <div style=\"z-index:99999;\" id=\"buttonClose\" onclick=\"closeRecomendadorFixed()\">\n            <div class=\"recomendadorCloseFixed\">X<\/div>\n            <\/div>\n            <a href=\"https:\/\/diariodepernambuco.com.br\/dpmais\/cemiterio-de-bonecas-local-mais-assustador-do-mundo-expoe-brinquedos-de-forma-bizarra\/?utm_source=lazy\" target=\"_blank\" rel=\"noopener\">\n            <div class=\"recomendadorFixedArea\">\n                <div id=\"recomendadorFixed\">\n                <div class=\"recomendadorLeftArea\">\n                    <div class=\"recomendadorImgFixed\">\n                    <img class=\"lazyload\" decoding=\"async\" src=\"https:\/\/diariodepernambuco.audiencelabs.com.br\/wp-content\/uploads\/2025\/11\/bonecas.jpg\" alt=\"\">\n                    <\/div>\n                <\/div>\n                <div class=\"recomendadorRightArea\">\n                    <div class=\"recomendadorTitleFixed\">\n                    <h2><span>Cemit\u00e9rio de bonecas assusta o mundo \ud83d\udc7b<\/span><\/h2>\n                    <\/div>\n                    <div class=\"recomendadorButtonFixed\">Conhe\u00e7a o local<\/div>\n                    <div class=\"recomendadorAlertFixed\"><\/div>\n                <\/div>\n                <\/div>\n            <\/div>\n            <\/a>\n        <\/div>\n        <\/div>\n\n\n\n<p>Desde o desaparecimento de um pastor e suas centenas de ovelhas h\u00e1 mais de um s\u00e9culo at\u00e9 eventos recentes envolvendo turistas e visitantes que afirmam ter perdido a no\u00e7\u00e3o do tempo ou passado mal durante passeios por suas trilhas. <\/p>\n\n\n\n<p>Al\u00e9m disso, h\u00e1 o estranho \u201cc\u00edrculo morto\u201d no centro da floresta, uma clareira perfeitamente circular onde nada cresce, mesmo com solo saud\u00e1vel, desafiando explica\u00e7\u00f5es cient\u00edficas. <\/p>\n\n\n\n<p>Pesquisadores, ca\u00e7adores de fantasmas e curiosos visitam o local em busca de respostas, mas voltam, em geral, com mais perguntas. <\/p>\n\n\n\n<p>Relatos sobre avistamentos de luzes inexplic\u00e1veis, falhas em equipamentos eletr\u00f4nicos e at\u00e9 vozes misteriosas refor\u00e7am a fama da floresta como um ponto de forte atividade paranormal.<\/p>\n\n\n\n<h3 class=\"wp-block-heading\">Floresta no Jap\u00e3o tamb\u00e9m carrega m\u00e1 fama<\/h3>\n\n\n\n<p>Do outro lado do planeta, no <a href=\"https:\/\/diariodepernambuco.com.br\/dpmais\/japao-tem-9-milhoes-de-casas-abandonadas-por-motivo-inusitado\/\" target=\"_blank\" rel=\"noopener\"><strong>Jap\u00e3o<\/strong><\/a>, a floresta de <a href=\"https:\/\/pt.wikipedia.org\/wiki\/Aokigahara#:~:text=A%20floresta%20cont%C3%A9m%20um%20grande,muitas%20lendas%20acerca%20da%20floresta.\" target=\"_blank\" rel=\"noopener\"><strong>Aokigahara<\/strong><\/a> apresenta um tipo de mist\u00e9rio mais tr\u00e1gico. Situada aos p\u00e9s do Monte Fuji, ela \u00e9 silenciosa, densa e conhecida mundialmente por ser associada a um alto n\u00famero de suic\u00eddios. <\/p>\n\n\n\n<p>Cartazes de apoio emocional e patrulhas peri\u00f3dicas tentam conter a situa\u00e7\u00e3o, mas a fama sombria permanece. Infelizmente, todos os anos, dezenas de pessoas entram no local e n\u00e3o saem de l\u00e1 com vida.<\/p>\n\n\n\n<p>H\u00e1 quem acredite que lendas antigas, como a pr\u00e1tica de abandonar idosos na mata durante tempos de fome, deixaram marcas espirituais no lugar. O sil\u00eancio absoluto provocado pela vegeta\u00e7\u00e3o espessa s\u00f3 aumenta a sensa\u00e7\u00e3o de isolamento.<\/p>\n\n\n\n<p>Contuso, \u00e9 importante lembrar que, embora esses dois locais concentrem hist\u00f3rias assustadoras, muitos desaparecimentos ocorrem em \u00e1reas de natureza ao redor do mundo. <\/p>\n\n\n\n<p>Em termos estat\u00edsticos, n\u00e3o h\u00e1 um \u00fanico ponto que possa ser confirmado como o que mais registra desaparecimentos oficialmente, e boa parte dessas alega\u00e7\u00f5es permanece no campo do folclore e da especula\u00e7\u00e3o.<\/p>\n","protected":false},"excerpt":{"rendered":"<p>Pouco conhecida fora da Rom\u00eania, a floresta Hoia Baciu vem ganhando aten\u00e7\u00e3o por um motivo inquietante: \u00e9 considerada por muitos como o local onde mais pessoas desaparecem misteriosamente. O caso desperta debates, medo e especula\u00e7\u00e3o, alimentando um repert\u00f3rio de lendas sobre fen\u00f4menos paranormais, portais dimensionais e at\u00e9 atividade extraterrestre. Ao mesmo tempo, chama aten\u00e7\u00e3o outra [&hellip;]<\/p>\n","protected":false},"author":12,"featured_media":9195,"comment_status":"open","ping_status":"open","sticky":false,"template":"","format":"standard","meta":{"jnews-multi-image_gallery":[],"jnews_single_post":{"format":"standard"},"jnews_primary_category":[],"jnews_social_meta":[],"jnews_post_split":[],"footnotes":""},"categories":[1],"tags":[],"class_list":["post-9179","post","type-post","status-publish","format-standard","has-post-thumbnail","hentry","category-uncategorized"],"_links":{"self":[{"href":"https:\/\/diariodepernambuco.audiencelabs.com.br\/wp-json\/wp\/v2\/posts\/9179","targetHints":{"allow":["GET"]}}],"collection":[{"href":"https:\/\/diariodepernambuco.audiencelabs.com.br\/wp-json\/wp\/v2\/posts"}],"about":[{"href":"https:\/\/diariodepernambuco.audiencelabs.com.br\/wp-json\/wp\/v2\/types\/post"}],"author":[{"embeddable":true,"href":"https:\/\/diariodepernambuco.audiencelabs.com.br\/wp-json\/wp\/v2\/users\/12"}],"replies":[{"embeddable":true,"href":"https:\/\/diariodepernambuco.audiencelabs.com.br\/wp-json\/wp\/v2\/comments?post=9179"}],"version-history":[{"count":2,"href":"https:\/\/diariodepernambuco.audiencelabs.com.br\/wp-json\/wp\/v2\/posts\/9179\/revisions"}],"predecessor-version":[{"id":9233,"href":"https:\/\/diariodepernambuco.audiencelabs.com.br\/wp-json\/wp\/v2\/posts\/9179\/revisions\/9233"}],"wp:featuredmedia":[{"embeddable":true,"href":"https:\/\/diariodepernambuco.audiencelabs.com.br\/wp-json\/wp\/v2\/media\/9195"}],"wp:attachment":[{"href":"https:\/\/diariodepernambuco.audiencelabs.com.br\/wp-json\/wp\/v2\/media?parent=9179"}],"wp:term":[{"taxonomy":"category","embeddable":true,"href":"https:\/\/diariodepernambuco.audiencelabs.com.br\/wp-json\/wp\/v2\/categories?post=9179"},{"taxonomy":"post_tag","embeddable":true,"href":"https:\/\/diariodepernambuco.audiencelabs.com.br\/wp-json\/wp\/v2\/tags?post=9179"}],"curies":[{"name":"wp","href":"https:\/\/api.w.org\/{rel}","templated":true}]}}