{"id":9181,"date":"2025-11-14T15:30:00","date_gmt":"2025-11-14T18:30:00","guid":{"rendered":"https:\/\/diariodepernambuco.audiencelabs.com.br\/?p=9181"},"modified":"2025-11-13T12:56:04","modified_gmt":"2025-11-13T15:56:04","slug":"5-profissoes-apropriadas-para-quem-gosta-de-trabalhar-sozinho","status":"publish","type":"post","link":"https:\/\/diariodepernambuco.audiencelabs.com.br\/5-profissoes-apropriadas-para-quem-gosta-de-trabalhar-sozinho\/","title":{"rendered":"5 profiss\u00f5es apropriadas para quem gosta de trabalhar sozinho"},"content":{"rendered":"\n<p>No cen\u00e1rio profissional atual, muitas pessoas d\u00e3o prioridade \u00e0 autonomia e \u00e0 tranquilidade no trabalho, buscando carreiras que possibilitem atuar de forma independente, com foco individual e gest\u00e3o pr\u00f3pria do tempo, sem abrir m\u00e3o do equil\u00edbrio entre produtividade e bem-estar.<\/p>\n\n\n\n<p>\u00c1reas como reda\u00e7\u00e3o freelance e desenvolvimento de software se destacam para quem prefere ambientes com menor intera\u00e7\u00e3o social. Nesses cargos, \u00e9 comum que o profissional organize seus pr\u00f3prios hor\u00e1rios e tenha a op\u00e7\u00e3o de trabalhar remotamente. Al\u00e9m disso, essas fun\u00e7\u00f5es valorizam a concentra\u00e7\u00e3o e o desempenho, permitindo que os indiv\u00edduos atinjam altos n\u00edveis de produtividade.<\/p>\n\n\n\n<p>Na \u00e1rea criativa, fun\u00e7\u00f5es como editor(a) de v\u00eddeo, designer gr\u00e1fico e ilustrador(a) s\u00e3o reconhecidas pela grande autonomia. Esses profissionais costumam organizar seu pr\u00f3prio fluxo de trabalho, o que lhes proporciona liberdade para inovar e personalizar cada projeto.<\/p>\n\n\n\n<p>Outra \u00e1rea que se adequa bem a quem prefere trabalhar sozinho \u00e9 a pesquisa e an\u00e1lise de dados. Profissionais como analistas de dados, estat\u00edsticos e pesquisadores acad\u00eamicos passam grande parte do tempo concentrados em coletar, interpretar e organizar informa\u00e7\u00f5es, muitas vezes de forma individual.<\/p>\n\n\n\n<p>Al\u00e9m disso, fun\u00e7\u00f5es na \u00e1rea de tecnologia e TI, como administrador(a) de sistemas ou desenvolvedor(a) de aplicativos, tamb\u00e9m se destacam para quem valoriza autonomia. Nesses pap\u00e9is, \u00e9 comum que o trabalho seja feito remotamente ou em escrit\u00f3rios silenciosos, e que cada tarefa exija aten\u00e7\u00e3o detalhada e capacidade de resolver problemas de forma independente.<\/p>\n\n\n\n<h2 class=\"wp-block-heading\">Autonomia e foco: os pilares do trabalho individual<\/h2>\n\n\n\n<p>Para quem prefere trabalhar sozinho, a autonomia e o foco s\u00e3o elementos essenciais. Profiss\u00f5es que permitem organizar o pr\u00f3prio ritmo, tomar decis\u00f5es independentes e gerenciar o tempo oferecem maior liberdade criativa e t\u00e9cnica, al\u00e9m de reduzir a press\u00e3o de intera\u00e7\u00f5es constantes no ambiente de trabalho.<\/p>\n\n\n\n<p>Essa independ\u00eancia contribui para um desempenho mais eficiente e para um equil\u00edbrio saud\u00e1vel entre vida pessoal e profissional. Essas carreiras tamb\u00e9m valorizam a concentra\u00e7\u00e3o e a capacidade de resolu\u00e7\u00e3o de problemas de forma individual.<\/p>\n\n\n\n<p><\/p>\n","protected":false},"excerpt":{"rendered":"<p>No cen\u00e1rio profissional atual, muitas pessoas d\u00e3o prioridade \u00e0 autonomia e \u00e0 tranquilidade no trabalho, buscando carreiras que possibilitem atuar de forma independente, com foco individual e gest\u00e3o pr\u00f3pria do tempo, sem abrir m\u00e3o do equil\u00edbrio entre produtividade e bem-estar. \u00c1reas como reda\u00e7\u00e3o freelance e desenvolvimento de software se destacam para quem prefere ambientes com [&hellip;]<\/p>\n","protected":false},"author":4,"featured_media":9184,"comment_status":"open","ping_status":"open","sticky":false,"template":"","format":"standard","meta":{"jnews-multi-image_gallery":[],"jnews_single_post":{"format":"standard"},"jnews_primary_category":[],"jnews_social_meta":[],"jnews_post_split":[],"footnotes":""},"categories":[1],"tags":[],"class_list":["post-9181","post","type-post","status-publish","format-standard","has-post-thumbnail","hentry","category-uncategorized"],"_links":{"self":[{"href":"https:\/\/diariodepernambuco.audiencelabs.com.br\/wp-json\/wp\/v2\/posts\/9181","targetHints":{"allow":["GET"]}}],"collection":[{"href":"https:\/\/diariodepernambuco.audiencelabs.com.br\/wp-json\/wp\/v2\/posts"}],"about":[{"href":"https:\/\/diariodepernambuco.audiencelabs.com.br\/wp-json\/wp\/v2\/types\/post"}],"author":[{"embeddable":true,"href":"https:\/\/diariodepernambuco.audiencelabs.com.br\/wp-json\/wp\/v2\/users\/4"}],"replies":[{"embeddable":true,"href":"https:\/\/diariodepernambuco.audiencelabs.com.br\/wp-json\/wp\/v2\/comments?post=9181"}],"version-history":[{"count":3,"href":"https:\/\/diariodepernambuco.audiencelabs.com.br\/wp-json\/wp\/v2\/posts\/9181\/revisions"}],"predecessor-version":[{"id":9186,"href":"https:\/\/diariodepernambuco.audiencelabs.com.br\/wp-json\/wp\/v2\/posts\/9181\/revisions\/9186"}],"wp:featuredmedia":[{"embeddable":true,"href":"https:\/\/diariodepernambuco.audiencelabs.com.br\/wp-json\/wp\/v2\/media\/9184"}],"wp:attachment":[{"href":"https:\/\/diariodepernambuco.audiencelabs.com.br\/wp-json\/wp\/v2\/media?parent=9181"}],"wp:term":[{"taxonomy":"category","embeddable":true,"href":"https:\/\/diariodepernambuco.audiencelabs.com.br\/wp-json\/wp\/v2\/categories?post=9181"},{"taxonomy":"post_tag","embeddable":true,"href":"https:\/\/diariodepernambuco.audiencelabs.com.br\/wp-json\/wp\/v2\/tags?post=9181"}],"curies":[{"name":"wp","href":"https:\/\/api.w.org\/{rel}","templated":true}]}}