{"id":9200,"date":"2025-11-14T15:45:00","date_gmt":"2025-11-14T18:45:00","guid":{"rendered":"https:\/\/diariodepernambuco.audiencelabs.com.br\/?p=9200"},"modified":"2025-11-13T13:47:33","modified_gmt":"2025-11-13T16:47:33","slug":"passaro-que-ficou-extinto-40-anos-reinicia-processo-de-reproducao","status":"publish","type":"post","link":"https:\/\/diariodepernambuco.audiencelabs.com.br\/passaro-que-ficou-extinto-40-anos-reinicia-processo-de-reproducao\/","title":{"rendered":"P\u00e1ssaro que ficou extinto 40 anos reinicia processo de reprodu\u00e7\u00e3o"},"content":{"rendered":"\n<p>Um p\u00e1ssaro que passou quatro d\u00e9cadas extinto na natureza acaba de reiniciar seu ciclo reprodutivo, surpreendendo cientistas e renovando as esperan\u00e7as da conserva\u00e7\u00e3o ambiental.<\/p>\n\n\n\n<p>A not\u00edcia representa um marco raro e animador no combate \u00e0 perda de biodiversidade, resultado de esfor\u00e7os coordenados por institui\u00e7\u00f5es ao redor do mundo.<\/p>\n\n\n\n<h2 class=\"wp-block-heading\">P\u00e1ssaro que ficou extinto 40 anos reinicia processo de reprodu\u00e7\u00e3o<\/h2>\n\n\n\n<p>A esp\u00e9cie em quest\u00e3o \u00e9 o <strong>sihek<\/strong>, nome local do <strong><a href=\"https:\/\/pt.wikipedia.org\/wiki\/Todiramphus_cinnamominus\" target=\"_blank\" rel=\"noopener\">martim-pescador de Guam<\/a><\/strong> (<em>Todiramphus cinnamominus<\/em>), ave nativa da ilha de Guam, no Pac\u00edfico. <\/p>\n\n\n\n<p>Pequeno, de plumagem vibrante em tons de azul e canela, o sihek desapareceu do ambiente natural ap\u00f3s a introdu\u00e7\u00e3o acidental da cobra-arbor\u00edcola marrom, uma predadora que dizimou aves locais ao se alimentar de ovos e filhotes. <\/p>\n\n\n\n<p>O impacto foi devastador: por volta dos anos 1980, restavam apenas algumas dezenas de indiv\u00edduos, que foram resgatados e levados para cativeiros nos <a href=\"https:\/\/diariodepernambuco.com.br\/dpmais\/estados-unidos-oficializou-proibicao-de-passaporte-para-milhares-de-pessoas\/\" target=\"_blank\" rel=\"noopener\"><strong>Estados Unidos<\/strong><\/a>.<\/p>\n\n\n\n<p>Desde ent\u00e3o, um esfor\u00e7o de conserva\u00e7\u00e3o de longo prazo foi colocado em pr\u00e1tica, com foco na reprodu\u00e7\u00e3o controlada da esp\u00e9cie de p\u00e1ssaro. <\/p>\n\n\n\n<p>Centros de preserva\u00e7\u00e3o, como o Zool\u00f3gico de Sedgwick County e a Sociedade Zool\u00f3gica de Londres, foram respons\u00e1veis por manter os sihek vivos em ambientes protegidos, estudando seu comportamento e assegurando sua sobreviv\u00eancia em cativeiro.<\/p>\n\n\n\n<p>Em 2024, ap\u00f3s anos de prepara\u00e7\u00e3o e planejamento, seis exemplares foram reintroduzidos em uma \u00e1rea isolada e livre de predadores: o Atol de Palmyra, uma reserva protegida sob jurisdi\u00e7\u00e3o dos Estados Unidos. <\/p>\n\n\n\n<p>O local foi escolhido por oferecer condi\u00e7\u00f5es semelhantes ao habitat original, mas sem a amea\u00e7a da cobra invasora. Cada ave recebeu um rastreador, permitindo o monitoramento cont\u00ednuo pelos pesquisadores.<\/p>\n\n\n\n<h3 class=\"wp-block-heading\">Primeiro ovo do p\u00e1ssaro em 40 anos foi encontrado em 2024<\/h3>\n\n\n\n<p>A maior surpresa veio quando, em mar\u00e7o de 2024, foi encontrado o primeiro ovo depositado em ambiente natural em 37 anos. <\/p>\n\n\n\n<p>O feito representa n\u00e3o apenas o sucesso da reintrodu\u00e7\u00e3o, mas o in\u00edcio de uma nova etapa: o retorno da reprodu\u00e7\u00e3o aut\u00f4noma da esp\u00e9cie fora do cativeiro. <\/p>\n\n\n\n<p>O casal respons\u00e1vel pelo feito foi apelidado de Tutuhan e Hinanao pelos cientistas que acompanham o projeto.<\/p>\n\n\n\n<p>Com os primeiros jovens sihek atingindo a maturidade reprodutiva nos pr\u00f3ximos meses, o plano \u00e9 continuar com novas solturas em ilhas seguras pr\u00f3ximas, enquanto se trabalha para, futuramente, reintroduzi-los em Guam. <\/p>\n\n\n\n<p>A recupera\u00e7\u00e3o da esp\u00e9cie refor\u00e7a o papel da ci\u00eancia e da colabora\u00e7\u00e3o internacional na revers\u00e3o de perdas ambientais que antes pareciam definitivas.<\/p>\n\n\n\n<p><\/p>\n","protected":false},"excerpt":{"rendered":"<p>Um p\u00e1ssaro que passou quatro d\u00e9cadas extinto na natureza acaba de reiniciar seu ciclo reprodutivo, surpreendendo cientistas e renovando as esperan\u00e7as da conserva\u00e7\u00e3o ambiental. A not\u00edcia representa um marco raro e animador no combate \u00e0 perda de biodiversidade, resultado de esfor\u00e7os coordenados por institui\u00e7\u00f5es ao redor do mundo. P\u00e1ssaro que ficou extinto 40 anos reinicia [&hellip;]<\/p>\n","protected":false},"author":12,"featured_media":9205,"comment_status":"open","ping_status":"open","sticky":false,"template":"","format":"standard","meta":{"jnews-multi-image_gallery":[],"jnews_single_post":{"format":"standard"},"jnews_primary_category":[],"jnews_social_meta":[],"jnews_post_split":[],"footnotes":""},"categories":[1],"tags":[],"class_list":["post-9200","post","type-post","status-publish","format-standard","has-post-thumbnail","hentry","category-uncategorized"],"_links":{"self":[{"href":"https:\/\/diariodepernambuco.audiencelabs.com.br\/wp-json\/wp\/v2\/posts\/9200","targetHints":{"allow":["GET"]}}],"collection":[{"href":"https:\/\/diariodepernambuco.audiencelabs.com.br\/wp-json\/wp\/v2\/posts"}],"about":[{"href":"https:\/\/diariodepernambuco.audiencelabs.com.br\/wp-json\/wp\/v2\/types\/post"}],"author":[{"embeddable":true,"href":"https:\/\/diariodepernambuco.audiencelabs.com.br\/wp-json\/wp\/v2\/users\/12"}],"replies":[{"embeddable":true,"href":"https:\/\/diariodepernambuco.audiencelabs.com.br\/wp-json\/wp\/v2\/comments?post=9200"}],"version-history":[{"count":1,"href":"https:\/\/diariodepernambuco.audiencelabs.com.br\/wp-json\/wp\/v2\/posts\/9200\/revisions"}],"predecessor-version":[{"id":9211,"href":"https:\/\/diariodepernambuco.audiencelabs.com.br\/wp-json\/wp\/v2\/posts\/9200\/revisions\/9211"}],"wp:featuredmedia":[{"embeddable":true,"href":"https:\/\/diariodepernambuco.audiencelabs.com.br\/wp-json\/wp\/v2\/media\/9205"}],"wp:attachment":[{"href":"https:\/\/diariodepernambuco.audiencelabs.com.br\/wp-json\/wp\/v2\/media?parent=9200"}],"wp:term":[{"taxonomy":"category","embeddable":true,"href":"https:\/\/diariodepernambuco.audiencelabs.com.br\/wp-json\/wp\/v2\/categories?post=9200"},{"taxonomy":"post_tag","embeddable":true,"href":"https:\/\/diariodepernambuco.audiencelabs.com.br\/wp-json\/wp\/v2\/tags?post=9200"}],"curies":[{"name":"wp","href":"https:\/\/api.w.org\/{rel}","templated":true}]}}