{"id":9202,"date":"2025-11-14T18:30:00","date_gmt":"2025-11-14T21:30:00","guid":{"rendered":"https:\/\/diariodepernambuco.audiencelabs.com.br\/?p=9202"},"modified":"2025-11-13T13:38:54","modified_gmt":"2025-11-13T16:38:54","slug":"cidade-brasileira-que-poucos-conhecem-lembra-muito-a-europa-e-tem-melhor-chocolate-do-pais","status":"publish","type":"post","link":"https:\/\/diariodepernambuco.audiencelabs.com.br\/cidade-brasileira-que-poucos-conhecem-lembra-muito-a-europa-e-tem-melhor-chocolate-do-pais\/","title":{"rendered":"Cidade brasileira que poucos conhecem lembra muito a Europa e tem melhor chocolate do pa\u00eds"},"content":{"rendered":"\n<p>Escondida entre as serras do Rio Grande do Sul, Gramado \u00e9 uma cidade que encanta turistas ao transportar seus visitantes para um cen\u00e1rio europeu sem sair do Brasil. Com ruas arborizadas, arquitetura de inspira\u00e7\u00e3o germ\u00e2nica e italiana, e uma atmosfera acolhedora, a cidade \u00e9 famosa n\u00e3o apenas por seu charme, mas tamb\u00e9m por oferecer alguns dos melhores chocolates do pa\u00eds.<\/p>\n\n\n\n<p>Al\u00e9m de sua arquitetura encantadora, Gramado \u00e9 conhecida por seus eventos culturais e festivais, como o famoso Festival de Cinema de Gramado e o tradicional Natal Luz, que transforma a cidade em um verdadeiro espet\u00e1culo de luzes e m\u00fasica durante a temporada de fim de ano.<\/p>\n\n\n\n<p>Esses acontecimentos atraem visitantes de todas as partes do Brasil e do mundo, consolidando Gramado como um ponto tur\u00edstico de refer\u00eancia no pa\u00eds. A cidade tamb\u00e9m se destaca pela gastronomia, especialmente pelos chocolates artesanais, produzidos em diversas f\u00e1bricas e lojas que permitem degusta\u00e7\u00f5es e passeios guiados.<\/p>\n\n\n\n<p>Al\u00e9m dos doces, a culin\u00e1ria local mistura influ\u00eancias alem\u00e3s, italianas e portuguesas, oferecendo pratos t\u00edpicos que encantam tanto pelo sabor quanto pela apresenta\u00e7\u00e3o. Com paisagens naturais deslumbrantes, clima europeu e atra\u00e7\u00f5es culturais e gastron\u00f4micas, Gramado \u00e9 um destino que une charme, tradi\u00e7\u00e3o e experi\u00eancias \u00fanicas.<\/p>\n\n\n\n<h2 class=\"wp-block-heading\">O que fazer em Gramado (RS)<\/h2>\n\n\n\n<ul class=\"wp-block-list\">\n<li>Centro da cidade \u2013 Passear pelas ruas arborizadas e contemplar a arquitetura de estilo europeu.<\/li>\n<\/ul>\n\n\n\n<ul class=\"wp-block-list\">\n<li>Rua Coberta \u2013 Conhecer lojas, caf\u00e9s e restaurantes em um espa\u00e7o charmoso e protegido.<\/li>\n<\/ul>\n\n\n\n<ul class=\"wp-block-list\">\n<li>Lago Negro \u2013 Passear de pedalinho ou caminhar ao redor do lago com paisagens inspiradas na natureza europeia.<\/li>\n<\/ul>\n\n\n\n<ul class=\"wp-block-list\">\n<li>Mini Mundo \u2013 Visitar o parque com r\u00e9plicas em miniatura de constru\u00e7\u00f5es famosas do mundo todo.<\/li>\n<\/ul>\n\n\n\n<ul class=\"wp-block-list\">\n<li>Parque do Caracol e Cascata do Caracol \u2013 Aproveitar a natureza e tirar fotos em um dos cart\u00f5es-postais da regi\u00e3o.<\/li>\n<\/ul>\n\n\n\n<ul class=\"wp-block-list\">\n<li>F\u00e1bricas de chocolate \u2013 Fazer degusta\u00e7\u00f5es e tours em lojas e f\u00e1bricas de chocolates artesanais.<\/li>\n<\/ul>\n\n\n\n<ul class=\"wp-block-list\">\n<li>Museu de Cera Dreamland \u2013 Conhecer esculturas de cera de celebridades e personagens famosos.<\/li>\n<\/ul>\n\n\n\n<ul class=\"wp-block-list\">\n<li>Snowland \u2013 Experimentar atividades de neve em um parque indoor tem\u00e1tico.<\/li>\n<\/ul>\n\n\n\n<ul class=\"wp-block-list\">\n<li>Natal Luz \u2013 Participar do famoso festival de Natal com shows, luzes e apresenta\u00e7\u00f5es (temporada de novembro a janeiro).<\/li>\n<\/ul>\n\n\n\n<ul class=\"wp-block-list\">\n<li>Festival de Cinema de Gramado \u2013 Conferir mostras de cinema e eventos culturais (geralmente em agosto).<\/li>\n<\/ul>\n\n\n\n<ul class=\"wp-block-list\">\n<li>Vin\u00edcolas e gastronomia \u2013 Provar vinhos locais, fondue, pratos de influ\u00eancia alem\u00e3 e italiana.<\/li>\n<\/ul>\n\n\n\n<p><\/p>\n","protected":false},"excerpt":{"rendered":"<p>Escondida entre as serras do Rio Grande do Sul, Gramado \u00e9 uma cidade que encanta turistas ao transportar seus visitantes para um cen\u00e1rio europeu sem sair do Brasil. Com ruas arborizadas, arquitetura de inspira\u00e7\u00e3o germ\u00e2nica e italiana, e uma atmosfera acolhedora, a cidade \u00e9 famosa n\u00e3o apenas por seu charme, mas tamb\u00e9m por oferecer alguns [&hellip;]<\/p>\n","protected":false},"author":4,"featured_media":7908,"comment_status":"open","ping_status":"open","sticky":false,"template":"","format":"standard","meta":{"jnews-multi-image_gallery":[],"jnews_single_post":{"format":"standard"},"jnews_primary_category":[],"jnews_social_meta":[],"jnews_post_split":[],"footnotes":""},"categories":[1],"tags":[],"class_list":["post-9202","post","type-post","status-publish","format-standard","has-post-thumbnail","hentry","category-uncategorized"],"_links":{"self":[{"href":"https:\/\/diariodepernambuco.audiencelabs.com.br\/wp-json\/wp\/v2\/posts\/9202","targetHints":{"allow":["GET"]}}],"collection":[{"href":"https:\/\/diariodepernambuco.audiencelabs.com.br\/wp-json\/wp\/v2\/posts"}],"about":[{"href":"https:\/\/diariodepernambuco.audiencelabs.com.br\/wp-json\/wp\/v2\/types\/post"}],"author":[{"embeddable":true,"href":"https:\/\/diariodepernambuco.audiencelabs.com.br\/wp-json\/wp\/v2\/users\/4"}],"replies":[{"embeddable":true,"href":"https:\/\/diariodepernambuco.audiencelabs.com.br\/wp-json\/wp\/v2\/comments?post=9202"}],"version-history":[{"count":2,"href":"https:\/\/diariodepernambuco.audiencelabs.com.br\/wp-json\/wp\/v2\/posts\/9202\/revisions"}],"predecessor-version":[{"id":9204,"href":"https:\/\/diariodepernambuco.audiencelabs.com.br\/wp-json\/wp\/v2\/posts\/9202\/revisions\/9204"}],"wp:featuredmedia":[{"embeddable":true,"href":"https:\/\/diariodepernambuco.audiencelabs.com.br\/wp-json\/wp\/v2\/media\/7908"}],"wp:attachment":[{"href":"https:\/\/diariodepernambuco.audiencelabs.com.br\/wp-json\/wp\/v2\/media?parent=9202"}],"wp:term":[{"taxonomy":"category","embeddable":true,"href":"https:\/\/diariodepernambuco.audiencelabs.com.br\/wp-json\/wp\/v2\/categories?post=9202"},{"taxonomy":"post_tag","embeddable":true,"href":"https:\/\/diariodepernambuco.audiencelabs.com.br\/wp-json\/wp\/v2\/tags?post=9202"}],"curies":[{"name":"wp","href":"https:\/\/api.w.org\/{rel}","templated":true}]}}