{"id":9213,"date":"2025-11-14T09:30:00","date_gmt":"2025-11-14T12:30:00","guid":{"rendered":"https:\/\/diariodepernambuco.audiencelabs.com.br\/?p=9213"},"modified":"2025-11-14T11:28:17","modified_gmt":"2025-11-14T14:28:17","slug":"familias-de-baixa-renda-ganham-mais-um-auxilio-aprovado-pelo-governo","status":"publish","type":"post","link":"https:\/\/diariodepernambuco.audiencelabs.com.br\/familias-de-baixa-renda-ganham-mais-um-auxilio-aprovado-pelo-governo\/","title":{"rendered":"Fam\u00edlias de baixa renda ganham mais um aux\u00edlio aprovado pelo Governo"},"content":{"rendered":"\n<p>Fam\u00edlias em situa\u00e7\u00e3o de vulnerabilidade em um estado brasileiro receber\u00e3o um novo aux\u00edlio financeiro aprovado nesta semana. O benef\u00edcio, que come\u00e7ar\u00e1 a ser pago at\u00e9 o final de 2025, poder\u00e1 chegar a R$ 250 mensais por n\u00facleo familiar, desde que sejam cumpridos crit\u00e9rios espec\u00edficos. <\/p>\n\n\n\n<p>A medida faz parte de uma estrat\u00e9gia oficial para reduzir a pobreza extrema e promover a inclus\u00e3o social em regi\u00f5es duramente impactadas por crises recentes.<\/p>\n\n\n\n<h2 class=\"wp-block-heading\">Fam\u00edlias de baixa renda ganham mais um aux\u00edlio aprovado pelo Governo<\/h2>\n\n\n\n<p>O novo aux\u00edlio ser\u00e1 oferecido pelo governo do Rio Grande do Sul, estado que enfrenta desafios significativos relacionados \u00e0 desigualdade social e aos efeitos de cat\u00e1strofes naturais. <\/p>\n\n\n\n<p>A iniciativa, batizada de <em><a href=\"https:\/\/social.rs.gov.br\/familia-gaucha\" target=\"_blank\" rel=\"noopener\"><strong>Fam\u00edlia Ga\u00facha<\/strong><\/a><\/em>, prev\u00ea o repasse de R$ 200 mensais a fam\u00edlias em extrema pobreza. O valor sobe para R$ 250 nos casos em que h\u00e1 crian\u00e7as de at\u00e9 seis anos na resid\u00eancia. <\/p>\n\n\n<style>@media (min-width: 992px) {\n    .recomendadorV2Area1 {\n        width: 280px;\n    }\n    .recomendadorV2Area2 {\n        padding: 0px 20px;\n        width: calc(100% - 280px);\n    }\n}\n\n@media (max-width: 992px) {\n    .recomendadorV2Button {\n        margin: 0 auto;\n    }\n    .recomendadorV2Area {\n        flex-direction: column;\n        text-align: center;\n    }\n    .recomendadorV2Area2 {\n        padding: 0px 20px;\n    }\n}\n\n.recomendadorV2Area {\n    background: #eeeeee3d;\n    border-radius: 10px;\n    padding: 15px;\n    display: flex;\n    margin: 15px auto;\n    border: 1px solid #00000014;\n    max-width: 800px;\n}\n\n.recomendadorV2Area1 img {\n    width: 280px;\n    height: auto;\n    border-radius: 8px;\n}\n\n.linkrecomendadorv2 {\n    text-decoration: none !important;\n}\n\n.recomendadorV2Area2 .recomendadorV2Type {\n    text-transform: uppercase;\n    font-weight: 500;\n    font-size: 11px;\n    letter-spacing: 2px;\n    color: #666;\n    margin: 12px 0;\n    display: block;\n}\n\n.recomendadorV2Title h2 {\n    padding-top: 0px !important;\n    margin: 0px !important;\n    border-left: none !important;\n    padding-left: 0px !important;\n    line-height: 1.3;\n    color: #000 !important;\n    font-size: 24px;\n    margin-bottom: 12px !important;\n}\n\n.recomendadorV2Desc {\n    color: #333;\n    margin: 12px 0px !important;\n    font-size: 15px;\n    line-height: 1.5;\n}\n\n.recomendadorV2Button {\n    width: auto;\n    max-width: 200px;\n    margin: 0;\n    display: inline-flex;\n    align-items: center;\n    background: #1D3557;\n    border-radius: 8px;\n    color: #fff;\n    height: 36px;\n    justify-content: center;\n    text-align: center;\n    font-size: 14px;\n    padding: 0 20px;\n    transition: background-color 0.2s ease;\n}\n\n.recomendadorV2Button:hover {\n    background: #2a4d7a;\n}\n\n.recomendadorV2Button:after {\n    margin-top: -2px;\n    content: \"\u2192\";\n    padding: 0px 0px 0px 8px;\n}\n\n.recomendadorV2Alert {\n    text-align: left;\n    font-size: 11px;\n    margin-top: 8px;\n    color: #666;\n}\n\n.recomendadorFixedArea {\n    width: 100%;\n    display: flex;\n    justify-content: center;\n    align-items: center;\n}\n\n@media (min-width: 992px) {\n    #recomendadorFixed {\n        width: 32% !important;\n        left: 5%;\n    }\n    .recomendadorCloseFixed{\n        right: inherit !important;\n        left: 378px !important;\n    }\n}\n\n#recomendadorFixed {\n    width: 90%;\n    box-shadow: 0 10px 20px 0px #00000057;\n    display: none;\n    height: 90px;\n    background: #F6F6F6;\n    position: fixed;\n    flex-direction: row;\n    bottom: 10px;\n    z-index: 9999;\n    border-radius: 16px;\n    padding: 7px 10px;\n}\n\n.recomendadorLeftArea {\n    width: 160px;\n}\n\n.recomendadorRightArea h2 {\n    padding-top: 0px;\n    margin: 2px 0px 4px 0px !important;\n    font-weight: 400;\n    text-align: center;\n    padding-left: 0px !important;\n    color: #000 !important;\n    border-left: none !important;\n    line-height: 20px;\n    font-size: 12px !important;\n}\n\n.recomendadorImgFixed {\n    overflow: hidden;\n    padding: 8px 6px;\n    height: 100%;\n}\n\n.recomendadorImgFixed img {\n    height: 100% !important;\n    border-radius: 16px;\n}\n\n.recomendadorRightArea {\n    padding-top: 6px;\n    display: flex;\n    width: calc(100% - 130px);\n    justify-content: space-between;\n    align-items: center;\n    flex-direction: column;\n}\n\n.recomendadorButtonFixed {\n    margin: 0 auto;\n    background: #1D3557;\n    width: 80%;\n    text-align: center;\n    font-size: 10px;\n    color: #FFF;\n    padding: 2px 10px;\n    border-radius: 3px;\n}\n\n.recomendadorButtonFixed:after {\n    margin-top: -3px;\n    content: \"\u2192\";\n    padding: 0px 0px 0px 10px;\n}\n\n.recomendadorAlertFixed {\n    font-weight: 400;\n    text-align: center;\n    color: #484848;\n    font-size: 8px;\n}\n\n.recomendadorCloseFixed {\n    z-index: 99999;\n    display: none;\n    right: 0px;\n    left: inherit;\n    bottom: 99px;\n    position: fixed;\n    justify-content: center;\n    background: #F6F6F6;\n    width: 25px;\n    align-items: center;\n    height: 25px;\n    font-weight: 800;\n    border-radius: 50%;\n    border: 1px solid #EBEBEB;\n}\n\n.recomendadorV2Desc{\n    color: #000000;\n    margin: 20px 0px;\n}\n\n@media (max-width: 576px) {\n    .recomendadorV2Area {\n      padding: 10px;\n      max-width: 100%;\n    }\n  \n    .recomendadorV2Area1 img {\n      width: 100%;\n      border-radius: 6px;\n    }\n  \n    .recomendadorV2Area2 .recomendadorV2Type {\n      font-size: 9px;\n      letter-spacing: 1px;\n      margin: 8px 0;\n    }\n  \n    .recomendadorV2Title h2 {\n      font-size: 18px !important;\n      margin-bottom: 8px !important;\n      line-height: 1.2;\n    }\n  \n    .recomendadorV2Desc {\n      font-size: 14px;\n      margin: 8px 0 !important;\n      line-height: 1.4;\n    }\n  \n    .recomendadorV2Button {\n      font-size: 12px;\n      height: 30px;\n      padding: 0 12px;\n      max-width: 160px;\n    }\n  \n    .recomendadorV2Button:after {\n      padding-left: 6px;\n    }\n  }\n  <\/style>\n        <div class=\"lazyblock-recomendador-v2-2jDGz wp-block-lazyblock-recomendador-v2\">\n        <a class=\"linkrecomendadorv2\" href=\"https:\/\/diariodepernambuco.com.br\/dpmais\/de-ultima-hora-mudanca-no-pagamento-do-bolsa-familia-de-novembro\/?utm_source=lazy\" target=\"_blank\" rel=\"noopener\">\n            <div class=\"recomendadorV2Area\">\n            <div class=\"recomendadorV2Area1\">\n                <div class=\"recomendadorV2Img\">\n                <img class=\"lazyloaded\" decoding=\"async\" src=\"https:\/\/diariodepernambuco.com.br\/dpmais\/de-ultima-hora-mudanca-no-pagamento-do-bolsa-familia-de-novembro\/wp-content\/uploads\/2025\/08\/Bolsa-Familia-1-e1756123458670.jpg\" data-src=\"https:\/\/diariodepernambuco.com.br\/dpmais\/de-ultima-hora-mudanca-no-pagamento-do-bolsa-familia-de-novembro\/wp-content\/uploads\/2025\/08\/Bolsa-Familia-1-e1756123458670.jpg\" alt=\"\">\n                <\/div>\n            <\/div>\n            <div class=\"recomendadorV2Area2\">\n                <div class=\"recomendadorV2Type\">\n                    <span>Pagamento Bolsa<\/span>\n                <\/div>\n                <div class=\"recomendadorV2Title\">\n                <h2><span>Bolsa Fam\u00edlia \ud83d\udcc5<\/span><\/h2>\n                <\/div>\n                <div class=\"recomendadorV2Desc\">\n                <span>Confira a nova data de pagamento de novembro<\/span>\n                <\/div>\n                <div class=\"recomendadorV2Button\">Leia agora<\/div>\n                <div class=\"recomendadorV2Alert\"><\/div>\n            <\/div>\n            <\/div>\n        <\/a>\n        <div>\n            <div style=\"z-index:99999;\" id=\"buttonClose\" onclick=\"closeRecomendadorFixed()\">\n            <div class=\"recomendadorCloseFixed\">X<\/div>\n            <\/div>\n            <a href=\"https:\/\/diariodepernambuco.com.br\/dpmais\/de-ultima-hora-mudanca-no-pagamento-do-bolsa-familia-de-novembro\/?utm_source=lazy\" target=\"_blank\" rel=\"noopener\">\n            <div class=\"recomendadorFixedArea\">\n                <div id=\"recomendadorFixed\">\n                <div class=\"recomendadorLeftArea\">\n                    <div class=\"recomendadorImgFixed\">\n                    <img class=\"lazyload\" decoding=\"async\" src=\"https:\/\/diariodepernambuco.com.br\/dpmais\/de-ultima-hora-mudanca-no-pagamento-do-bolsa-familia-de-novembro\/wp-content\/uploads\/2025\/08\/Bolsa-Familia-1-e1756123458670.jpg\" alt=\"\">\n                    <\/div>\n                <\/div>\n                <div class=\"recomendadorRightArea\">\n                    <div class=\"recomendadorTitleFixed\">\n                    <h2><span>Bolsa Fam\u00edlia \ud83d\udcc5<\/span><\/h2>\n                    <\/div>\n                    <div class=\"recomendadorButtonFixed\">Leia agora<\/div>\n                    <div class=\"recomendadorAlertFixed\"><\/div>\n                <\/div>\n                <\/div>\n            <\/div>\n            <\/a>\n        <\/div>\n        <\/div>\n\n\n\n<p>O <a href=\"https:\/\/diariodepernambuco.com.br\/dpmais\/valor-do-auxilio-alimentacao-dos-trabalhadores-vai-aumentar-no-brasil\/\" target=\"_blank\" rel=\"noopener\"><strong>benef\u00edcio<\/strong><\/a> tem previs\u00e3o de durar dois anos e ser\u00e1 direcionado a pouco mais de 10 mil fam\u00edlias em todo o estado.<\/p>\n\n\n\n<p>O p\u00fablico-alvo s\u00e3o fam\u00edlias cadastradas no Cad\u00danico (Cadastro \u00danico para Programas Sociais do Governo Federal) com renda per capita mensal de at\u00e9 R$ 218. <\/p>\n\n\n\n<p>A inten\u00e7\u00e3o do programa vai al\u00e9m do repasse financeiro: ele prev\u00ea o acompanhamento cont\u00ednuo dos benefici\u00e1rios por meio de agentes sociais, que visitar\u00e3o os lares e desenvolver\u00e3o um plano de a\u00e7\u00e3o voltado \u00e0 supera\u00e7\u00e3o da pobreza. <\/p>\n\n\n\n<p>Esses profissionais ser\u00e3o respons\u00e1veis por entender as dificuldades espec\u00edficas de cada fam\u00edlia e propor caminhos de emancipa\u00e7\u00e3o, com foco em pol\u00edticas p\u00fablicas e inser\u00e7\u00e3o produtiva.<\/p>\n\n\n\n<h3 class=\"wp-block-heading\">Como se inscrever para receber o novo aux\u00edlio do Rio Grande do Sul?<\/h3>\n\n\n\n<p>A sele\u00e7\u00e3o dos benefici\u00e1rios ser\u00e1 realizada pelas prefeituras municipais. Dos 497 munic\u00edpios do Rio Grande do Sul, 92 foram credenciados para indicar as fam\u00edlias que atenderem aos requisitos. <\/p>\n\n\n\n<p>Como o processo de escolha \u00e9 descentralizado, n\u00e3o haver\u00e1 inscri\u00e7\u00f5es abertas ao p\u00fablico em geral. A escolha se dar\u00e1 por meio de an\u00e1lise local, considerando os crit\u00e9rios sociais estabelecidos pelo programa.<\/p>\n\n\n\n<p>O envio dos recursos ser\u00e1 acompanhado por visitas peri\u00f3dicas dos agentes sociais. Esses profissionais atuar\u00e3o n\u00e3o apenas no repasse, mas tamb\u00e9m na execu\u00e7\u00e3o de um plano personalizado para cada n\u00facleo familiar. <\/p>\n\n\n\n<p>O investimento estimado pelo governo estadual \u00e9 de R$ 120 milh\u00f5es, com recursos provenientes do Fundo de Reconstru\u00e7\u00e3o do Rio Grande do Sul (Funrigs), criado para apoiar popula\u00e7\u00f5es afetadas por enchentes.<\/p>\n\n\n\n<p><\/p>\n","protected":false},"excerpt":{"rendered":"<p>Fam\u00edlias em situa\u00e7\u00e3o de vulnerabilidade em um estado brasileiro receber\u00e3o um novo aux\u00edlio financeiro aprovado nesta semana. O benef\u00edcio, que come\u00e7ar\u00e1 a ser pago at\u00e9 o final de 2025, poder\u00e1 chegar a R$ 250 mensais por n\u00facleo familiar, desde que sejam cumpridos crit\u00e9rios espec\u00edficos. A medida faz parte de uma estrat\u00e9gia oficial para reduzir a [&hellip;]<\/p>\n","protected":false},"author":12,"featured_media":9224,"comment_status":"open","ping_status":"open","sticky":false,"template":"","format":"standard","meta":{"jnews-multi-image_gallery":[],"jnews_single_post":{"format":"standard"},"jnews_primary_category":[],"jnews_social_meta":[],"jnews_post_split":[],"footnotes":""},"categories":[1],"tags":[],"class_list":["post-9213","post","type-post","status-publish","format-standard","has-post-thumbnail","hentry","category-uncategorized"],"_links":{"self":[{"href":"https:\/\/diariodepernambuco.audiencelabs.com.br\/wp-json\/wp\/v2\/posts\/9213","targetHints":{"allow":["GET"]}}],"collection":[{"href":"https:\/\/diariodepernambuco.audiencelabs.com.br\/wp-json\/wp\/v2\/posts"}],"about":[{"href":"https:\/\/diariodepernambuco.audiencelabs.com.br\/wp-json\/wp\/v2\/types\/post"}],"author":[{"embeddable":true,"href":"https:\/\/diariodepernambuco.audiencelabs.com.br\/wp-json\/wp\/v2\/users\/12"}],"replies":[{"embeddable":true,"href":"https:\/\/diariodepernambuco.audiencelabs.com.br\/wp-json\/wp\/v2\/comments?post=9213"}],"version-history":[{"count":2,"href":"https:\/\/diariodepernambuco.audiencelabs.com.br\/wp-json\/wp\/v2\/posts\/9213\/revisions"}],"predecessor-version":[{"id":9286,"href":"https:\/\/diariodepernambuco.audiencelabs.com.br\/wp-json\/wp\/v2\/posts\/9213\/revisions\/9286"}],"wp:featuredmedia":[{"embeddable":true,"href":"https:\/\/diariodepernambuco.audiencelabs.com.br\/wp-json\/wp\/v2\/media\/9224"}],"wp:attachment":[{"href":"https:\/\/diariodepernambuco.audiencelabs.com.br\/wp-json\/wp\/v2\/media?parent=9213"}],"wp:term":[{"taxonomy":"category","embeddable":true,"href":"https:\/\/diariodepernambuco.audiencelabs.com.br\/wp-json\/wp\/v2\/categories?post=9213"},{"taxonomy":"post_tag","embeddable":true,"href":"https:\/\/diariodepernambuco.audiencelabs.com.br\/wp-json\/wp\/v2\/tags?post=9213"}],"curies":[{"name":"wp","href":"https:\/\/api.w.org\/{rel}","templated":true}]}}