{"id":9229,"date":"2025-12-25T17:46:00","date_gmt":"2025-12-25T20:46:00","guid":{"rendered":"https:\/\/diariodepernambuco.audiencelabs.com.br\/?p=9229"},"modified":"2025-12-18T07:17:33","modified_gmt":"2025-12-18T10:17:33","slug":"esta-pensao-alimenticia-pode-ser-cobrada-mesmo-depois-dos-18-anos-do-filho","status":"publish","type":"post","link":"https:\/\/diariodepernambuco.audiencelabs.com.br\/esta-pensao-alimenticia-pode-ser-cobrada-mesmo-depois-dos-18-anos-do-filho\/","title":{"rendered":"Esta pens\u00e3o aliment\u00edcia pode ser cobrada mesmo depois dos 18 anos do filho"},"content":{"rendered":"\n<p>A pens\u00e3o aliment\u00edcia \u00e9 um direito garantido por <a href=\"https:\/\/www.planalto.gov.br\/ccivil_03\/leis\/l5478.htm\" target=\"_blank\" rel=\"noopener\"><strong>lei<\/strong><\/a> a quem n\u00e3o tem meios de prover seu pr\u00f3prio sustento. No Brasil, esse mecanismo \u00e9 essencial para assegurar o bem-estar de filhos menores de idade, garantindo acesso \u00e0 alimenta\u00e7\u00e3o, educa\u00e7\u00e3o, sa\u00fade e outras necessidades b\u00e1sicas. <\/p>\n\n\n\n<p>Mas h\u00e1 uma cren\u00e7a comum, e que poucos sabem que \u00e9 equivocada, de que a obriga\u00e7\u00e3o de pagar pens\u00e3o acaba automaticamente quando o filho atinge a maioridade. A realidade jur\u00eddica, no entanto, \u00e9 bem diferente.<\/p>\n\n\n\n<h2 class=\"wp-block-heading\">Esta pens\u00e3o aliment\u00edcia pode ser cobrada mesmo depois dos 18 anos do filho<\/h2>\n\n\n\n<p>O encerramento do pagamento da pens\u00e3o aos 18 anos s\u00f3 ocorre automaticamente quando o filho j\u00e1 \u00e9 plenamente capaz de se manter por conta pr\u00f3pria. <\/p>\n\n\n\n<p>Ou seja, quando ele j\u00e1 trabalha, n\u00e3o depende financeiramente dos pais e n\u00e3o est\u00e1 mais inserido em contexto de vulnerabilidade. Nesses casos, o respons\u00e1vel pode pedir judicialmente a extin\u00e7\u00e3o da pens\u00e3o. <\/p>\n\n\n\n<p>Mesmo assim, o encerramento n\u00e3o acontece de forma autom\u00e1tica: \u00e9 preciso entrar com um pedido de exonera\u00e7\u00e3o na Justi\u00e7a. Parar de pagar por conta pr\u00f3pria, sem decis\u00e3o judicial, pode levar ao ac\u00famulo de d\u00edvidas e at\u00e9 \u00e0 pris\u00e3o civil do devedor.<\/p>\n\n\n\n<p>No entanto, h\u00e1 muitas situa\u00e7\u00f5es em que a obriga\u00e7\u00e3o de pagar pens\u00e3o continua mesmo depois dos 18 anos. Isso acontece, por exemplo, quando o filho est\u00e1 cursando ensino superior ou t\u00e9cnico e ainda n\u00e3o possui condi\u00e7\u00f5es de se manter sozinho. <\/p>\n\n\n\n<p>A <a href=\"https:\/\/diariodepernambuco.com.br\/dpmais\/brecha-na-lei-permite-inquilinos-atrasarem-3-meses-de-aluguel-sem-despejo-imediato\/\" target=\"_blank\" rel=\"noopener\"><strong>Justi\u00e7a entende<\/strong><\/a> que, ao estudar em tempo integral, o jovem pode ter sua inser\u00e7\u00e3o no mercado de trabalho dificultada, o que justifica a continuidade do pagamento. <\/p>\n\n\n\n<p>Nesses casos, \u00e9 comum que a pens\u00e3o seja mantida at\u00e9 os 24 anos, desde que o estudante comprove matr\u00edcula ativa e frequ\u00eancia regular.<\/p>\n\n\n\n<h3 class=\"wp-block-heading\">Mas h\u00e1 casos em que esse direito \u00e0 pens\u00e3o ap\u00f3s os 18 anos se encerra<\/h3>\n\n\n\n<p>Por outro lado, existem situa\u00e7\u00f5es que encerram o direito ao benef\u00edcio, mesmo que o filho ainda dependa financeiramente dos pais. <\/p>\n\n\n\n<p>Se o jovem contrair casamento ou formalizar uni\u00e3o est\u00e1vel, por exemplo, a Justi\u00e7a entende que ele assume novas responsabilidades e passa a ser considerado economicamente independente, e os pagamentos s\u00e3o encerradosa, independentemente da idade.<\/p>\n\n\n\n<p>Casos excepcionais tamb\u00e9m s\u00e3o considerados. Filhos com defici\u00eancia permanente que impe\u00e7a o trabalho podem receber pens\u00e3o por tempo indeterminado. <\/p>\n\n\n\n<p>J\u00e1 pedidos de extens\u00e3o da pens\u00e3o para segunda gradua\u00e7\u00e3o ou p\u00f3s-gradua\u00e7\u00e3o raramente s\u00e3o aceitos pelos tribunais, por entenderem que a primeira forma\u00e7\u00e3o j\u00e1 oferece base suficiente para a independ\u00eancia financeira.<\/p>\n\n\n\n<p>Em qualquer hip\u00f3tese, mudan\u00e7as na situa\u00e7\u00e3o do benefici\u00e1rio ou do respons\u00e1vel devem ser tratadas formalmente na Justi\u00e7a. Acordos feitos fora do processo judicial n\u00e3o t\u00eam validade legal e podem gerar s\u00e9rios problemas no futuro.<\/p>\n\n\n\n<p><\/p>\n","protected":false},"excerpt":{"rendered":"<p>A pens\u00e3o aliment\u00edcia \u00e9 um direito garantido por lei a quem n\u00e3o tem meios de prover seu pr\u00f3prio sustento. No Brasil, esse mecanismo \u00e9 essencial para assegurar o bem-estar de filhos menores de idade, garantindo acesso \u00e0 alimenta\u00e7\u00e3o, educa\u00e7\u00e3o, sa\u00fade e outras necessidades b\u00e1sicas. Mas h\u00e1 uma cren\u00e7a comum, e que poucos sabem que \u00e9 [&hellip;]<\/p>\n","protected":false},"author":12,"featured_media":9230,"comment_status":"open","ping_status":"open","sticky":false,"template":"","format":"standard","meta":{"jnews-multi-image_gallery":[],"jnews_single_post":{"format":"standard"},"jnews_primary_category":[],"jnews_social_meta":[],"jnews_post_split":[],"footnotes":""},"categories":[1],"tags":[],"class_list":["post-9229","post","type-post","status-publish","format-standard","has-post-thumbnail","hentry","category-uncategorized"],"_links":{"self":[{"href":"https:\/\/diariodepernambuco.audiencelabs.com.br\/wp-json\/wp\/v2\/posts\/9229","targetHints":{"allow":["GET"]}}],"collection":[{"href":"https:\/\/diariodepernambuco.audiencelabs.com.br\/wp-json\/wp\/v2\/posts"}],"about":[{"href":"https:\/\/diariodepernambuco.audiencelabs.com.br\/wp-json\/wp\/v2\/types\/post"}],"author":[{"embeddable":true,"href":"https:\/\/diariodepernambuco.audiencelabs.com.br\/wp-json\/wp\/v2\/users\/12"}],"replies":[{"embeddable":true,"href":"https:\/\/diariodepernambuco.audiencelabs.com.br\/wp-json\/wp\/v2\/comments?post=9229"}],"version-history":[{"count":1,"href":"https:\/\/diariodepernambuco.audiencelabs.com.br\/wp-json\/wp\/v2\/posts\/9229\/revisions"}],"predecessor-version":[{"id":9234,"href":"https:\/\/diariodepernambuco.audiencelabs.com.br\/wp-json\/wp\/v2\/posts\/9229\/revisions\/9234"}],"wp:featuredmedia":[{"embeddable":true,"href":"https:\/\/diariodepernambuco.audiencelabs.com.br\/wp-json\/wp\/v2\/media\/9230"}],"wp:attachment":[{"href":"https:\/\/diariodepernambuco.audiencelabs.com.br\/wp-json\/wp\/v2\/media?parent=9229"}],"wp:term":[{"taxonomy":"category","embeddable":true,"href":"https:\/\/diariodepernambuco.audiencelabs.com.br\/wp-json\/wp\/v2\/categories?post=9229"},{"taxonomy":"post_tag","embeddable":true,"href":"https:\/\/diariodepernambuco.audiencelabs.com.br\/wp-json\/wp\/v2\/tags?post=9229"}],"curies":[{"name":"wp","href":"https:\/\/api.w.org\/{rel}","templated":true}]}}