{"id":9269,"date":"2025-11-14T11:24:55","date_gmt":"2025-11-14T14:24:55","guid":{"rendered":"https:\/\/diariodepernambuco.audiencelabs.com.br\/?p=9269"},"modified":"2025-11-14T11:25:02","modified_gmt":"2025-11-14T14:25:02","slug":"lei-trabalhista-proibe-chefes-de-mandarem-mensagens-depois-das-18h-para-os-funcionarios-neste-pais","status":"publish","type":"post","link":"https:\/\/diariodepernambuco.audiencelabs.com.br\/lei-trabalhista-proibe-chefes-de-mandarem-mensagens-depois-das-18h-para-os-funcionarios-neste-pais\/","title":{"rendered":"Lei trabalhista \u201cpro\u00edbe\u201d chefes de mandarem mensagens depois das 18h para os funcion\u00e1rios neste pa\u00eds"},"content":{"rendered":"\n<p>No Brasil, assim como em muitos outros pa\u00edses, \u00e9 quase uma norma n\u00e3o escrita: o expediente acaba, mas o trabalho continua no WhatsApp ou no e-mail. Mensagens fora de hora, pedidos urgentes durante o jantar ou aquela liga\u00e7\u00e3o \u201crapidinha\u201d \u00e0 noite se tornaram parte da rotina de muitos trabalhadores. <\/p>\n\n\n\n<p>Essa pr\u00e1tica, embora comum, acaba empurrando os limites entre vida pessoal e profissional, prejudicando o descanso e a sa\u00fade mental dos empregados. Em meio a essa realidade, um pa\u00eds europeu decidiu reagir com uma medida concreta.<\/p>\n\n\n\n<h2 class=\"wp-block-heading\">Lei trabalhista \u201cpro\u00edbe\u201d chefes de mandarem mensagens depois das 18h para os funcion\u00e1rios neste pa\u00eds<\/h2>\n\n\n\n<p>Desde 2017, a <a href=\"https:\/\/diariodepernambuco.com.br\/dpmais\/lei-em-vigor-proibe-populacao-de-ter-cachorros-da-raca-pitbull-nesta-cidade-especifica-de-outro-pais\/\" target=\"_blank\" rel=\"noopener\"><strong>Fran\u00e7a<\/strong><\/a> adotou uma legisla\u00e7\u00e3o pioneira conhecida como \u201cdireito \u00e0 desconex\u00e3o\u201d. <\/p>\n\n\n\n<p>A norma surgiu como uma resposta \u00e0 crescente press\u00e3o digital sobre os trabalhadores, especialmente diante do uso generalizado de smartphones e plataformas de comunica\u00e7\u00e3o instant\u00e2nea. <\/p>\n\n\n\n<p>Embora a lei n\u00e3o pro\u00edba diretamente que gestores enviem mensagens ap\u00f3s o expediente, ela garante ao funcion\u00e1rio o direito de simplesmente ignor\u00e1-las, sem sofrer nenhum tipo de puni\u00e7\u00e3o ou cobran\u00e7a por isso.<\/p>\n\n\n\n<p>A legisla\u00e7\u00e3o vale para empresas com mais de 50 funcion\u00e1rios e exige que empregadores e representantes dos trabalhadores estabele\u00e7am, em conjunto, regras claras sobre o uso de meios digitais fora do hor\u00e1rio de trabalho. <\/p>\n\n\n\n<p>Caso n\u00e3o haja um acordo coletivo, cabe \u00e0 empresa elaborar internamente essas diretrizes, sempre ouvindo o <a href=\"https:\/\/european-union.europa.eu\/institutions-law-budget\/institutions-and-bodies\/search-all-eu-institutions-and-bodies\/european-economic-and-social-committee-eesc_en\" target=\"_blank\" rel=\"noopener\"><strong>Comit\u00ea Social e Econ\u00f4mico<\/strong><\/a>, que \u00e9 uma inst\u00e2ncia de representa\u00e7\u00e3o dos empregados.<\/p>\n\n\n\n<h3 class=\"wp-block-heading\">Proibi\u00e7\u00e3o de mensagens de chefes ap\u00f3s hor\u00e1rio de trabalho preserva descanso de trabalhadores<\/h3>\n\n\n\n<p>O foco principal da medida \u00e9 preservar o tempo de descanso, lazer e conv\u00edvio pessoal dos trabalhadores, combatendo o excesso de trabalho n\u00e3o remunerado e a cultura da hiperconectividade. <\/p>\n\n\n\n<p>Ela tamb\u00e9m est\u00e1 alinhada \u00e0 tradicional jornada de 35 horas semanais vigente na Fran\u00e7a, refor\u00e7ando o compromisso do pa\u00eds com o equil\u00edbrio entre vida profissional e pessoal.<\/p>\n\n\n\n<p>Na pr\u00e1tica, isso significa que, embora um chefe ainda possa enviar uma mensagem fora do expediente, o trabalhador n\u00e3o est\u00e1 legalmente obrigado a responder antes do pr\u00f3ximo turno. <\/p>\n\n\n\n<p>Em alguns casos, h\u00e1 exce\u00e7\u00f5es negociadas, como regimes de sobreaviso que preveem remunera\u00e7\u00e3o adicional. Mas, no geral, a lei representa um marco importante no reconhecimento do direito ao descanso como parte fundamental da dignidade do trabalhador moderno.<\/p>\n\n\n\n<p>Enquanto outros pa\u00edses seguem discutindo o tema, a Fran\u00e7a j\u00e1 colocou em pr\u00e1tica uma medida que coloca o bem-estar no centro das rela\u00e7\u00f5es de trabalho.<\/p>\n\n\n\n<p><\/p>\n","protected":false},"excerpt":{"rendered":"<p>No Brasil, assim como em muitos outros pa\u00edses, \u00e9 quase uma norma n\u00e3o escrita: o expediente acaba, mas o trabalho continua no WhatsApp ou no e-mail. Mensagens fora de hora, pedidos urgentes durante o jantar ou aquela liga\u00e7\u00e3o \u201crapidinha\u201d \u00e0 noite se tornaram parte da rotina de muitos trabalhadores. Essa pr\u00e1tica, embora comum, acaba empurrando [&hellip;]<\/p>\n","protected":false},"author":12,"featured_media":9278,"comment_status":"open","ping_status":"open","sticky":false,"template":"","format":"standard","meta":{"jnews-multi-image_gallery":[],"jnews_single_post":{"format":"standard"},"jnews_primary_category":[],"jnews_social_meta":[],"jnews_post_split":[],"footnotes":""},"categories":[1],"tags":[],"class_list":["post-9269","post","type-post","status-publish","format-standard","has-post-thumbnail","hentry","category-uncategorized"],"_links":{"self":[{"href":"https:\/\/diariodepernambuco.audiencelabs.com.br\/wp-json\/wp\/v2\/posts\/9269","targetHints":{"allow":["GET"]}}],"collection":[{"href":"https:\/\/diariodepernambuco.audiencelabs.com.br\/wp-json\/wp\/v2\/posts"}],"about":[{"href":"https:\/\/diariodepernambuco.audiencelabs.com.br\/wp-json\/wp\/v2\/types\/post"}],"author":[{"embeddable":true,"href":"https:\/\/diariodepernambuco.audiencelabs.com.br\/wp-json\/wp\/v2\/users\/12"}],"replies":[{"embeddable":true,"href":"https:\/\/diariodepernambuco.audiencelabs.com.br\/wp-json\/wp\/v2\/comments?post=9269"}],"version-history":[{"count":2,"href":"https:\/\/diariodepernambuco.audiencelabs.com.br\/wp-json\/wp\/v2\/posts\/9269\/revisions"}],"predecessor-version":[{"id":9288,"href":"https:\/\/diariodepernambuco.audiencelabs.com.br\/wp-json\/wp\/v2\/posts\/9269\/revisions\/9288"}],"wp:featuredmedia":[{"embeddable":true,"href":"https:\/\/diariodepernambuco.audiencelabs.com.br\/wp-json\/wp\/v2\/media\/9278"}],"wp:attachment":[{"href":"https:\/\/diariodepernambuco.audiencelabs.com.br\/wp-json\/wp\/v2\/media?parent=9269"}],"wp:term":[{"taxonomy":"category","embeddable":true,"href":"https:\/\/diariodepernambuco.audiencelabs.com.br\/wp-json\/wp\/v2\/categories?post=9269"},{"taxonomy":"post_tag","embeddable":true,"href":"https:\/\/diariodepernambuco.audiencelabs.com.br\/wp-json\/wp\/v2\/tags?post=9269"}],"curies":[{"name":"wp","href":"https:\/\/api.w.org\/{rel}","templated":true}]}}