{"id":9270,"date":"2025-11-14T11:05:39","date_gmt":"2025-11-14T14:05:39","guid":{"rendered":"https:\/\/diariodepernambuco.audiencelabs.com.br\/?p=9270"},"modified":"2025-11-14T11:30:29","modified_gmt":"2025-11-14T14:30:29","slug":"de-ultima-hora-mudanca-no-pagamento-do-bolsa-familia-de-novembro","status":"publish","type":"post","link":"https:\/\/diariodepernambuco.audiencelabs.com.br\/de-ultima-hora-mudanca-no-pagamento-do-bolsa-familia-de-novembro\/","title":{"rendered":"De \u00faltima hora: mudan\u00e7a no pagamento do Bolsa Fam\u00edlia de novembro"},"content":{"rendered":"\n<p>Novembro chega trazendo mudan\u00e7as que prometem impactar diretamente os benefici\u00e1rios do programa social mais popular do pa\u00eds. O Bolsa Fam\u00edlia passa a adotar novos crit\u00e9rios de sele\u00e7\u00e3o, uso obrigat\u00f3rio de biometria e ainda lan\u00e7a o \u201cG\u00e1s do Povo\u201d, um aux\u00edlio espec\u00edfico para a compra do botij\u00e3o de g\u00e1s.<\/p>\n\n\n\n<p>Com a inten\u00e7\u00e3o de tornar a sele\u00e7\u00e3o mais justa, o programa implementa regras in\u00e9ditas para definir quais fam\u00edlias ter\u00e3o prioridade na habilita\u00e7\u00e3o e entrada no sistema. Essas novas diretrizes, estabelecidas recentemente, devem reorganizar a ordem de atendimento e direcionar o benef\u00edcio a grupos considerados ainda mais vulner\u00e1veis.<\/p>\n\n\n\n<p>Essas mudan\u00e7as est\u00e3o previstas na Portaria n\u00ba 1123, publicada em 30 de outubro de 2025, que atualiza as normas operacionais para cadastro, revis\u00e3o e defini\u00e7\u00e3o de elegibilidade ao Bolsa Fam\u00edlia. A portaria revisa crit\u00e9rios em vigor desde julho de 2023 e afeta principalmente os munic\u00edpios, que agora devem seguir uma ordem rigorosa ao selecionar novas fam\u00edlias para o programa.<\/p>\n\n\n\n<p>Al\u00e9m disso, a biometria passa a ser obrigat\u00f3ria para quem deseja ingressar no Bolsa Fam\u00edlia, com regras espec\u00edficas sobre prazos de adequa\u00e7\u00e3o. A partir de 21 de novembro de 2025, todo novo solicitante dever\u00e1 registrar sua biometria como parte do processo de entrada no programa.<\/p>\n\n\n\n<p>Isso poder\u00e1 ser feito de maneira simples, por meio da nova carteira de identidade \u2014 que j\u00e1 conta com cadastro biom\u00e9trico \u2014 e tem como finalidade reduzir fraudes, al\u00e9m de tornar o processo mais seguro e eficiente. Informa\u00e7\u00f5es adicionais podem ser obtidas presencialmente nos \u00f3rg\u00e3os de assist\u00eancia social, como o CRAS. Para quem j\u00e1 \u00e9 benefici\u00e1rio do Bolsa Fam\u00edlia, a mudan\u00e7a n\u00e3o ter\u00e1 impacto imediato.<\/p>\n\n\n\n<p>Por fim, outra novidade do m\u00eas \u00e9 a cria\u00e7\u00e3o do programa G\u00e1s do Povo, que substitui o antigo Aux\u00edlio G\u00e1s. Com essa reformula\u00e7\u00e3o, o governo pretende modernizar o acesso ao botij\u00e3o de g\u00e1s, ampliar o n\u00famero de fam\u00edlias atendidas e corrigir distor\u00e7\u00f5es no uso do benef\u00edcio.<\/p>\n\n\n\n<h2 class=\"wp-block-heading\">Calend\u00e1rio do Bolsa Fam\u00edlia para novembro de 2025<\/h2>\n\n\n\n<ul class=\"wp-block-list\">\n<li>Final do NIS: 1 &#8211; pagamento em 14\/11<\/li>\n\n\n\n<li>Final do NIS: 2 &#8211; pagamento em 17\/11<\/li>\n\n\n\n<li>Final do NIS: 3 &#8211; pagamento em 18\/11<\/li>\n\n\n\n<li>Final do NIS: 4 &#8211; pagamento em 19\/11<\/li>\n\n\n\n<li>Final do NIS: 5 &#8211; pagamento em 21\/11<\/li>\n\n\n\n<li>Final do NIS: 6 &#8211; pagamento em 24\/11<\/li>\n\n\n\n<li>Final do NIS: 7 &#8211; pagamento em 25\/11<\/li>\n\n\n\n<li>Final do NIS: 8 &#8211; pagamento em 26\/11<\/li>\n\n\n\n<li>Final do NIS: 9 &#8211; pagamento em 27\/11<\/li>\n\n\n\n<li>Final do NIS: 0 &#8211; pagamento em 28\/11<\/li>\n<\/ul>\n\n\n\n<p><\/p>\n","protected":false},"excerpt":{"rendered":"<p>Novembro chega trazendo mudan\u00e7as que prometem impactar diretamente os benefici\u00e1rios do programa social mais popular do pa\u00eds. O Bolsa Fam\u00edlia passa a adotar novos crit\u00e9rios de sele\u00e7\u00e3o, uso obrigat\u00f3rio de biometria e ainda lan\u00e7a o \u201cG\u00e1s do Povo\u201d, um aux\u00edlio espec\u00edfico para a compra do botij\u00e3o de g\u00e1s. Com a inten\u00e7\u00e3o de tornar a sele\u00e7\u00e3o [&hellip;]<\/p>\n","protected":false},"author":4,"featured_media":1522,"comment_status":"open","ping_status":"open","sticky":false,"template":"","format":"standard","meta":{"jnews-multi-image_gallery":[],"jnews_single_post":{"format":"standard"},"jnews_primary_category":[],"jnews_social_meta":[],"jnews_post_split":[],"footnotes":""},"categories":[1],"tags":[],"class_list":["post-9270","post","type-post","status-publish","format-standard","has-post-thumbnail","hentry","category-uncategorized"],"_links":{"self":[{"href":"https:\/\/diariodepernambuco.audiencelabs.com.br\/wp-json\/wp\/v2\/posts\/9270","targetHints":{"allow":["GET"]}}],"collection":[{"href":"https:\/\/diariodepernambuco.audiencelabs.com.br\/wp-json\/wp\/v2\/posts"}],"about":[{"href":"https:\/\/diariodepernambuco.audiencelabs.com.br\/wp-json\/wp\/v2\/types\/post"}],"author":[{"embeddable":true,"href":"https:\/\/diariodepernambuco.audiencelabs.com.br\/wp-json\/wp\/v2\/users\/4"}],"replies":[{"embeddable":true,"href":"https:\/\/diariodepernambuco.audiencelabs.com.br\/wp-json\/wp\/v2\/comments?post=9270"}],"version-history":[{"count":1,"href":"https:\/\/diariodepernambuco.audiencelabs.com.br\/wp-json\/wp\/v2\/posts\/9270\/revisions"}],"predecessor-version":[{"id":9271,"href":"https:\/\/diariodepernambuco.audiencelabs.com.br\/wp-json\/wp\/v2\/posts\/9270\/revisions\/9271"}],"wp:featuredmedia":[{"embeddable":true,"href":"https:\/\/diariodepernambuco.audiencelabs.com.br\/wp-json\/wp\/v2\/media\/1522"}],"wp:attachment":[{"href":"https:\/\/diariodepernambuco.audiencelabs.com.br\/wp-json\/wp\/v2\/media?parent=9270"}],"wp:term":[{"taxonomy":"category","embeddable":true,"href":"https:\/\/diariodepernambuco.audiencelabs.com.br\/wp-json\/wp\/v2\/categories?post=9270"},{"taxonomy":"post_tag","embeddable":true,"href":"https:\/\/diariodepernambuco.audiencelabs.com.br\/wp-json\/wp\/v2\/tags?post=9270"}],"curies":[{"name":"wp","href":"https:\/\/api.w.org\/{rel}","templated":true}]}}