{"id":9295,"date":"2025-11-14T12:33:55","date_gmt":"2025-11-14T15:33:55","guid":{"rendered":"https:\/\/diariodepernambuco.audiencelabs.com.br\/?p=9295"},"modified":"2025-11-14T12:34:01","modified_gmt":"2025-11-14T15:34:01","slug":"estado-brasileiro-vai-receber-pancadas-de-chuvas-no-inicio-deste-final-de-semana","status":"publish","type":"post","link":"https:\/\/diariodepernambuco.audiencelabs.com.br\/estado-brasileiro-vai-receber-pancadas-de-chuvas-no-inicio-deste-final-de-semana\/","title":{"rendered":"Estado brasileiro vai receber pancadas de chuvas no in\u00edcio deste final de semana"},"content":{"rendered":"\n<p>O in\u00edcio do final de semana ser\u00e1 marcado por instabilidades em diversas regi\u00f5es do Brasil. A previs\u00e3o do tempo, divulgada nesta sexta-feira, 14 de novembro, pela <a href=\"https:\/\/www.climatempo.com.br\/\" target=\"_blank\" rel=\"noopener\"><strong>ClimaTempo<\/strong><\/a>, aponta a possibilidade de pancadas de chuva em estados do Sul, Sudeste, Centro-Oeste e parte da Regi\u00e3o Norte. <\/p>\n\n\n\n<p>As <a href=\"https:\/\/diariodepernambuco.com.br\/dpmais\/cidades-brasileiras-devem-receber-chuvas-intensas-nos-proximos-dias\/\" target=\"_blank\" rel=\"noopener\"><strong>precipita\u00e7\u00f5es<\/strong><\/a>, em geral, devem ocorrer entre a tarde e a noite, mantendo o padr\u00e3o t\u00edpico da primavera brasileira, com calor e chuvas isoladas. <\/p>\n\n\n\n<p>Por outro lado, algumas \u00e1reas do pa\u00eds seguem com tempo est\u00e1vel e temperaturas elevadas.<\/p>\n\n\n\n<h2 class=\"wp-block-heading\">Estado brasileiro vai receber pancadas de chuvas no in\u00edcio deste final de semana<\/h2>\n\n\n\n<p>De forma ampla, a presen\u00e7a de \u00e1reas de baixa press\u00e3o atmosf\u00e9rica favorece o desenvolvimento de nuvens carregadas em grande parte do territ\u00f3rio nacional. <\/p>\n\n\n\n<p>O ar quente e \u00famido que predomina sobre muitas regi\u00f5es cria o ambiente prop\u00edcio para pancadas r\u00e1pidas, mas por vezes intensas, especialmente no interior do pa\u00eds. <\/p>\n\n\n\n<p>O calor persiste, mas em algumas localidades ele ser\u00e1 atenuado pela nebulosidade e pela chuva.<\/p>\n\n\n\n<p>A Regi\u00e3o Sudeste tem destaque no cen\u00e1rio de instabilidade. O estado de S\u00e3o Paulo, por exemplo, deve registrar pancadas de chuva moderadas a fortes em diferentes \u00e1reas, especialmente no oeste, sul e centro do estado. <\/p>\n\n\n\n<p>A capital paulista ter\u00e1 sol entre nuvens pela manh\u00e3, mas h\u00e1 previs\u00e3o de chuva no decorrer da tarde e da noite. Em Minas Gerais, o sul do estado tamb\u00e9m pode receber chuva isolada, com queda de temperatura. <\/p>\n\n\n\n<p>J\u00e1 no Rio de Janeiro e no Esp\u00edrito Santo, h\u00e1 chances de precipita\u00e7\u00f5es localizadas, mas o sol deve predominar durante o dia.<\/p>\n\n\n\n<p>Na Regi\u00e3o Centro-Oeste, a chuva deve atingir com mais for\u00e7a o Mato Grosso do Sul, onde h\u00e1 alerta para temporais. <\/p>\n\n\n\n<p>O Mato Grosso tamb\u00e9m ter\u00e1 instabilidades, principalmente \u00e0 tarde. Goi\u00e1s, por sua vez, ter\u00e1 pancadas apenas em \u00e1reas pontuais, enquanto o restante do estado segue abafado e seco.<\/p>\n\n\n\n<h3 class=\"wp-block-heading\">Sul, Norte e Nordeste n\u00e3o devem registrar sol e pancadas de chuva nesta sexta-feira<\/h3>\n\n\n\n<p>No Sul do pa\u00eds, o tempo permanece seco na maior parte do Rio Grande do Sul, com sol e temperaturas em eleva\u00e7\u00e3o. <\/p>\n\n\n\n<p>Em contrapartida, Santa Catarina e o Paran\u00e1 enfrentam um cen\u00e1rio distinto: h\u00e1 previs\u00e3o de chuva fraca no litoral catarinense e risco de temporais no interior paranaense, especialmente nas regi\u00f5es oeste e noroeste, por causa de sistemas de baixa press\u00e3o que avan\u00e7am pelo Paraguai.<\/p>\n\n\n\n<p>Por fim, a maior parte do Nordeste e trechos do Norte do pa\u00eds ter\u00e3o tempo firme nesta sexta. No entanto, ainda h\u00e1 previs\u00e3o de pancadas isoladas em estados como Amazonas, Acre e Rond\u00f4nia, enquanto o interior nordestino segue sob sol forte e tempo seco.<\/p>\n","protected":false},"excerpt":{"rendered":"<p>O in\u00edcio do final de semana ser\u00e1 marcado por instabilidades em diversas regi\u00f5es do Brasil. A previs\u00e3o do tempo, divulgada nesta sexta-feira, 14 de novembro, pela ClimaTempo, aponta a possibilidade de pancadas de chuva em estados do Sul, Sudeste, Centro-Oeste e parte da Regi\u00e3o Norte. As precipita\u00e7\u00f5es, em geral, devem ocorrer entre a tarde e [&hellip;]<\/p>\n","protected":false},"author":12,"featured_media":9297,"comment_status":"open","ping_status":"open","sticky":false,"template":"","format":"standard","meta":{"jnews-multi-image_gallery":[],"jnews_single_post":{"format":"standard"},"jnews_primary_category":[],"jnews_social_meta":[],"jnews_post_split":[],"footnotes":""},"categories":[1],"tags":[],"class_list":["post-9295","post","type-post","status-publish","format-standard","has-post-thumbnail","hentry","category-uncategorized"],"_links":{"self":[{"href":"https:\/\/diariodepernambuco.audiencelabs.com.br\/wp-json\/wp\/v2\/posts\/9295","targetHints":{"allow":["GET"]}}],"collection":[{"href":"https:\/\/diariodepernambuco.audiencelabs.com.br\/wp-json\/wp\/v2\/posts"}],"about":[{"href":"https:\/\/diariodepernambuco.audiencelabs.com.br\/wp-json\/wp\/v2\/types\/post"}],"author":[{"embeddable":true,"href":"https:\/\/diariodepernambuco.audiencelabs.com.br\/wp-json\/wp\/v2\/users\/12"}],"replies":[{"embeddable":true,"href":"https:\/\/diariodepernambuco.audiencelabs.com.br\/wp-json\/wp\/v2\/comments?post=9295"}],"version-history":[{"count":1,"href":"https:\/\/diariodepernambuco.audiencelabs.com.br\/wp-json\/wp\/v2\/posts\/9295\/revisions"}],"predecessor-version":[{"id":9302,"href":"https:\/\/diariodepernambuco.audiencelabs.com.br\/wp-json\/wp\/v2\/posts\/9295\/revisions\/9302"}],"wp:featuredmedia":[{"embeddable":true,"href":"https:\/\/diariodepernambuco.audiencelabs.com.br\/wp-json\/wp\/v2\/media\/9297"}],"wp:attachment":[{"href":"https:\/\/diariodepernambuco.audiencelabs.com.br\/wp-json\/wp\/v2\/media?parent=9295"}],"wp:term":[{"taxonomy":"category","embeddable":true,"href":"https:\/\/diariodepernambuco.audiencelabs.com.br\/wp-json\/wp\/v2\/categories?post=9295"},{"taxonomy":"post_tag","embeddable":true,"href":"https:\/\/diariodepernambuco.audiencelabs.com.br\/wp-json\/wp\/v2\/tags?post=9295"}],"curies":[{"name":"wp","href":"https:\/\/api.w.org\/{rel}","templated":true}]}}