{"id":9317,"date":"2025-11-17T06:14:00","date_gmt":"2025-11-17T09:14:00","guid":{"rendered":"https:\/\/diariodepernambuco.audiencelabs.com.br\/?p=9317"},"modified":"2025-11-14T13:25:48","modified_gmt":"2025-11-14T16:25:48","slug":"auxilio-por-incapacidade-temporaria-foi-negado-saiba-o-que-fazer","status":"publish","type":"post","link":"https:\/\/diariodepernambuco.audiencelabs.com.br\/auxilio-por-incapacidade-temporaria-foi-negado-saiba-o-que-fazer\/","title":{"rendered":"Aux\u00edlio por incapacidade tempor\u00e1ria foi negado? Saiba o que fazer"},"content":{"rendered":"\n<p>O aux\u00edlio por incapacidade tempor\u00e1ria, anteriormente conhecido como aux\u00edlio-doen\u00e7a, \u00e9 um benef\u00edcio previdenci\u00e1rio destinado aos trabalhadores que, por motivo de sa\u00fade, ficam temporariamente impossibilitados de exercer suas atividades profissionais. <\/p>\n\n\n\n<p>Essa prote\u00e7\u00e3o social \u00e9 fundamental para garantir sustento durante o afastamento. No entanto, nem sempre a solicita\u00e7\u00e3o resulta em aprova\u00e7\u00e3o imediata. <\/p>\n\n\n\n<p>Muitas vezes, o pedido \u00e9 negado, o que pode gerar frustra\u00e7\u00e3o e incerteza sobre os pr\u00f3ximos passos. Nessas situa\u00e7\u00f5es, \u00e9 essencial compreender com clareza o motivo da recusa para agir corretamente.<\/p>\n\n\n\n<h2 class=\"wp-block-heading\">Aux\u00edlio por incapacidade tempor\u00e1ria foi negado? Saiba o que fazer<\/h2>\n\n\n\n<p>Quando o benef\u00edcio do aux\u00edlio \u00e9 indeferido, o primeiro passo \u00e9 consultar o resultado da per\u00edcia m\u00e9dica feita pelo <a href=\"https:\/\/diariodepernambuco.com.br\/dpmais\/aposentados-ganham-presentao-e-pagamento-antecipado-do-inss\/\" target=\"_blank\" rel=\"noopener\"><strong>INSS<\/strong><\/a>. Esse laudo est\u00e1 dispon\u00edvel no <a href=\"https:\/\/www.inss.gov.br\/servicos-do-inss\/meu-inss\/\" target=\"_blank\" rel=\"noopener\"><strong>portal ou aplicativo <em>Meu INSS<\/em><\/strong><\/a>, e nele consta a justificativa t\u00e9cnica da negativa. <\/p>\n\n\n\n<p>Entender essa motiva\u00e7\u00e3o \u00e9 indispens\u00e1vel, pois as causas podem variar e determinam como o segurado deve proceder.<\/p>\n\n\n\n<p>Uma das raz\u00f5es mais comuns para a recusa \u00e9 a falta de comprova\u00e7\u00e3o da incapacidade laboral. O simples diagn\u00f3stico de uma doen\u00e7a n\u00e3o \u00e9 suficiente: o perito avalia se a condi\u00e7\u00e3o compromete, de fato, a capacidade de trabalhar. <\/p>\n\n\n\n<p>Isso significa que, mesmo doente, o trabalhador pode ser considerado apto, dependendo das fun\u00e7\u00f5es que desempenha. <\/p>\n\n\n\n<p>Nesses casos, a melhor estrat\u00e9gia \u00e9 buscar documenta\u00e7\u00e3o m\u00e9dica mais detalhada, com laudos atualizados, exames recentes e atestados que deixem claro o impacto funcional da doen\u00e7a.<\/p>\n\n\n\n<h3 class=\"wp-block-heading\">Documenta\u00e7\u00e3o inadequada e per\u00edodo de afastamento podem causar recusa do aux\u00edlio por incapacidade tempor\u00e1ria do INSS<\/h3>\n\n\n\n<p>Outro fator que costuma gerar negativa \u00e9 a documenta\u00e7\u00e3o inadequada. Atestados sem identifica\u00e7\u00e3o m\u00e9dica, laudos incompletos ou documentos ileg\u00edveis s\u00e3o falhas frequentes. <\/p>\n\n\n\n<p>Para reverter esse tipo de indeferimento, \u00e9 necess\u00e1rio reunir todos os pap\u00e9is exigidos, garantindo que estejam completos, leg\u00edveis e dentro do prazo de validade, especialmente o atestado, que deve ter sido emitido at\u00e9 90 dias antes da per\u00edcia.<\/p>\n\n\n\n<p>H\u00e1 ainda situa\u00e7\u00f5es em que o pedido \u00e9 feito fora do per\u00edodo correto de afastamento ou quando o segurado j\u00e1 recebe outro benef\u00edcio incompat\u00edvel. <\/p>\n\n\n\n<p>Nesses casos, \u00e9 preciso ajustar o pedido de acordo com as regras do INSS ou consultar um advogado previdenci\u00e1rio para avaliar alternativas legais.<\/p>\n\n\n\n<p>Para tirar d\u00favidas ou obter orienta\u00e7\u00f5es espec\u00edficas, o segurado pode entrar em contato com o INSS pelo telefone 135, com atendimento de segunda a s\u00e1bado, das 7h \u00e0s 22h. <\/p>\n\n\n\n<p>Tamb\u00e9m \u00e9 poss\u00edvel acessar os servi\u00e7os digitais por meio do site meu.inss.gov.br ou pelo aplicativo <em>Meu INSS<\/em>, dispon\u00edvel para Android e iOS.<\/p>\n","protected":false},"excerpt":{"rendered":"<p>O aux\u00edlio por incapacidade tempor\u00e1ria, anteriormente conhecido como aux\u00edlio-doen\u00e7a, \u00e9 um benef\u00edcio previdenci\u00e1rio destinado aos trabalhadores que, por motivo de sa\u00fade, ficam temporariamente impossibilitados de exercer suas atividades profissionais. Essa prote\u00e7\u00e3o social \u00e9 fundamental para garantir sustento durante o afastamento. No entanto, nem sempre a solicita\u00e7\u00e3o resulta em aprova\u00e7\u00e3o imediata. Muitas vezes, o pedido \u00e9 [&hellip;]<\/p>\n","protected":false},"author":12,"featured_media":9321,"comment_status":"open","ping_status":"open","sticky":false,"template":"","format":"standard","meta":{"jnews-multi-image_gallery":[],"jnews_single_post":{"format":"standard"},"jnews_primary_category":[],"jnews_social_meta":[],"jnews_post_split":[],"footnotes":""},"categories":[1],"tags":[],"class_list":["post-9317","post","type-post","status-publish","format-standard","has-post-thumbnail","hentry","category-uncategorized"],"_links":{"self":[{"href":"https:\/\/diariodepernambuco.audiencelabs.com.br\/wp-json\/wp\/v2\/posts\/9317","targetHints":{"allow":["GET"]}}],"collection":[{"href":"https:\/\/diariodepernambuco.audiencelabs.com.br\/wp-json\/wp\/v2\/posts"}],"about":[{"href":"https:\/\/diariodepernambuco.audiencelabs.com.br\/wp-json\/wp\/v2\/types\/post"}],"author":[{"embeddable":true,"href":"https:\/\/diariodepernambuco.audiencelabs.com.br\/wp-json\/wp\/v2\/users\/12"}],"replies":[{"embeddable":true,"href":"https:\/\/diariodepernambuco.audiencelabs.com.br\/wp-json\/wp\/v2\/comments?post=9317"}],"version-history":[{"count":1,"href":"https:\/\/diariodepernambuco.audiencelabs.com.br\/wp-json\/wp\/v2\/posts\/9317\/revisions"}],"predecessor-version":[{"id":9328,"href":"https:\/\/diariodepernambuco.audiencelabs.com.br\/wp-json\/wp\/v2\/posts\/9317\/revisions\/9328"}],"wp:featuredmedia":[{"embeddable":true,"href":"https:\/\/diariodepernambuco.audiencelabs.com.br\/wp-json\/wp\/v2\/media\/9321"}],"wp:attachment":[{"href":"https:\/\/diariodepernambuco.audiencelabs.com.br\/wp-json\/wp\/v2\/media?parent=9317"}],"wp:term":[{"taxonomy":"category","embeddable":true,"href":"https:\/\/diariodepernambuco.audiencelabs.com.br\/wp-json\/wp\/v2\/categories?post=9317"},{"taxonomy":"post_tag","embeddable":true,"href":"https:\/\/diariodepernambuco.audiencelabs.com.br\/wp-json\/wp\/v2\/tags?post=9317"}],"curies":[{"name":"wp","href":"https:\/\/api.w.org\/{rel}","templated":true}]}}