{"id":9319,"date":"2025-11-17T14:00:00","date_gmt":"2025-11-17T17:00:00","guid":{"rendered":"https:\/\/diariodepernambuco.audiencelabs.com.br\/?p=9319"},"modified":"2025-11-18T14:03:08","modified_gmt":"2025-11-18T17:03:08","slug":"trabalhadores-mei-e-autonomos-no-geral-podem-ter-aposentadoria-especial","status":"publish","type":"post","link":"https:\/\/diariodepernambuco.audiencelabs.com.br\/trabalhadores-mei-e-autonomos-no-geral-podem-ter-aposentadoria-especial\/","title":{"rendered":"Trabalhadores MEI e aut\u00f4nomos podem ter aposentadoria especial?"},"content":{"rendered":"\n<p>Uma recente decis\u00e3o do Superior Tribunal de Justi\u00e7a (STJ) trouxe um importante avan\u00e7o para trabalhadores aut\u00f4nomos que enfrentam condi\u00e7\u00f5es de risco no dia a dia. A partir de agora, contribuintes individuais expostos a agentes nocivos tamb\u00e9m podem pleitear a aposentadoria especial, modalidade que permite a retirada remunerada com um per\u00edodo reduzido de contribui\u00e7\u00e3o.<\/p>\n\n\n\n<p>Tradicionalmente concedido a quem atua em atividades insalubres, perigosas ou penosas por 15, 20 ou 25 anos, conforme o n\u00edvel de exposi\u00e7\u00e3o, o benef\u00edcio sempre foi mais associado a categorias como metal\u00fargicos, eletricistas e profissionais da sa\u00fade. Com a mudan\u00e7a, passa a alcan\u00e7ar tamb\u00e9m trabalhadores aut\u00f4nomos que desempenham fun\u00e7\u00f5es de risco, como motoristas, mec\u00e2nicos e t\u00e9cnicos em radiologia.<\/p>\n\n\n\n<p>Segundo a advogada Raquel Grecco, do escrit\u00f3rio Bosqu\u00ea &amp; Grieco Advogados, a decis\u00e3o do STJ representa a corre\u00e7\u00e3o de uma injusti\u00e7a hist\u00f3rica: &#8220;Muitos aut\u00f4nomos sempre trabalharam em condi\u00e7\u00f5es insalubres, mas n\u00e3o conseguiam ter o tempo especial assentido por n\u00e3o terem v\u00ednculo com uma empresa. Agora, h\u00e1 mais seguran\u00e7a para os profissionais&#8221;.<\/p>\n\n\n\n<p>No entanto, ela ressalta que a aposentadoria especial n\u00e3o \u00e9 autom\u00e1tica e que cada caso deve ser analisado separadamente, refor\u00e7ando tamb\u00e9m a import\u00e2ncia de manter as contribui\u00e7\u00f5es em dia. A decis\u00e3o do STJ garante o reconhecimento do tempo especial ao contribuinte individual n\u00e3o cooperado, desde que comprovada a exposi\u00e7\u00e3o a agentes insalubres.<\/p>\n\n\n\n<h2 class=\"wp-block-heading\">O que \u00e9 a aposentadoria especial?<\/h2>\n\n\n<style>@media (min-width: 992px) {\n    .recomendadorV2Area1 {\n        width: 280px;\n    }\n    .recomendadorV2Area2 {\n        padding: 0px 20px;\n        width: calc(100% - 280px);\n    }\n}\n\n@media (max-width: 992px) {\n    .recomendadorV2Button {\n        margin: 0 auto;\n    }\n    .recomendadorV2Area {\n        flex-direction: column;\n        text-align: center;\n    }\n    .recomendadorV2Area2 {\n        padding: 0px 20px;\n    }\n}\n\n.recomendadorV2Area {\n    background: #eeeeee3d;\n    border-radius: 10px;\n    padding: 15px;\n    display: flex;\n    margin: 15px auto;\n    border: 1px solid #00000014;\n    max-width: 800px;\n}\n\n.recomendadorV2Area1 img {\n    width: 280px;\n    height: auto;\n    border-radius: 8px;\n}\n\n.linkrecomendadorv2 {\n    text-decoration: none !important;\n}\n\n.recomendadorV2Area2 .recomendadorV2Type {\n    text-transform: uppercase;\n    font-weight: 500;\n    font-size: 11px;\n    letter-spacing: 2px;\n    color: #666;\n    margin: 12px 0;\n    display: block;\n}\n\n.recomendadorV2Title h2 {\n    padding-top: 0px !important;\n    margin: 0px !important;\n    border-left: none !important;\n    padding-left: 0px !important;\n    line-height: 1.3;\n    color: #000 !important;\n    font-size: 24px;\n    margin-bottom: 12px !important;\n}\n\n.recomendadorV2Desc {\n    color: #333;\n    margin: 12px 0px !important;\n    font-size: 15px;\n    line-height: 1.5;\n}\n\n.recomendadorV2Button {\n    width: auto;\n    max-width: 200px;\n    margin: 0;\n    display: inline-flex;\n    align-items: center;\n    background: #1D3557;\n    border-radius: 8px;\n    color: #fff;\n    height: 36px;\n    justify-content: center;\n    text-align: center;\n    font-size: 14px;\n    padding: 0 20px;\n    transition: background-color 0.2s ease;\n}\n\n.recomendadorV2Button:hover {\n    background: #2a4d7a;\n}\n\n.recomendadorV2Button:after {\n    margin-top: -2px;\n    content: \"\u2192\";\n    padding: 0px 0px 0px 8px;\n}\n\n.recomendadorV2Alert {\n    text-align: left;\n    font-size: 11px;\n    margin-top: 8px;\n    color: #666;\n}\n\n.recomendadorFixedArea {\n    width: 100%;\n    display: flex;\n    justify-content: center;\n    align-items: center;\n}\n\n@media (min-width: 992px) {\n    #recomendadorFixed {\n        width: 32% !important;\n        left: 5%;\n    }\n    .recomendadorCloseFixed{\n        right: inherit !important;\n        left: 378px !important;\n    }\n}\n\n#recomendadorFixed {\n    width: 90%;\n    box-shadow: 0 10px 20px 0px #00000057;\n    display: none;\n    height: 90px;\n    background: #F6F6F6;\n    position: fixed;\n    flex-direction: row;\n    bottom: 10px;\n    z-index: 9999;\n    border-radius: 16px;\n    padding: 7px 10px;\n}\n\n.recomendadorLeftArea {\n    width: 160px;\n}\n\n.recomendadorRightArea h2 {\n    padding-top: 0px;\n    margin: 2px 0px 4px 0px !important;\n    font-weight: 400;\n    text-align: center;\n    padding-left: 0px !important;\n    color: #000 !important;\n    border-left: none !important;\n    line-height: 20px;\n    font-size: 12px !important;\n}\n\n.recomendadorImgFixed {\n    overflow: hidden;\n    padding: 8px 6px;\n    height: 100%;\n}\n\n.recomendadorImgFixed img {\n    height: 100% !important;\n    border-radius: 16px;\n}\n\n.recomendadorRightArea {\n    padding-top: 6px;\n    display: flex;\n    width: calc(100% - 130px);\n    justify-content: space-between;\n    align-items: center;\n    flex-direction: column;\n}\n\n.recomendadorButtonFixed {\n    margin: 0 auto;\n    background: #1D3557;\n    width: 80%;\n    text-align: center;\n    font-size: 10px;\n    color: #FFF;\n    padding: 2px 10px;\n    border-radius: 3px;\n}\n\n.recomendadorButtonFixed:after {\n    margin-top: -3px;\n    content: \"\u2192\";\n    padding: 0px 0px 0px 10px;\n}\n\n.recomendadorAlertFixed {\n    font-weight: 400;\n    text-align: center;\n    color: #484848;\n    font-size: 8px;\n}\n\n.recomendadorCloseFixed {\n    z-index: 99999;\n    display: none;\n    right: 0px;\n    left: inherit;\n    bottom: 99px;\n    position: fixed;\n    justify-content: center;\n    background: #F6F6F6;\n    width: 25px;\n    align-items: center;\n    height: 25px;\n    font-weight: 800;\n    border-radius: 50%;\n    border: 1px solid #EBEBEB;\n}\n\n.recomendadorV2Desc{\n    color: #000000;\n    margin: 20px 0px;\n}\n\n@media (max-width: 576px) {\n    .recomendadorV2Area {\n      padding: 10px;\n      max-width: 100%;\n    }\n  \n    .recomendadorV2Area1 img {\n      width: 100%;\n      border-radius: 6px;\n    }\n  \n    .recomendadorV2Area2 .recomendadorV2Type {\n      font-size: 9px;\n      letter-spacing: 1px;\n      margin: 8px 0;\n    }\n  \n    .recomendadorV2Title h2 {\n      font-size: 18px !important;\n      margin-bottom: 8px !important;\n      line-height: 1.2;\n    }\n  \n    .recomendadorV2Desc {\n      font-size: 14px;\n      margin: 8px 0 !important;\n      line-height: 1.4;\n    }\n  \n    .recomendadorV2Button {\n      font-size: 12px;\n      height: 30px;\n      padding: 0 12px;\n      max-width: 160px;\n    }\n  \n    .recomendadorV2Button:after {\n      padding-left: 6px;\n    }\n  }\n  <\/style>\n        <div class=\"lazyblock-recomendador-v2-2jDGz wp-block-lazyblock-recomendador-v2\">\n        <a class=\"linkrecomendadorv2\" href=\"https:\/\/diariodepernambuco.com.br\/dpmais\/lei-em-vigor-ferra-com-trabalhadores-e-ninguem-vai-receber-13o-salario-nestes-paises-em-especifico\/?utm_source=lazy\" target=\"_blank\" rel=\"noopener\">\n            <div class=\"recomendadorV2Area\">\n            <div class=\"recomendadorV2Area1\">\n                <div class=\"recomendadorV2Img\">\n                <img class=\"lazyloaded\" decoding=\"async\" src=\"https:\/\/diariodepernambuco.com.br\/dpmais\/wp-content\/uploads\/2025\/09\/man-2562325_640-1-640x375.jpg\" data-src=\"https:\/\/diariodepernambuco.com.br\/dpmais\/wp-content\/uploads\/2025\/09\/man-2562325_640-1-640x375.jpg\" alt=\"\">\n                <\/div>\n            <\/div>\n            <div class=\"recomendadorV2Area2\">\n                <div class=\"recomendadorV2Type\">\n                    <span>Alerta Trabalhista<\/span>\n                <\/div>\n                <div class=\"recomendadorV2Title\">\n                <h2><span>13\u00ba em risco \ud83d\udeab<\/span><\/h2>\n                <\/div>\n                <div class=\"recomendadorV2Desc\">\n                <span>Veja os pa\u00edses afetados pela nova lei<\/span>\n                <\/div>\n                <div class=\"recomendadorV2Button\">Entenda agora<\/div>\n                <div class=\"recomendadorV2Alert\"><\/div>\n            <\/div>\n            <\/div>\n        <\/a>\n        <div>\n            <div style=\"z-index:99999;\" id=\"buttonClose\" onclick=\"closeRecomendadorFixed()\">\n            <div class=\"recomendadorCloseFixed\">X<\/div>\n            <\/div>\n            <a href=\"https:\/\/diariodepernambuco.com.br\/dpmais\/lei-em-vigor-ferra-com-trabalhadores-e-ninguem-vai-receber-13o-salario-nestes-paises-em-especifico\/?utm_source=lazy\" target=\"_blank\" rel=\"noopener\">\n            <div class=\"recomendadorFixedArea\">\n                <div id=\"recomendadorFixed\">\n                <div class=\"recomendadorLeftArea\">\n                    <div class=\"recomendadorImgFixed\">\n                    <img class=\"lazyload\" decoding=\"async\" src=\"https:\/\/diariodepernambuco.com.br\/dpmais\/wp-content\/uploads\/2025\/09\/man-2562325_640-1-640x375.jpg\" alt=\"\">\n                    <\/div>\n                <\/div>\n                <div class=\"recomendadorRightArea\">\n                    <div class=\"recomendadorTitleFixed\">\n                    <h2><span>13\u00ba em risco \ud83d\udeab<\/span><\/h2>\n                    <\/div>\n                    <div class=\"recomendadorButtonFixed\">Entenda agora<\/div>\n                    <div class=\"recomendadorAlertFixed\"><\/div>\n                <\/div>\n                <\/div>\n            <\/div>\n            <\/a>\n        <\/div>\n        <\/div>\n\n\n\n<p>A aposentadoria especial \u00e9 um tipo de benef\u00edcio previdenci\u00e1rio concedido ao trabalhador que exerce atividades exposto a condi\u00e7\u00f5es prejudiciais \u00e0 sa\u00fade ou \u00e0 integridade f\u00edsica. Isso inclui agentes qu\u00edmicos, f\u00edsicos ou biol\u00f3gicos que, ao longo do tempo, podem causar danos ao organismo.<\/p>\n\n\n\n<p>A principal caracter\u00edstica desse benef\u00edcio \u00e9 a redu\u00e7\u00e3o do tempo m\u00ednimo de contribui\u00e7\u00e3o necess\u00e1rio para se aposentar. Dependendo do grau de risco da atividade, o trabalhador pode ter direito \u00e0 aposentadoria com 15, 20 ou 25 anos de trabalho nessas condi\u00e7\u00f5es.<\/p>\n\n\n\n<p>Al\u00e9m disso, as regras exigem a comprova\u00e7\u00e3o da exposi\u00e7\u00e3o nociva, geralmente por meio de documentos como o PPP (Perfil Profissiogr\u00e1fico Previdenci\u00e1rio) e laudos t\u00e9cnicos. Em resumo, \u00e9 uma forma de proteger profissionais que enfrentam riscos maiores no exerc\u00edcio de suas fun\u00e7\u00f5es, garantindo que possam se aposentar mais cedo do que os demais trabalhadores.<\/p>\n\n\n\n<p><\/p>\n","protected":false},"excerpt":{"rendered":"<p>Uma recente decis\u00e3o do Superior Tribunal de Justi\u00e7a (STJ) trouxe um importante avan\u00e7o para trabalhadores aut\u00f4nomos que enfrentam condi\u00e7\u00f5es de risco no dia a dia. A partir de agora, contribuintes individuais expostos a agentes nocivos tamb\u00e9m podem pleitear a aposentadoria especial, modalidade que permite a retirada remunerada com um per\u00edodo reduzido de contribui\u00e7\u00e3o. Tradicionalmente concedido [&hellip;]<\/p>\n","protected":false},"author":4,"featured_media":8380,"comment_status":"open","ping_status":"open","sticky":false,"template":"","format":"standard","meta":{"jnews-multi-image_gallery":[],"jnews_single_post":{"format":"standard"},"jnews_primary_category":[],"jnews_social_meta":[],"jnews_post_split":[],"footnotes":""},"categories":[1],"tags":[],"class_list":["post-9319","post","type-post","status-publish","format-standard","has-post-thumbnail","hentry","category-uncategorized"],"_links":{"self":[{"href":"https:\/\/diariodepernambuco.audiencelabs.com.br\/wp-json\/wp\/v2\/posts\/9319","targetHints":{"allow":["GET"]}}],"collection":[{"href":"https:\/\/diariodepernambuco.audiencelabs.com.br\/wp-json\/wp\/v2\/posts"}],"about":[{"href":"https:\/\/diariodepernambuco.audiencelabs.com.br\/wp-json\/wp\/v2\/types\/post"}],"author":[{"embeddable":true,"href":"https:\/\/diariodepernambuco.audiencelabs.com.br\/wp-json\/wp\/v2\/users\/4"}],"replies":[{"embeddable":true,"href":"https:\/\/diariodepernambuco.audiencelabs.com.br\/wp-json\/wp\/v2\/comments?post=9319"}],"version-history":[{"count":4,"href":"https:\/\/diariodepernambuco.audiencelabs.com.br\/wp-json\/wp\/v2\/posts\/9319\/revisions"}],"predecessor-version":[{"id":9582,"href":"https:\/\/diariodepernambuco.audiencelabs.com.br\/wp-json\/wp\/v2\/posts\/9319\/revisions\/9582"}],"wp:featuredmedia":[{"embeddable":true,"href":"https:\/\/diariodepernambuco.audiencelabs.com.br\/wp-json\/wp\/v2\/media\/8380"}],"wp:attachment":[{"href":"https:\/\/diariodepernambuco.audiencelabs.com.br\/wp-json\/wp\/v2\/media?parent=9319"}],"wp:term":[{"taxonomy":"category","embeddable":true,"href":"https:\/\/diariodepernambuco.audiencelabs.com.br\/wp-json\/wp\/v2\/categories?post=9319"},{"taxonomy":"post_tag","embeddable":true,"href":"https:\/\/diariodepernambuco.audiencelabs.com.br\/wp-json\/wp\/v2\/tags?post=9319"}],"curies":[{"name":"wp","href":"https:\/\/api.w.org\/{rel}","templated":true}]}}