{"id":9362,"date":"2025-11-17T18:45:00","date_gmt":"2025-11-17T21:45:00","guid":{"rendered":"https:\/\/diariodepernambuco.audiencelabs.com.br\/?p=9362"},"modified":"2025-11-18T18:26:55","modified_gmt":"2025-11-18T21:26:55","slug":"calendario-do-bolsa-familia-desta-semana-veja-quem-recebe-quais-valores","status":"publish","type":"post","link":"https:\/\/diariodepernambuco.audiencelabs.com.br\/calendario-do-bolsa-familia-desta-semana-veja-quem-recebe-quais-valores\/","title":{"rendered":"Calend\u00e1rio do Bolsa Fam\u00edlia desta semana: veja quem recebe quais valores"},"content":{"rendered":"\n<p>Os pagamentos de novembro do Bolsa Fam\u00edlia come\u00e7aram oficialmente na \u00faltima sexta-feira, dia 14, com a libera\u00e7\u00e3o dos repasses para os benefici\u00e1rios com N\u00famero de Identifica\u00e7\u00e3o Social (NIS) final 1. <\/p>\n\n\n\n<p>A antecipa\u00e7\u00e3o deste in\u00edcio, em compara\u00e7\u00e3o com os meses anteriores, ocorreu por conta do feriado nacional da Consci\u00eancia Negra, no dia 20 de novembro. <\/p>\n\n\n\n<p>A altera\u00e7\u00e3o no <a href=\"https:\/\/diariodepernambuco.com.br\/dpmais\/calendario-com-todos-os-pagamentos-do-bolsa-familia-em-novembro-foi-divulgado\/\" target=\"_blank\" rel=\"noopener\"><strong>calend\u00e1rio tradicional <\/strong><\/a>tem gerado d\u00favidas entre as fam\u00edlias cadastradas, especialmente sobre quem recebe nesta semana de 17 a 21 de novembro.<\/p>\n\n\n\n<h2 class=\"wp-block-heading\">Calend\u00e1rio do Bolsa Fam\u00edlia desta semana: veja quem recebe quais valores<\/h2>\n\n\n\n<p>Normalmente, o programa realiza os dep\u00f3sitos nos dez \u00faltimos dias \u00fateis do m\u00eas, seguindo a ordem do d\u00edgito final do NIS de cada benefici\u00e1rio. <\/p>\n\n\n\n<p>Contudo, em novembro, o feriado de 20 de novembro, que neste ano cai em uma quinta-feira, levou a Caixa Econ\u00f4mica Federal e o Minist\u00e9rio do Desenvolvimento Social (<a href=\"https:\/\/www.gov.br\/mds\/pt-br\" target=\"_blank\" rel=\"noopener\"><strong>MDS<\/strong><\/a>) a anteciparem os repasses. <\/p>\n\n\n<style>@media (min-width: 992px) {\n    .recomendadorV2Area1 {\n        width: 280px;\n    }\n    .recomendadorV2Area2 {\n        padding: 0px 20px;\n        width: calc(100% - 280px);\n    }\n}\n\n@media (max-width: 992px) {\n    .recomendadorV2Button {\n        margin: 0 auto;\n    }\n    .recomendadorV2Area {\n        flex-direction: column;\n        text-align: center;\n    }\n    .recomendadorV2Area2 {\n        padding: 0px 20px;\n    }\n}\n\n.recomendadorV2Area {\n    background: #eeeeee3d;\n    border-radius: 10px;\n    padding: 15px;\n    display: flex;\n    margin: 15px auto;\n    border: 1px solid #00000014;\n    max-width: 800px;\n}\n\n.recomendadorV2Area1 img {\n    width: 280px;\n    height: auto;\n    border-radius: 8px;\n}\n\n.linkrecomendadorv2 {\n    text-decoration: none !important;\n}\n\n.recomendadorV2Area2 .recomendadorV2Type {\n    text-transform: uppercase;\n    font-weight: 500;\n    font-size: 11px;\n    letter-spacing: 2px;\n    color: #666;\n    margin: 12px 0;\n    display: block;\n}\n\n.recomendadorV2Title h2 {\n    padding-top: 0px !important;\n    margin: 0px !important;\n    border-left: none !important;\n    padding-left: 0px !important;\n    line-height: 1.3;\n    color: #000 !important;\n    font-size: 24px;\n    margin-bottom: 12px !important;\n}\n\n.recomendadorV2Desc {\n    color: #333;\n    margin: 12px 0px !important;\n    font-size: 15px;\n    line-height: 1.5;\n}\n\n.recomendadorV2Button {\n    width: auto;\n    max-width: 200px;\n    margin: 0;\n    display: inline-flex;\n    align-items: center;\n    background: #1D3557;\n    border-radius: 8px;\n    color: #fff;\n    height: 36px;\n    justify-content: center;\n    text-align: center;\n    font-size: 14px;\n    padding: 0 20px;\n    transition: background-color 0.2s ease;\n}\n\n.recomendadorV2Button:hover {\n    background: #2a4d7a;\n}\n\n.recomendadorV2Button:after {\n    margin-top: -2px;\n    content: \"\u2192\";\n    padding: 0px 0px 0px 8px;\n}\n\n.recomendadorV2Alert {\n    text-align: left;\n    font-size: 11px;\n    margin-top: 8px;\n    color: #666;\n}\n\n.recomendadorFixedArea {\n    width: 100%;\n    display: flex;\n    justify-content: center;\n    align-items: center;\n}\n\n@media (min-width: 992px) {\n    #recomendadorFixed {\n        width: 32% !important;\n        left: 5%;\n    }\n    .recomendadorCloseFixed{\n        right: inherit !important;\n        left: 378px !important;\n    }\n}\n\n#recomendadorFixed {\n    width: 90%;\n    box-shadow: 0 10px 20px 0px #00000057;\n    display: none;\n    height: 90px;\n    background: #F6F6F6;\n    position: fixed;\n    flex-direction: row;\n    bottom: 10px;\n    z-index: 9999;\n    border-radius: 16px;\n    padding: 7px 10px;\n}\n\n.recomendadorLeftArea {\n    width: 160px;\n}\n\n.recomendadorRightArea h2 {\n    padding-top: 0px;\n    margin: 2px 0px 4px 0px !important;\n    font-weight: 400;\n    text-align: center;\n    padding-left: 0px !important;\n    color: #000 !important;\n    border-left: none !important;\n    line-height: 20px;\n    font-size: 12px !important;\n}\n\n.recomendadorImgFixed {\n    overflow: hidden;\n    padding: 8px 6px;\n    height: 100%;\n}\n\n.recomendadorImgFixed img {\n    height: 100% !important;\n    border-radius: 16px;\n}\n\n.recomendadorRightArea {\n    padding-top: 6px;\n    display: flex;\n    width: calc(100% - 130px);\n    justify-content: space-between;\n    align-items: center;\n    flex-direction: column;\n}\n\n.recomendadorButtonFixed {\n    margin: 0 auto;\n    background: #1D3557;\n    width: 80%;\n    text-align: center;\n    font-size: 10px;\n    color: #FFF;\n    padding: 2px 10px;\n    border-radius: 3px;\n}\n\n.recomendadorButtonFixed:after {\n    margin-top: -3px;\n    content: \"\u2192\";\n    padding: 0px 0px 0px 10px;\n}\n\n.recomendadorAlertFixed {\n    font-weight: 400;\n    text-align: center;\n    color: #484848;\n    font-size: 8px;\n}\n\n.recomendadorCloseFixed {\n    z-index: 99999;\n    display: none;\n    right: 0px;\n    left: inherit;\n    bottom: 99px;\n    position: fixed;\n    justify-content: center;\n    background: #F6F6F6;\n    width: 25px;\n    align-items: center;\n    height: 25px;\n    font-weight: 800;\n    border-radius: 50%;\n    border: 1px solid #EBEBEB;\n}\n\n.recomendadorV2Desc{\n    color: #000000;\n    margin: 20px 0px;\n}\n\n@media (max-width: 576px) {\n    .recomendadorV2Area {\n      padding: 10px;\n      max-width: 100%;\n    }\n  \n    .recomendadorV2Area1 img {\n      width: 100%;\n      border-radius: 6px;\n    }\n  \n    .recomendadorV2Area2 .recomendadorV2Type {\n      font-size: 9px;\n      letter-spacing: 1px;\n      margin: 8px 0;\n    }\n  \n    .recomendadorV2Title h2 {\n      font-size: 18px !important;\n      margin-bottom: 8px !important;\n      line-height: 1.2;\n    }\n  \n    .recomendadorV2Desc {\n      font-size: 14px;\n      margin: 8px 0 !important;\n      line-height: 1.4;\n    }\n  \n    .recomendadorV2Button {\n      font-size: 12px;\n      height: 30px;\n      padding: 0 12px;\n      max-width: 160px;\n    }\n  \n    .recomendadorV2Button:after {\n      padding-left: 6px;\n    }\n  }\n  <\/style>\n        <div class=\"lazyblock-recomendador-v2-2jDGz wp-block-lazyblock-recomendador-v2\">\n        <a class=\"linkrecomendadorv2\" href=\"https:\/\/diariodepernambuco.com.br\/dpmais\/caixa-surpreende-e-antecipa-pagamento-do-bolsa-familia-de-dezembro\/?utm_source=lazy\" target=\"_blank\" rel=\"noopener\">\n            <div class=\"recomendadorV2Area\">\n            <div class=\"recomendadorV2Area1\">\n                <div class=\"recomendadorV2Img\">\n                <img class=\"lazyloaded\" decoding=\"async\" src=\"https:\/\/diariodepernambuco.com.br\/dpmais\/wp-content\/uploads\/2025\/08\/Bolsa-Familia-1140x570.jpg\" data-src=\"https:\/\/diariodepernambuco.com.br\/dpmais\/wp-content\/uploads\/2025\/08\/Bolsa-Familia-1140x570.jpg\" alt=\"\">\n                <\/div>\n            <\/div>\n            <div class=\"recomendadorV2Area2\">\n                <div class=\"recomendadorV2Type\">\n                    <span>Benef\u00edcio Social<\/span>\n                <\/div>\n                <div class=\"recomendadorV2Title\">\n                <h2><span>Bolsa antecipado \ud83d\udcb3<\/span><\/h2>\n                <\/div>\n                <div class=\"recomendadorV2Desc\">\n                <span>Confira as novas datas de pagamento<\/span>\n                <\/div>\n                <div class=\"recomendadorV2Button\">Saiba agora<\/div>\n                <div class=\"recomendadorV2Alert\"><\/div>\n            <\/div>\n            <\/div>\n        <\/a>\n        <div>\n            <div style=\"z-index:99999;\" id=\"buttonClose\" onclick=\"closeRecomendadorFixed()\">\n            <div class=\"recomendadorCloseFixed\">X<\/div>\n            <\/div>\n            <a href=\"https:\/\/diariodepernambuco.com.br\/dpmais\/caixa-surpreende-e-antecipa-pagamento-do-bolsa-familia-de-dezembro\/?utm_source=lazy\" target=\"_blank\" rel=\"noopener\">\n            <div class=\"recomendadorFixedArea\">\n                <div id=\"recomendadorFixed\">\n                <div class=\"recomendadorLeftArea\">\n                    <div class=\"recomendadorImgFixed\">\n                    <img class=\"lazyload\" decoding=\"async\" src=\"https:\/\/diariodepernambuco.com.br\/dpmais\/wp-content\/uploads\/2025\/08\/Bolsa-Familia-1140x570.jpg\" alt=\"\">\n                    <\/div>\n                <\/div>\n                <div class=\"recomendadorRightArea\">\n                    <div class=\"recomendadorTitleFixed\">\n                    <h2><span>Bolsa antecipado \ud83d\udcb3<\/span><\/h2>\n                    <\/div>\n                    <div class=\"recomendadorButtonFixed\">Saiba agora<\/div>\n                    <div class=\"recomendadorAlertFixed\"><\/div>\n                <\/div>\n                <\/div>\n            <\/div>\n            <\/a>\n        <\/div>\n        <\/div>\n\n\n\n<p>A medida busca evitar congestionamentos no sistema e garantir que todas as fam\u00edlias recebam seus recursos sem atrasos.<\/p>\n\n\n\n<p>Durante esta semana, os pagamentos seguem a seguinte ordem: no dia 17, segunda-feira, recebem os benefici\u00e1rios com NIS final 2, sendo que o valor j\u00e1 estar\u00e1 dispon\u00edvel desde o s\u00e1bado anterior, dia 15, por conta da pol\u00edtica de antecipa\u00e7\u00e3o quando a data prevista cai numa segunda. <\/p>\n\n\n\n<p>No dia 18, ter\u00e7a-feira, o cr\u00e9dito vai para os que t\u00eam NIS final 3. Na quarta-feira, 19, \u00e9 a vez do grupo com NIS terminado em 4. Na sexta, dia 21, recebem aqueles com NIS final 5, j\u00e1 que na quinta, feriado, n\u00e3o h\u00e1 repasses.<\/p>\n\n\n\n<p>Confira abaixo o calend\u00e1rio completo de novembro do Bolsa Fam\u00edlia:<\/p>\n\n\n\n<figure class=\"wp-block-table is-style-stripes\"><table class=\"has-fixed-layout\"><thead><tr><th>Final do NIS<\/th><th>Data do Pagamento<\/th><\/tr><\/thead><tbody><tr><td>1<\/td><td>14\/11 (sexta)<\/td><\/tr><tr><td>2<\/td><td>17\/11 (dispon\u00edvel desde 15\/11, s\u00e1bado)<\/td><\/tr><tr><td>3<\/td><td>18\/11 (ter\u00e7a)<\/td><\/tr><tr><td>4<\/td><td>19\/11 (quarta)<\/td><\/tr><tr><td>5<\/td><td>21\/11 (sexta)<\/td><\/tr><tr><td>6<\/td><td>24\/11 (dispon\u00edvel desde 22\/11, s\u00e1bado)<\/td><\/tr><tr><td>7<\/td><td>25\/11 (ter\u00e7a)<\/td><\/tr><tr><td>8<\/td><td>26\/11 (quarta)<\/td><\/tr><tr><td>9<\/td><td>27\/11 (quinta)<\/td><\/tr><tr><td>0<\/td><td>28\/11 (sexta)<\/td><\/tr><\/tbody><\/table><\/figure>\n\n\n\n<h3 class=\"wp-block-heading\">Quem recebe o Bolsa Fam\u00edlia, valores e onde?<\/h3>\n\n\n\n<p>Podem receber o Bolsa Fam\u00edlia todas as fam\u00edlias com cadastro atualizado no Cad\u00danico e renda mensal de at\u00e9 R$ 218 por pessoa. <\/p>\n\n\n\n<p>O valor m\u00ednimo garantido \u00e9 de R$ 600 por n\u00facleo familiar. H\u00e1 tamb\u00e9m benef\u00edcios extras: R$ 150 por crian\u00e7a de at\u00e9 seis anos, R$ 50 para gestantes, lactantes e jovens entre 7 e 18 anos. Beb\u00eas de at\u00e9 seis meses garantem um adicional de R$ 50 tempor\u00e1rio.<\/p>\n\n\n\n<p>Os valores s\u00e3o depositados automaticamente no aplicativo Caixa Tem. A movimenta\u00e7\u00e3o pode ser feita digitalmente, mas tamb\u00e9m \u00e9 poss\u00edvel sacar os recursos em caixas eletr\u00f4nicos, lot\u00e9ricas ou nos correspondentes Caixa Aqui.<\/p>\n\n\n\n<p><\/p>\n","protected":false},"excerpt":{"rendered":"<p>Os pagamentos de novembro do Bolsa Fam\u00edlia come\u00e7aram oficialmente na \u00faltima sexta-feira, dia 14, com a libera\u00e7\u00e3o dos repasses para os benefici\u00e1rios com N\u00famero de Identifica\u00e7\u00e3o Social (NIS) final 1. A antecipa\u00e7\u00e3o deste in\u00edcio, em compara\u00e7\u00e3o com os meses anteriores, ocorreu por conta do feriado nacional da Consci\u00eancia Negra, no dia 20 de novembro. A [&hellip;]<\/p>\n","protected":false},"author":12,"featured_media":9364,"comment_status":"open","ping_status":"open","sticky":false,"template":"","format":"standard","meta":{"jnews-multi-image_gallery":[],"jnews_single_post":{"format":"standard"},"jnews_primary_category":[],"jnews_social_meta":[],"jnews_post_split":[],"footnotes":""},"categories":[1],"tags":[],"class_list":["post-9362","post","type-post","status-publish","format-standard","has-post-thumbnail","hentry","category-uncategorized"],"_links":{"self":[{"href":"https:\/\/diariodepernambuco.audiencelabs.com.br\/wp-json\/wp\/v2\/posts\/9362","targetHints":{"allow":["GET"]}}],"collection":[{"href":"https:\/\/diariodepernambuco.audiencelabs.com.br\/wp-json\/wp\/v2\/posts"}],"about":[{"href":"https:\/\/diariodepernambuco.audiencelabs.com.br\/wp-json\/wp\/v2\/types\/post"}],"author":[{"embeddable":true,"href":"https:\/\/diariodepernambuco.audiencelabs.com.br\/wp-json\/wp\/v2\/users\/12"}],"replies":[{"embeddable":true,"href":"https:\/\/diariodepernambuco.audiencelabs.com.br\/wp-json\/wp\/v2\/comments?post=9362"}],"version-history":[{"count":2,"href":"https:\/\/diariodepernambuco.audiencelabs.com.br\/wp-json\/wp\/v2\/posts\/9362\/revisions"}],"predecessor-version":[{"id":9648,"href":"https:\/\/diariodepernambuco.audiencelabs.com.br\/wp-json\/wp\/v2\/posts\/9362\/revisions\/9648"}],"wp:featuredmedia":[{"embeddable":true,"href":"https:\/\/diariodepernambuco.audiencelabs.com.br\/wp-json\/wp\/v2\/media\/9364"}],"wp:attachment":[{"href":"https:\/\/diariodepernambuco.audiencelabs.com.br\/wp-json\/wp\/v2\/media?parent=9362"}],"wp:term":[{"taxonomy":"category","embeddable":true,"href":"https:\/\/diariodepernambuco.audiencelabs.com.br\/wp-json\/wp\/v2\/categories?post=9362"},{"taxonomy":"post_tag","embeddable":true,"href":"https:\/\/diariodepernambuco.audiencelabs.com.br\/wp-json\/wp\/v2\/tags?post=9362"}],"curies":[{"name":"wp","href":"https:\/\/api.w.org\/{rel}","templated":true}]}}