{"id":9369,"date":"2025-11-16T11:30:00","date_gmt":"2025-11-16T14:30:00","guid":{"rendered":"https:\/\/diariodepernambuco.audiencelabs.com.br\/?p=9369"},"modified":"2025-11-25T13:52:47","modified_gmt":"2025-11-25T16:52:47","slug":"nova-regra-determina-ordem-imediata-para-motoboys-em-todo-brasil","status":"publish","type":"post","link":"https:\/\/diariodepernambuco.audiencelabs.com.br\/nova-regra-determina-ordem-imediata-para-motoboys-em-todo-brasil\/","title":{"rendered":"Regra determina ordem imediata para motoboys em todo Brasil"},"content":{"rendered":"\n<p>Os motoboys s\u00e3o parte essencial da rotina de milh\u00f5es de brasileiros, respons\u00e1veis pelo transporte de mercadorias, lanches, rem\u00e9dios, documentos e, em muitos casos, por salvar vidas ao levar medicamentos em situa\u00e7\u00f5es de urg\u00eancia. Agora, uma mudan\u00e7a importante na legisla\u00e7\u00e3o federal promete impactar diretamente o dia a dia desses profissionais \u2014 e quem n\u00e3o se adequar pode ser multado.<\/p>\n\n\n\n<p>A regra, que j\u00e1 est\u00e1 em vigor desde 2009, determina que todos os trabalhadores que utilizam motos para transporte de mercadorias possuam um curso espec\u00edfico vinculado \u00e0 CNH. Sem essa qualifica\u00e7\u00e3o, o profissional corre o risco de ser multado e at\u00e9 ter a motocicleta apreendida.<\/p>\n\n\n\n<p>Outra exig\u00eancia que vem gerando debate \u00e9 a exig\u00eancia de que o motoboy tenha mais de 21 anos e, no m\u00ednimo, dois anos de habilita\u00e7\u00e3o. Essa regra cria um novo obst\u00e1culo, principalmente para jovens que planejavam iniciar na profiss\u00e3o assim que atingissem a maioridade. Muitos viam a entrega como uma oportunidade de primeiro emprego, e agora ter\u00e3o de esperar mais tempo para entrar no mercado.<\/p>\n\n\n\n<p>O uso do colete refletivo agora \u00e9 obrigat\u00f3rio em todo o pa\u00eds. A aus\u00eancia desse equipamento pode resultar na suspens\u00e3o do direito de dirigir. Em outras palavras, al\u00e9m da multa, o motoboy corre o risco de ficar impedido de trabalhar at\u00e9 regularizar a documenta\u00e7\u00e3o e estar devidamente equipado com o colete de seguran\u00e7a.<\/p>\n\n\n\n<h2 class=\"wp-block-heading\">Seguran\u00e7a e qualifica\u00e7\u00e3o: novos desafios para os motoboys<\/h2>\n\n\n\n<p>As mudan\u00e7as na legisla\u00e7\u00e3o refor\u00e7am a import\u00e2ncia da seguran\u00e7a e da capacita\u00e7\u00e3o profissional para os motoboys. Al\u00e9m de exigir curso espec\u00edfico vinculado \u00e0 CNH, a lei estabelece regras sobre idade m\u00ednima, tempo de habilita\u00e7\u00e3o e uso obrigat\u00f3rio de colete refletivo, garantindo que os trabalhadores estejam preparados para enfrentar os riscos do tr\u00e2nsito.<\/p>\n\n\n\n<p>Essas medidas, embora necess\u00e1rias para aumentar a seguran\u00e7a e reduzir acidentes, tamb\u00e9m representam desafios para os profissionais, especialmente os jovens que veem na entrega sua primeira oportunidade de emprego. Agora, \u00e9 preciso mais planejamento, investimento em treinamento e aten\u00e7\u00e3o \u00e0s normas para continuar atuando na profiss\u00e3o de forma legal e segura.<\/p>\n\n\n\n<p><\/p>\n","protected":false},"excerpt":{"rendered":"<p>Os motoboys s\u00e3o parte essencial da rotina de milh\u00f5es de brasileiros, respons\u00e1veis pelo transporte de mercadorias, lanches, rem\u00e9dios, documentos e, em muitos casos, por salvar vidas ao levar medicamentos em situa\u00e7\u00f5es de urg\u00eancia. Agora, uma mudan\u00e7a importante na legisla\u00e7\u00e3o federal promete impactar diretamente o dia a dia desses profissionais \u2014 e quem n\u00e3o se adequar [&hellip;]<\/p>\n","protected":false},"author":4,"featured_media":9373,"comment_status":"open","ping_status":"open","sticky":false,"template":"","format":"standard","meta":{"jnews-multi-image_gallery":[],"jnews_single_post":{"format":"standard"},"jnews_primary_category":[],"jnews_social_meta":[],"jnews_post_split":[],"footnotes":""},"categories":[1],"tags":[],"class_list":["post-9369","post","type-post","status-publish","format-standard","has-post-thumbnail","hentry","category-uncategorized"],"_links":{"self":[{"href":"https:\/\/diariodepernambuco.audiencelabs.com.br\/wp-json\/wp\/v2\/posts\/9369","targetHints":{"allow":["GET"]}}],"collection":[{"href":"https:\/\/diariodepernambuco.audiencelabs.com.br\/wp-json\/wp\/v2\/posts"}],"about":[{"href":"https:\/\/diariodepernambuco.audiencelabs.com.br\/wp-json\/wp\/v2\/types\/post"}],"author":[{"embeddable":true,"href":"https:\/\/diariodepernambuco.audiencelabs.com.br\/wp-json\/wp\/v2\/users\/4"}],"replies":[{"embeddable":true,"href":"https:\/\/diariodepernambuco.audiencelabs.com.br\/wp-json\/wp\/v2\/comments?post=9369"}],"version-history":[{"count":6,"href":"https:\/\/diariodepernambuco.audiencelabs.com.br\/wp-json\/wp\/v2\/posts\/9369\/revisions"}],"predecessor-version":[{"id":10091,"href":"https:\/\/diariodepernambuco.audiencelabs.com.br\/wp-json\/wp\/v2\/posts\/9369\/revisions\/10091"}],"wp:featuredmedia":[{"embeddable":true,"href":"https:\/\/diariodepernambuco.audiencelabs.com.br\/wp-json\/wp\/v2\/media\/9373"}],"wp:attachment":[{"href":"https:\/\/diariodepernambuco.audiencelabs.com.br\/wp-json\/wp\/v2\/media?parent=9369"}],"wp:term":[{"taxonomy":"category","embeddable":true,"href":"https:\/\/diariodepernambuco.audiencelabs.com.br\/wp-json\/wp\/v2\/categories?post=9369"},{"taxonomy":"post_tag","embeddable":true,"href":"https:\/\/diariodepernambuco.audiencelabs.com.br\/wp-json\/wp\/v2\/tags?post=9369"}],"curies":[{"name":"wp","href":"https:\/\/api.w.org\/{rel}","templated":true}]}}