{"id":9371,"date":"2025-11-14T15:31:10","date_gmt":"2025-11-14T18:31:10","guid":{"rendered":"https:\/\/diariodepernambuco.audiencelabs.com.br\/?p=9371"},"modified":"2025-11-14T15:31:16","modified_gmt":"2025-11-14T18:31:16","slug":"8-estados-recebem-noticia-urgente-sobre-tempestade-de-granizos","status":"publish","type":"post","link":"https:\/\/diariodepernambuco.audiencelabs.com.br\/8-estados-recebem-noticia-urgente-sobre-tempestade-de-granizos\/","title":{"rendered":"8 estados recebem not\u00edcia urgente sobre tempestade de granizos"},"content":{"rendered":"\n<p>Nesta sexta-feira, 14 de novembro, o Instituto Nacional de Meteorologia (<a href=\"https:\/\/portal.inmet.gov.br\/\" target=\"_blank\" rel=\"noopener\"><strong>Inmet<\/strong><\/a>) emitiu um alerta urgente para oito estados brasileiros devido ao risco de tempestade acompanhadas de granizo. <\/p>\n\n\n\n<p>A notifica\u00e7\u00e3o, classificada com o n\u00edvel de perigo potencial (alerta amarelo), chama aten\u00e7\u00e3o para condi\u00e7\u00f5es clim\u00e1ticas inst\u00e1veis que devem atingir parte do Sul, Sudeste e Centro-Oeste do pa\u00eds. <\/p>\n\n\n\n<p>Al\u00e9m da situa\u00e7\u00e3o prevista para hoje, o cen\u00e1rio clim\u00e1tico deve se agravar entre domingo (16) e segunda-feira (17), com a chegada de uma frente fria que pode trazer novos temporais.<\/p>\n\n\n\n<h2 class=\"wp-block-heading\">8 estados recebem not\u00edcia urgente sobre tempestade de granizos<\/h2>\n\n\n\n<p>O aviso de tempestade com granizo do Inmet <a href=\"https:\/\/diariodepernambuco.com.br\/dpmais\/estado-brasileiro-vai-receber-pancadas-de-chuvas-no-inicio-deste-final-de-semana\/\" target=\"_blank\" rel=\"noopener\"><strong>para esta sexta-feira<\/strong><\/a> inclui Santa Catarina, Paran\u00e1, S\u00e3o Paulo, Mato Grosso do Sul, al\u00e9m de \u00e1reas do sul de Minas Gerais, sul do Rio de Janeiro, Goi\u00e1s e Mato Grosso. <\/p>\n\n\n\n<p>A previs\u00e3o aponta para chuvas com intensidade entre 20 e 50 mil\u00edmetros, ventos variando de 40 a 60 km\/h e possibilidade de queda de granizo. Regi\u00f5es pr\u00f3ximas \u00e0s divisas estaduais, como o norte catarinense e o sul paranaense, devem estar especialmente atentas.<\/p>\n\n\n\n<p>O calor acumulado, somado \u00e0 alta umidade e \u00e0 instabilidade atmosf\u00e9rica nos n\u00edveis m\u00e9dios e altos da atmosfera, favorece a forma\u00e7\u00e3o de nuvens carregadas ao longo da tarde e da noite. <\/p>\n\n\n\n<p>Diante do risco, o Inmet orienta a popula\u00e7\u00e3o a evitar \u00e1reas abertas durante os temporais, manter dist\u00e2ncia de \u00e1rvores e estruturas met\u00e1licas e, sempre que poss\u00edvel, desligar equipamentos el\u00e9tricos. <\/p>\n\n\n\n<p>Quem vive em regi\u00f5es com hist\u00f3rico de alagamentos deve proteger pertences com sacos pl\u00e1sticos e acompanhar atualiza\u00e7\u00f5es dos \u00f3rg\u00e3os de Defesa Civil sobre as tempestades.<\/p>\n\n\n\n<h3 class=\"wp-block-heading\">Final de semana pode trazer nova tempestade<\/h3>\n\n\n\n<p>O fim de semana promete trazer uma nova rodada de instabilidades. Uma frente fria, associada a uma \u00e1rea de baixa press\u00e3o atmosf\u00e9rica, deve avan\u00e7ar a partir do Sul do pa\u00eds j\u00e1 na madrugada de domingo. <\/p>\n\n\n\n<p>No Rio Grande do Sul, o calor intenso do s\u00e1bado antecede a chegada da instabilidade, que se intensifica ao longo do domingo. <\/p>\n\n\n\n<p>A tend\u00eancia \u00e9 de que temporais se espalhem rapidamente por Santa Catarina, Paran\u00e1 e, at\u00e9 o fim do dia, atinjam \u00e1reas do Centro-Oeste e Sudeste, como Mato Grosso do Sul, S\u00e3o Paulo e parte de Minas Gerais.<\/p>\n\n\n\n<p>Na segunda-feira, o avan\u00e7o da frente fria eleva ainda mais o risco de vendavais, granizo e chuvas intensas, especialmente entre o norte ga\u00facho, o Paran\u00e1 e os estados centrais. <\/p>\n\n\n\n<p>Meteorologistas alertam para a possibilidade de ventos com rajadas superiores a 100 km\/h em pontos isolados. A aten\u00e7\u00e3o deve permanecer alta at\u00e9 pelo menos ter\u00e7a-feira (18).<\/p>\n","protected":false},"excerpt":{"rendered":"<p>Nesta sexta-feira, 14 de novembro, o Instituto Nacional de Meteorologia (Inmet) emitiu um alerta urgente para oito estados brasileiros devido ao risco de tempestade acompanhadas de granizo. A notifica\u00e7\u00e3o, classificada com o n\u00edvel de perigo potencial (alerta amarelo), chama aten\u00e7\u00e3o para condi\u00e7\u00f5es clim\u00e1ticas inst\u00e1veis que devem atingir parte do Sul, Sudeste e Centro-Oeste do pa\u00eds. [&hellip;]<\/p>\n","protected":false},"author":12,"featured_media":9374,"comment_status":"open","ping_status":"open","sticky":false,"template":"","format":"standard","meta":{"jnews-multi-image_gallery":[],"jnews_single_post":{"format":"standard"},"jnews_primary_category":[],"jnews_social_meta":[],"jnews_post_split":[],"footnotes":""},"categories":[1],"tags":[],"class_list":["post-9371","post","type-post","status-publish","format-standard","has-post-thumbnail","hentry","category-uncategorized"],"_links":{"self":[{"href":"https:\/\/diariodepernambuco.audiencelabs.com.br\/wp-json\/wp\/v2\/posts\/9371","targetHints":{"allow":["GET"]}}],"collection":[{"href":"https:\/\/diariodepernambuco.audiencelabs.com.br\/wp-json\/wp\/v2\/posts"}],"about":[{"href":"https:\/\/diariodepernambuco.audiencelabs.com.br\/wp-json\/wp\/v2\/types\/post"}],"author":[{"embeddable":true,"href":"https:\/\/diariodepernambuco.audiencelabs.com.br\/wp-json\/wp\/v2\/users\/12"}],"replies":[{"embeddable":true,"href":"https:\/\/diariodepernambuco.audiencelabs.com.br\/wp-json\/wp\/v2\/comments?post=9371"}],"version-history":[{"count":1,"href":"https:\/\/diariodepernambuco.audiencelabs.com.br\/wp-json\/wp\/v2\/posts\/9371\/revisions"}],"predecessor-version":[{"id":9385,"href":"https:\/\/diariodepernambuco.audiencelabs.com.br\/wp-json\/wp\/v2\/posts\/9371\/revisions\/9385"}],"wp:featuredmedia":[{"embeddable":true,"href":"https:\/\/diariodepernambuco.audiencelabs.com.br\/wp-json\/wp\/v2\/media\/9374"}],"wp:attachment":[{"href":"https:\/\/diariodepernambuco.audiencelabs.com.br\/wp-json\/wp\/v2\/media?parent=9371"}],"wp:term":[{"taxonomy":"category","embeddable":true,"href":"https:\/\/diariodepernambuco.audiencelabs.com.br\/wp-json\/wp\/v2\/categories?post=9371"},{"taxonomy":"post_tag","embeddable":true,"href":"https:\/\/diariodepernambuco.audiencelabs.com.br\/wp-json\/wp\/v2\/tags?post=9371"}],"curies":[{"name":"wp","href":"https:\/\/api.w.org\/{rel}","templated":true}]}}