{"id":9378,"date":"2025-11-15T00:30:00","date_gmt":"2025-11-15T03:30:00","guid":{"rendered":"https:\/\/diariodepernambuco.audiencelabs.com.br\/?p=9378"},"modified":"2025-11-14T15:18:30","modified_gmt":"2025-11-14T18:18:30","slug":"salario-minimo-aprovado-mais-de-r-2-mil-por-mes-na-conta-de-milhares-de-brasileiros","status":"publish","type":"post","link":"https:\/\/diariodepernambuco.audiencelabs.com.br\/salario-minimo-aprovado-mais-de-r-2-mil-por-mes-na-conta-de-milhares-de-brasileiros\/","title":{"rendered":"Sal\u00e1rio m\u00ednimo aprovado: mais de R$ 2 mil por m\u00eas na conta de milhares de brasileiros"},"content":{"rendered":"\n<p>No Brasil, o sal\u00e1rio m\u00ednimo \u00e9 calculado com base no crescimento do PIB e na infla\u00e7\u00e3o pelo INPC. Essa regra, por\u00e9m, n\u00e3o se aplica aos professores da educa\u00e7\u00e3o b\u00e1sica, que t\u00eam um valor espec\u00edfico definido pela Lei do Piso (Lei n\u00ba 11.738\/08), reconhecendo a import\u00e2ncia da carreira docente.<\/p>\n\n\n\n<p>Em Minas Gerais, os professores da rede p\u00fablica tiveram um aumento significativo no sal\u00e1rio inicial em 2025. O valor para quem est\u00e1 come\u00e7ando na carreira pode chegar a R$ 2.920,78, segundo o governo estadual. Isso representa uma alta de 5,26% em rela\u00e7\u00e3o ao ano anterior e supera em mais de R$ 1.400 o piso nacional, que atualmente \u00e9 de R$ 1.518.<\/p>\n\n\n\n<p>O reajuste assegura que os professores de Minas Gerais recebam uma remunera\u00e7\u00e3o acima do sal\u00e1rio m\u00ednimo nacional, refor\u00e7ando a valoriza\u00e7\u00e3o da educa\u00e7\u00e3o. Al\u00e9m disso, os ganhos n\u00e3o se restringem ao sal\u00e1rio inicial: a progress\u00e3o na carreira docente permite aumentos ao longo dos anos, reconhecendo a experi\u00eancia e o desenvolvimento profissional.<\/p>\n\n\n\n<p>Fatores como titula\u00e7\u00e3o, tempo de servi\u00e7o e participa\u00e7\u00e3o em programas de forma\u00e7\u00e3o continuada permitem que os professores aumentem seus sal\u00e1rios, atingindo n\u00edveis ainda mais elevados ao longo da carreira. Apesar do reajuste, o valor pago em Minas Gerais ainda fica abaixo do piso nacional da educa\u00e7\u00e3o b\u00e1sica estabelecido pelo Minist\u00e9rio da Educa\u00e7\u00e3o (MEC) para 2025.<\/p>\n\n\n\n<p>De acordo com a tabela oficial, professores que cumprem jornada de 40 horas semanais deveriam receber R$ 4.877,77 no in\u00edcio da carreira. Isso representa uma diferen\u00e7a de quase R$ 2 mil em rela\u00e7\u00e3o ao piso nacional, deixando os profissionais de Minas Gerais em desvantagem frente a colegas de outras regi\u00f5es do pa\u00eds.<\/p>\n","protected":false},"excerpt":{"rendered":"<p>No Brasil, o sal\u00e1rio m\u00ednimo \u00e9 calculado com base no crescimento do PIB e na infla\u00e7\u00e3o pelo INPC. Essa regra, por\u00e9m, n\u00e3o se aplica aos professores da educa\u00e7\u00e3o b\u00e1sica, que t\u00eam um valor espec\u00edfico definido pela Lei do Piso (Lei n\u00ba 11.738\/08), reconhecendo a import\u00e2ncia da carreira docente. Em Minas Gerais, os professores da rede [&hellip;]<\/p>\n","protected":false},"author":4,"featured_media":1536,"comment_status":"open","ping_status":"open","sticky":false,"template":"","format":"standard","meta":{"jnews-multi-image_gallery":[],"jnews_single_post":[],"jnews_primary_category":[],"jnews_social_meta":[],"jnews_post_split":[],"footnotes":""},"categories":[1],"tags":[],"class_list":["post-9378","post","type-post","status-publish","format-standard","has-post-thumbnail","hentry","category-uncategorized"],"_links":{"self":[{"href":"https:\/\/diariodepernambuco.audiencelabs.com.br\/wp-json\/wp\/v2\/posts\/9378","targetHints":{"allow":["GET"]}}],"collection":[{"href":"https:\/\/diariodepernambuco.audiencelabs.com.br\/wp-json\/wp\/v2\/posts"}],"about":[{"href":"https:\/\/diariodepernambuco.audiencelabs.com.br\/wp-json\/wp\/v2\/types\/post"}],"author":[{"embeddable":true,"href":"https:\/\/diariodepernambuco.audiencelabs.com.br\/wp-json\/wp\/v2\/users\/4"}],"replies":[{"embeddable":true,"href":"https:\/\/diariodepernambuco.audiencelabs.com.br\/wp-json\/wp\/v2\/comments?post=9378"}],"version-history":[{"count":2,"href":"https:\/\/diariodepernambuco.audiencelabs.com.br\/wp-json\/wp\/v2\/posts\/9378\/revisions"}],"predecessor-version":[{"id":9380,"href":"https:\/\/diariodepernambuco.audiencelabs.com.br\/wp-json\/wp\/v2\/posts\/9378\/revisions\/9380"}],"wp:featuredmedia":[{"embeddable":true,"href":"https:\/\/diariodepernambuco.audiencelabs.com.br\/wp-json\/wp\/v2\/media\/1536"}],"wp:attachment":[{"href":"https:\/\/diariodepernambuco.audiencelabs.com.br\/wp-json\/wp\/v2\/media?parent=9378"}],"wp:term":[{"taxonomy":"category","embeddable":true,"href":"https:\/\/diariodepernambuco.audiencelabs.com.br\/wp-json\/wp\/v2\/categories?post=9378"},{"taxonomy":"post_tag","embeddable":true,"href":"https:\/\/diariodepernambuco.audiencelabs.com.br\/wp-json\/wp\/v2\/tags?post=9378"}],"curies":[{"name":"wp","href":"https:\/\/api.w.org\/{rel}","templated":true}]}}