{"id":9386,"date":"2025-11-16T17:23:00","date_gmt":"2025-11-16T20:23:00","guid":{"rendered":"https:\/\/diariodepernambuco.audiencelabs.com.br\/?p=9386"},"modified":"2025-11-16T17:22:24","modified_gmt":"2025-11-16T20:22:24","slug":"lei-aplicada-e-aprovada-paga-seguro-desemprego-de-300-dias-apos-demissao-neste-pais","status":"publish","type":"post","link":"https:\/\/diariodepernambuco.audiencelabs.com.br\/lei-aplicada-e-aprovada-paga-seguro-desemprego-de-300-dias-apos-demissao-neste-pais\/","title":{"rendered":"Lei aplicada e aprovada paga seguro-desemprego de 300 dias ap\u00f3s demiss\u00e3o neste pa\u00eds"},"content":{"rendered":"\n<p>Uma legisla\u00e7\u00e3o em vigor em um dos pa\u00edses mais avan\u00e7ados do mundo garante aos trabalhadores um benef\u00edcio incomum at\u00e9 mesmo entre as na\u00e7\u00f5es desenvolvidas: o direito de receber seguro-desemprego por at\u00e9 300 dias ap\u00f3s uma demiss\u00e3o. <\/p>\n\n\n\n<p>Essa medida faz parte de um amplo esfor\u00e7o nacional para assegurar prote\u00e7\u00e3o social e estabilidade financeira aos cidad\u00e3os, refor\u00e7ando a valoriza\u00e7\u00e3o do trabalhador como pe\u00e7a central da sociedade.<\/p>\n\n\n\n<h2 class=\"wp-block-heading\">Lei aplicada e aprovada paga seguro-desemprego de 300 dias ap\u00f3s demiss\u00e3o neste pa\u00eds<\/h2>\n\n\n\n<p>O pa\u00eds em quest\u00e3o \u00e9 a Su\u00e9cia, cuja pol\u00edtica trabalhista \u00e9 amplamente reconhecida por equilibrar com rigor e justi\u00e7a os interesses de empregados e empregadores. <\/p>\n\n\n\n<p>Na pr\u00e1tica, o seguro-desemprego sueco oferece uma cobertura generosa: ao ser desligado do cargo, o trabalhador pode receber at\u00e9 80% do seu sal\u00e1rio anterior por quase um ano inteiro. <\/p>\n\n\n\n<p>Para pais com filhos menores de idade, esse per\u00edodo pode ser ampliado para at\u00e9 450 dias, permitindo maior tranquilidade e tempo para recoloca\u00e7\u00e3o no mercado.<\/p>\n\n\n\n<p>Esse <a href=\"https:\/\/www.gov.br\/pt-br\/servicos\/solicitar-o-seguro-desemprego\" target=\"_blank\" rel=\"noopener\"><strong>benef\u00edcio<\/strong><\/a> n\u00e3o \u00e9 autom\u00e1tico. Para ter acesso, \u00e9 necess\u00e1rio que o trabalhador esteja inscrito em um fundo de seguro-desemprego, uma pr\u00e1tica comum no pa\u00eds. <\/p>\n\n\n\n<p>Al\u00e9m disso, a pessoa deve ter trabalhado por um per\u00edodo m\u00ednimo e seguir uma s\u00e9rie de crit\u00e9rios de elegibilidade que comprovem seu v\u00ednculo anterior e seu comprometimento com a busca por um novo emprego. <\/p>\n\n\n\n<p>A proposta central \u00e9 oferecer tempo, apoio financeiro e oportunidade de qualifica\u00e7\u00e3o para quem perdeu o trabalho, evitando que a demiss\u00e3o leve \u00e0 instabilidade.<\/p>\n\n\n\n<h3 class=\"wp-block-heading\">Al\u00e9m do seguro-desemprego amplo, Su\u00e9cia oferta outros direitos aos trabalhadores<\/h3>\n\n\n\n<p>Mas o seguro-desemprego \u00e9 apenas uma parte de uma rede maior de prote\u00e7\u00e3o. A <a href=\"https:\/\/diariodepernambuco.com.br\/dpmais\/regra-aprovada-obriga-empresas-a-pagarem-resort-de-luxo-nas-ferias-dos-trabalhadores-deste-pais\/\" target=\"_blank\" rel=\"noopener\"><strong>legisla\u00e7\u00e3o<\/strong><\/a> sueca tamb\u00e9m garante indeniza\u00e7\u00f5es proporcionais ao tempo de servi\u00e7o. <\/p>\n\n\n\n<p>Trabalhadores com mais de uma d\u00e9cada na mesma empresa, por exemplo, podem receber compensa\u00e7\u00f5es que ultrapassam dois anos de sal\u00e1rio. <\/p>\n\n\n\n<p>Al\u00e9m disso, o per\u00edodo de aviso pr\u00e9vio \u00e9 bem mais extenso que a m\u00e9dia internacional: pode chegar a seis meses, com sal\u00e1rio integral garantido e liberdade para buscar recoloca\u00e7\u00e3o ou fazer cursos pagos pela empresa.<\/p>\n\n\n\n<p>Outro ponto importante \u00e9 o rigor no processo de demiss\u00e3o. A empresa precisa apresentar motivos concretos e objetivos para justificar o desligamento, como dificuldades financeiras ou reestrutura\u00e7\u00f5es. <\/p>\n\n\n\n<p>E, seguindo o princ\u00edpio de prioridade por tempo de servi\u00e7o, quem est\u00e1 h\u00e1 mais tempo no cargo tem prefer\u00eancia em permanecer.<\/p>\n\n\n\n<p>Na Su\u00e9cia, perder o emprego n\u00e3o significa cair no desamparo. Significa, muitas vezes, a chance de se reorganizar com dignidade e apoio real.<\/p>\n\n\n\n<p><\/p>\n","protected":false},"excerpt":{"rendered":"<p>Uma legisla\u00e7\u00e3o em vigor em um dos pa\u00edses mais avan\u00e7ados do mundo garante aos trabalhadores um benef\u00edcio incomum at\u00e9 mesmo entre as na\u00e7\u00f5es desenvolvidas: o direito de receber seguro-desemprego por at\u00e9 300 dias ap\u00f3s uma demiss\u00e3o. Essa medida faz parte de um amplo esfor\u00e7o nacional para assegurar prote\u00e7\u00e3o social e estabilidade financeira aos cidad\u00e3os, refor\u00e7ando [&hellip;]<\/p>\n","protected":false},"author":12,"featured_media":9390,"comment_status":"open","ping_status":"open","sticky":false,"template":"","format":"standard","meta":{"jnews-multi-image_gallery":[],"jnews_single_post":{"format":"standard"},"jnews_primary_category":[],"jnews_social_meta":[],"jnews_post_split":[],"footnotes":""},"categories":[1],"tags":[],"class_list":["post-9386","post","type-post","status-publish","format-standard","has-post-thumbnail","hentry","category-uncategorized"],"_links":{"self":[{"href":"https:\/\/diariodepernambuco.audiencelabs.com.br\/wp-json\/wp\/v2\/posts\/9386","targetHints":{"allow":["GET"]}}],"collection":[{"href":"https:\/\/diariodepernambuco.audiencelabs.com.br\/wp-json\/wp\/v2\/posts"}],"about":[{"href":"https:\/\/diariodepernambuco.audiencelabs.com.br\/wp-json\/wp\/v2\/types\/post"}],"author":[{"embeddable":true,"href":"https:\/\/diariodepernambuco.audiencelabs.com.br\/wp-json\/wp\/v2\/users\/12"}],"replies":[{"embeddable":true,"href":"https:\/\/diariodepernambuco.audiencelabs.com.br\/wp-json\/wp\/v2\/comments?post=9386"}],"version-history":[{"count":1,"href":"https:\/\/diariodepernambuco.audiencelabs.com.br\/wp-json\/wp\/v2\/posts\/9386\/revisions"}],"predecessor-version":[{"id":9391,"href":"https:\/\/diariodepernambuco.audiencelabs.com.br\/wp-json\/wp\/v2\/posts\/9386\/revisions\/9391"}],"wp:featuredmedia":[{"embeddable":true,"href":"https:\/\/diariodepernambuco.audiencelabs.com.br\/wp-json\/wp\/v2\/media\/9390"}],"wp:attachment":[{"href":"https:\/\/diariodepernambuco.audiencelabs.com.br\/wp-json\/wp\/v2\/media?parent=9386"}],"wp:term":[{"taxonomy":"category","embeddable":true,"href":"https:\/\/diariodepernambuco.audiencelabs.com.br\/wp-json\/wp\/v2\/categories?post=9386"},{"taxonomy":"post_tag","embeddable":true,"href":"https:\/\/diariodepernambuco.audiencelabs.com.br\/wp-json\/wp\/v2\/tags?post=9386"}],"curies":[{"name":"wp","href":"https:\/\/api.w.org\/{rel}","templated":true}]}}