{"id":9392,"date":"2025-11-16T12:00:00","date_gmt":"2025-11-16T15:00:00","guid":{"rendered":"https:\/\/diariodepernambuco.audiencelabs.com.br\/?p=9392"},"modified":"2025-11-16T09:09:53","modified_gmt":"2025-11-16T12:09:53","slug":"qual-o-desconto-de-salario-que-as-empresas-nao-podem-fazer-mas-acaba-acontecendo","status":"publish","type":"post","link":"https:\/\/diariodepernambuco.audiencelabs.com.br\/qual-o-desconto-de-salario-que-as-empresas-nao-podem-fazer-mas-acaba-acontecendo\/","title":{"rendered":"Qual o desconto de sal\u00e1rio que as empresas N\u00c3O podem fazer, mas acabam fazendo?"},"content":{"rendered":"\n<p>O pagamento do sal\u00e1rio \u00e9 uma das principais <a href=\"https:\/\/diariodepernambuco.com.br\/dpmais\/trabalhou-no-feriado-lei-diz-que-voce-pode-receber-em-dobro-o-valor-do-dia\/\" target=\"_blank\" rel=\"noopener\"><strong>obriga\u00e7\u00f5es legais<\/strong><\/a> de qualquer empregador. Todo m\u00eas, o trabalhador espera receber seu vencimento corretamente, j\u00e1 contando com descontos previstos em lei, como a contribui\u00e7\u00e3o ao INSS e o vale-transporte, quando utilizado. <\/p>\n\n\n\n<p>No entanto, \u00e9 cada vez mais comum que empresas apliquem abatimentos no sal\u00e1rio que n\u00e3o s\u00e3o autorizados pela legisla\u00e7\u00e3o trabalhista, e muitas vezes, o funcion\u00e1rio nem sabe que est\u00e1 sendo lesado.<\/p>\n\n\n\n<h2 class=\"wp-block-heading\">Qual o desconto de sal\u00e1rio que as empresas N\u00c3O podem fazer mas acaba acontecendo?<\/h2>\n\n\n\n<p>Entre os descontos indevidos mais frequentes est\u00e1 o de preju\u00edzos causados por falhas ou acidentes no trabalho. <\/p>\n\n\n\n<p>Um exemplo t\u00edpico ocorre com operadores de caixa em com\u00e9rcios e supermercados: ao fim do expediente, se houver diferen\u00e7a no caixa, alguns empregadores deduzem esse valor diretamente do sal\u00e1rio do funcion\u00e1rio.<\/p>\n\n\n\n<p>O que poucos sabem \u00e9 que esse tipo de desconto s\u00f3 \u00e9 legal quando h\u00e1 um acordo formal estabelecido por escrito e se o erro tiver sido causado por neglig\u00eancia comprovada, algo que, na pr\u00e1tica, raramente \u00e9 investigado com o devido rigor.<\/p>\n\n\n\n<p>\u00c9 exatamente por isso que muitos trabalhadores de caixas recebem a chamada &#8220;quebra de caixa&#8221;, quantia extra para compensar poss\u00edveis descontos de perdas de centavos ou poucos reais que se acumulam ao longo do m\u00eas. <\/p>\n\n\n\n<p>Outro caso comum envolve o abatimento por danos materiais, como a quebra acidental de equipamentos ou a perda de produtos. <\/p>\n\n\n\n<p>A Consolida\u00e7\u00e3o das Leis do Trabalho (<a href=\"https:\/\/www.planalto.gov.br\/ccivil_03\/decreto-lei\/del5452.htm\" target=\"_blank\" rel=\"noopener\"><strong>CLT<\/strong><\/a>) \u00e9 clara ao afirmar que o trabalhador n\u00e3o pode ser responsabilizado financeiramente por acidentes sem dolo, ou seja, sem a inten\u00e7\u00e3o de causar o dano. <\/p>\n\n\n\n<p>Se n\u00e3o houver prova concreta de que o ato foi deliberado e se isso n\u00e3o estiver previsto em contrato, o desconto \u00e9 ilegal.<\/p>\n\n\n\n<h3 class=\"wp-block-heading\">Puni\u00e7\u00e3o financeira extra por atrasos ou faltas, para al\u00e9m do desconto do dia n\u00e3o trabalhado, tamb\u00e9m \u00e9 proibido<\/h3>\n\n\n\n<p>Tamb\u00e9m s\u00e3o frequentes as dedu\u00e7\u00f5es por faltas ou atrasos, aplicadas de forma arbitr\u00e1ria. <\/p>\n\n\n\n<p>Embora a empresa possa descontar dias n\u00e3o trabalhados, a imposi\u00e7\u00e3o de multas adicionais, como puni\u00e7\u00e3o financeira, s\u00f3 \u00e9 v\u00e1lida se estiver prevista em acordo coletivo ou conven\u00e7\u00e3o da categoria. <\/p>\n\n\n\n<p>Fora dessas hip\u00f3teses, trata-se de pr\u00e1tica abusiva.<\/p>\n\n\n\n<p>Essas irregularidades n\u00e3o s\u00e3o apenas imorais, elas podem gerar consequ\u00eancias legais. <\/p>\n\n\n\n<p>Empregadores que realizam descontos indevidos est\u00e3o sujeitos a a\u00e7\u00f5es trabalhistas, pagamento de indeniza\u00e7\u00f5es e, em casos extremos, at\u00e9 autua\u00e7\u00f5es por parte da fiscaliza\u00e7\u00e3o do trabalho.<\/p>\n\n\n\n<h3 class=\"wp-block-heading\">E quais descontos no sal\u00e1rio s\u00e3o permitidos?<\/h3>\n\n\n\n<p>Em contrapartida, existem sim descontos permitidos, desde que respeitem os limites legais e estejam previstos em contrato ou legisla\u00e7\u00e3o. <\/p>\n\n\n\n<p>Isso inclui contribui\u00e7\u00f5es para a Previd\u00eancia Social, Imposto de Renda retido na fonte, planos de sa\u00fade, vale-refei\u00e7\u00e3o com coparticipa\u00e7\u00e3o, empr\u00e9stimos consignados e pens\u00e3o aliment\u00edcia, al\u00e9m das faltas n\u00e3o justificadas.<\/p>\n\n\n\n<p>O conhecimento \u00e9 a melhor defesa do trabalhador. Estar atento aos valores descontados e buscar orienta\u00e7\u00e3o jur\u00eddica em caso de d\u00favidas \u00e9 essencial para garantir que seus direitos sejam respeitados.<\/p>\n","protected":false},"excerpt":{"rendered":"<p>O pagamento do sal\u00e1rio \u00e9 uma das principais obriga\u00e7\u00f5es legais de qualquer empregador. Todo m\u00eas, o trabalhador espera receber seu vencimento corretamente, j\u00e1 contando com descontos previstos em lei, como a contribui\u00e7\u00e3o ao INSS e o vale-transporte, quando utilizado. No entanto, \u00e9 cada vez mais comum que empresas apliquem abatimentos no sal\u00e1rio que n\u00e3o s\u00e3o [&hellip;]<\/p>\n","protected":false},"author":12,"featured_media":9393,"comment_status":"open","ping_status":"open","sticky":false,"template":"","format":"standard","meta":{"jnews-multi-image_gallery":[],"jnews_single_post":{"format":"standard"},"jnews_primary_category":[],"jnews_social_meta":[],"jnews_post_split":[],"footnotes":""},"categories":[1],"tags":[],"class_list":["post-9392","post","type-post","status-publish","format-standard","has-post-thumbnail","hentry","category-uncategorized"],"_links":{"self":[{"href":"https:\/\/diariodepernambuco.audiencelabs.com.br\/wp-json\/wp\/v2\/posts\/9392","targetHints":{"allow":["GET"]}}],"collection":[{"href":"https:\/\/diariodepernambuco.audiencelabs.com.br\/wp-json\/wp\/v2\/posts"}],"about":[{"href":"https:\/\/diariodepernambuco.audiencelabs.com.br\/wp-json\/wp\/v2\/types\/post"}],"author":[{"embeddable":true,"href":"https:\/\/diariodepernambuco.audiencelabs.com.br\/wp-json\/wp\/v2\/users\/12"}],"replies":[{"embeddable":true,"href":"https:\/\/diariodepernambuco.audiencelabs.com.br\/wp-json\/wp\/v2\/comments?post=9392"}],"version-history":[{"count":3,"href":"https:\/\/diariodepernambuco.audiencelabs.com.br\/wp-json\/wp\/v2\/posts\/9392\/revisions"}],"predecessor-version":[{"id":9403,"href":"https:\/\/diariodepernambuco.audiencelabs.com.br\/wp-json\/wp\/v2\/posts\/9392\/revisions\/9403"}],"wp:featuredmedia":[{"embeddable":true,"href":"https:\/\/diariodepernambuco.audiencelabs.com.br\/wp-json\/wp\/v2\/media\/9393"}],"wp:attachment":[{"href":"https:\/\/diariodepernambuco.audiencelabs.com.br\/wp-json\/wp\/v2\/media?parent=9392"}],"wp:term":[{"taxonomy":"category","embeddable":true,"href":"https:\/\/diariodepernambuco.audiencelabs.com.br\/wp-json\/wp\/v2\/categories?post=9392"},{"taxonomy":"post_tag","embeddable":true,"href":"https:\/\/diariodepernambuco.audiencelabs.com.br\/wp-json\/wp\/v2\/tags?post=9392"}],"curies":[{"name":"wp","href":"https:\/\/api.w.org\/{rel}","templated":true}]}}