{"id":9396,"date":"2025-11-16T14:45:00","date_gmt":"2025-11-16T17:45:00","guid":{"rendered":"https:\/\/diariodepernambuco.audiencelabs.com.br\/?p=9396"},"modified":"2025-11-17T00:48:24","modified_gmt":"2025-11-17T03:48:24","slug":"maior-mudanca-da-historia-dos-correios-deve-ser-confirmada-nos-proximos-dias","status":"publish","type":"post","link":"https:\/\/diariodepernambuco.audiencelabs.com.br\/maior-mudanca-da-historia-dos-correios-deve-ser-confirmada-nos-proximos-dias\/","title":{"rendered":"Maior mudan\u00e7a da hist\u00f3ria dos Correios deve ser confirmada nos pr\u00f3ximos dias"},"content":{"rendered":"\n<p>Os Correios estudam demitir cerca de 10 mil funcion\u00e1rios como parte do plano de reestrutura\u00e7\u00e3o da estatal, o equivalente a 8,6% do seu quadro atual. As sa\u00eddas devem ocorrer por meio do novo PVD (Programa de Demiss\u00e3o Volunt\u00e1ria), e o total de desligamentos ainda est\u00e1 em an\u00e1lise, podendo ser ainda maior.<\/p>\n\n\n\n<p>A redu\u00e7\u00e3o de custos \u00e9 vista como essencial nesta fase inicial de reorganiza\u00e7\u00e3o, garantindo seguran\u00e7a para bancos e para a Uni\u00e3o na libera\u00e7\u00e3o de um cr\u00e9dito de R$ 20 bilh\u00f5es, respaldado pelo Tesouro Nacional. O plano de ajustes foi apresentado ao TCU (Tribunal de Contas da Uni\u00e3o) na \u00faltima quarta-feira (14).<\/p>\n\n\n\n<p>As \u00e1reas t\u00e9cnicas do TCU dever\u00e3o monitorar a execu\u00e7\u00e3o do plano e a atua\u00e7\u00e3o do governo federal na opera\u00e7\u00e3o de cr\u00e9dito, incluindo a poss\u00edvel participa\u00e7\u00e3o de bancos p\u00fablicos. Em 15 de outubro, a estatal informou que a primeira etapa da reestrutura\u00e7\u00e3o operacional e financeira \u00e9 composta por tr\u00eas conjuntos de a\u00e7\u00f5es:<\/p>\n\n\n\n<p>Corte de despesas operacionais e administrativas;<br>Busca pela diversifica\u00e7\u00e3o de receitas, com recupera\u00e7\u00e3o da capacidade de gera\u00e7\u00e3o de caixa;<br>Recupera\u00e7\u00e3o da liquidez da empresa, de modo a retomar sua competitividade e a garantir estabilidade na rela\u00e7\u00e3o dos Correios com empregadas e empregados, clientes e fornecedores.<\/p>\n\n\n\n<p>No m\u00eas passado, durante o processo de ajuste das contas da empresa, os funcion\u00e1rios passaram a reivindicar reajuste salarial e maior seguran\u00e7a trabalhista. Em 14 de outubro, federa\u00e7\u00f5es e sindicatos que representam os trabalhadores dos Correios se reuniram com o presidente da estatal, Emmanoel Rondon.<\/p>\n\n\n\n<h2 class=\"wp-block-heading\">Entenda o que est\u00e1 por tr\u00e1s da crise da estatal<\/h2>\n\n\n\n<p>A companhia enfrenta uma queda cont\u00ednua de receitas, ao mesmo tempo em que seus custos aumentam e a efici\u00eancia operacional diminui \u2014 fatores que v\u00eam deteriorando o caixa da empresa. Diante da dificuldade de equilibrar as contas, a estatal buscou no mercado um empr\u00e9stimo de R$ 20 bilh\u00f5es, mas o alto custo da opera\u00e7\u00e3o e as exig\u00eancias de garantias travaram as negocia\u00e7\u00f5es.<\/p>\n\n\n\n<p>Agora, a empresa tenta uma alternativa: pretende levantar R$ 10 bilh\u00f5es em at\u00e9 15 dias para conseguir cumprir os pagamentos mais urgentes. Enquanto isso, outros problemas se acumulam. Em uma opera\u00e7\u00e3o de cr\u00e9dito anterior, a estatal descumpriu uma cl\u00e1usula contratual, o que elevou os juros.<\/p>\n\n\n\n<p><\/p>\n","protected":false},"excerpt":{"rendered":"<p>Os Correios estudam demitir cerca de 10 mil funcion\u00e1rios como parte do plano de reestrutura\u00e7\u00e3o da estatal, o equivalente a 8,6% do seu quadro atual. As sa\u00eddas devem ocorrer por meio do novo PVD (Programa de Demiss\u00e3o Volunt\u00e1ria), e o total de desligamentos ainda est\u00e1 em an\u00e1lise, podendo ser ainda maior. A redu\u00e7\u00e3o de custos [&hellip;]<\/p>\n","protected":false},"author":4,"featured_media":3054,"comment_status":"open","ping_status":"open","sticky":false,"template":"","format":"standard","meta":{"jnews-multi-image_gallery":[],"jnews_single_post":[],"jnews_primary_category":[],"jnews_social_meta":[],"jnews_post_split":[],"footnotes":""},"categories":[1],"tags":[],"class_list":["post-9396","post","type-post","status-publish","format-standard","has-post-thumbnail","hentry","category-uncategorized"],"_links":{"self":[{"href":"https:\/\/diariodepernambuco.audiencelabs.com.br\/wp-json\/wp\/v2\/posts\/9396","targetHints":{"allow":["GET"]}}],"collection":[{"href":"https:\/\/diariodepernambuco.audiencelabs.com.br\/wp-json\/wp\/v2\/posts"}],"about":[{"href":"https:\/\/diariodepernambuco.audiencelabs.com.br\/wp-json\/wp\/v2\/types\/post"}],"author":[{"embeddable":true,"href":"https:\/\/diariodepernambuco.audiencelabs.com.br\/wp-json\/wp\/v2\/users\/4"}],"replies":[{"embeddable":true,"href":"https:\/\/diariodepernambuco.audiencelabs.com.br\/wp-json\/wp\/v2\/comments?post=9396"}],"version-history":[{"count":2,"href":"https:\/\/diariodepernambuco.audiencelabs.com.br\/wp-json\/wp\/v2\/posts\/9396\/revisions"}],"predecessor-version":[{"id":9398,"href":"https:\/\/diariodepernambuco.audiencelabs.com.br\/wp-json\/wp\/v2\/posts\/9396\/revisions\/9398"}],"wp:featuredmedia":[{"embeddable":true,"href":"https:\/\/diariodepernambuco.audiencelabs.com.br\/wp-json\/wp\/v2\/media\/3054"}],"wp:attachment":[{"href":"https:\/\/diariodepernambuco.audiencelabs.com.br\/wp-json\/wp\/v2\/media?parent=9396"}],"wp:term":[{"taxonomy":"category","embeddable":true,"href":"https:\/\/diariodepernambuco.audiencelabs.com.br\/wp-json\/wp\/v2\/categories?post=9396"},{"taxonomy":"post_tag","embeddable":true,"href":"https:\/\/diariodepernambuco.audiencelabs.com.br\/wp-json\/wp\/v2\/tags?post=9396"}],"curies":[{"name":"wp","href":"https:\/\/api.w.org\/{rel}","templated":true}]}}