{"id":9417,"date":"2025-11-17T11:01:40","date_gmt":"2025-11-17T14:01:40","guid":{"rendered":"https:\/\/diariodepernambuco.audiencelabs.com.br\/?p=9417"},"modified":"2025-11-17T11:01:46","modified_gmt":"2025-11-17T14:01:46","slug":"bolsa-familia-confirmou-pagamento-extra-em-novembro-basta-apenas-voce-cumprir-essas-regras","status":"publish","type":"post","link":"https:\/\/diariodepernambuco.audiencelabs.com.br\/bolsa-familia-confirmou-pagamento-extra-em-novembro-basta-apenas-voce-cumprir-essas-regras\/","title":{"rendered":"Bolsa Fam\u00edlia confirmou pagamento extra em novembro: basta apenas voc\u00ea cumprir essas regras"},"content":{"rendered":"\n<p>O Aux\u00edlio G\u00e1s foi encerrado e substitu\u00eddo pelo novo programa federal G\u00e1s do Povo, que j\u00e1 come\u00e7a a distribuir benef\u00edcios neste m\u00eas aos inscritos no Bolsa Fam\u00edlia. A iniciativa passou por uma reformula\u00e7\u00e3o para corrigir falhas do modelo anterior, que frequentemente deixava fam\u00edlias sem condi\u00e7\u00f5es de comprar o botij\u00e3o de g\u00e1s completo.<\/p>\n\n\n\n<p>A grande mudan\u00e7a \u00e9 que, em vez de receber o valor em dinheiro, os benefici\u00e1rios agora contar\u00e3o com vouchers digitais, que permitem retirar o botij\u00e3o de 13 kg diretamente em estabelecimentos credenciados. A medida atende \u00e0s cr\u00edticas ao antigo sistema, que muitas vezes n\u00e3o cobria o pre\u00e7o total do botij\u00e3o, especialmente nas regi\u00f5es Norte e Nordeste.<\/p>\n\n\n\n<p>A gest\u00e3o do programa fica a cargo do Minist\u00e9rio de Minas e Energia, em parceria com o Minist\u00e9rio do Desenvolvimento Social, a Petrobras e distribuidoras credenciadas. Al\u00e9m de melhorar a log\u00edstica, o objetivo central \u00e9 assegurar que fam\u00edlias de baixa renda tenham acesso cont\u00ednuo ao g\u00e1s de cozinha, sem depender de doa\u00e7\u00f5es ou ajudas espor\u00e1dicas.<\/p>\n\n\n\n<p>A entrega do G\u00e1s do Povo ser\u00e1 feita diretamente \u00e0s fam\u00edlias beneficiadas, sem qualquer repasse financeiro. Cada participante receber\u00e1 um cart\u00e3o exclusivo do programa, que permitir\u00e1 retirar o botij\u00e3o de 13 kg em pontos credenciados pr\u00f3ximos de sua casa. Enquanto o novo cart\u00e3o n\u00e3o estiver dispon\u00edvel, ser\u00e1 poss\u00edvel usar temporariamente o cart\u00e3o do Bolsa Fam\u00edlia para realizar a retirada.<\/p>\n\n\n\n<h2 class=\"wp-block-heading\">Cronograma do G\u00e1s do Povo<\/h2>\n\n\n\n<p>O programa G\u00e1s do Povo ter\u00e1 sua distribui\u00e7\u00e3o organizada em etapas para garantir que todos os benefici\u00e1rios recebam o botij\u00e3o de 13 kg de forma eficiente:<\/p>\n\n\n\n<ul class=\"wp-block-list\">\n<li>Emiss\u00e3o dos cart\u00f5es do programa \u2013 Nos primeiros dias do m\u00eas, os benefici\u00e1rios do Bolsa Fam\u00edlia receber\u00e3o seus cart\u00f5es exclusivos do G\u00e1s do Povo. Enquanto o cart\u00e3o n\u00e3o estiver dispon\u00edvel, o cart\u00e3o do Bolsa Fam\u00edlia poder\u00e1 ser utilizado.<\/li>\n<\/ul>\n\n\n\n<ul class=\"wp-block-list\">\n<li>Divulga\u00e7\u00e3o dos pontos de retirada \u2013 Ser\u00e3o informados os locais credenciados pr\u00f3ximos \u00e0s resid\u00eancias para retirada do botij\u00e3o.<\/li>\n<\/ul>\n\n\n\n<ul class=\"wp-block-list\">\n<li>In\u00edcio da retirada do botij\u00e3o \u2013 A partir da segunda semana do m\u00eas, os benefici\u00e1rios poder\u00e3o retirar diretamente o botij\u00e3o de 13 kg nos pontos indicados, utilizando o cart\u00e3o do programa.<\/li>\n<\/ul>\n\n\n\n<ul class=\"wp-block-list\">\n<li>Acompanhamento e suporte \u2013 Durante todo o m\u00eas, haver\u00e1 atendimento para d\u00favidas e resolu\u00e7\u00e3o de problemas, garantindo que nenhum benefici\u00e1rio fique sem acesso ao g\u00e1s.<\/li>\n<\/ul>\n\n\n\n<p><\/p>\n","protected":false},"excerpt":{"rendered":"<p>O Aux\u00edlio G\u00e1s foi encerrado e substitu\u00eddo pelo novo programa federal G\u00e1s do Povo, que j\u00e1 come\u00e7a a distribuir benef\u00edcios neste m\u00eas aos inscritos no Bolsa Fam\u00edlia. A iniciativa passou por uma reformula\u00e7\u00e3o para corrigir falhas do modelo anterior, que frequentemente deixava fam\u00edlias sem condi\u00e7\u00f5es de comprar o botij\u00e3o de g\u00e1s completo. A grande mudan\u00e7a [&hellip;]<\/p>\n","protected":false},"author":4,"featured_media":1672,"comment_status":"open","ping_status":"open","sticky":false,"template":"","format":"standard","meta":{"jnews-multi-image_gallery":[],"jnews_single_post":{"format":"standard"},"jnews_primary_category":[],"jnews_social_meta":[],"jnews_post_split":[],"footnotes":""},"categories":[1],"tags":[],"class_list":["post-9417","post","type-post","status-publish","format-standard","has-post-thumbnail","hentry","category-uncategorized"],"_links":{"self":[{"href":"https:\/\/diariodepernambuco.audiencelabs.com.br\/wp-json\/wp\/v2\/posts\/9417","targetHints":{"allow":["GET"]}}],"collection":[{"href":"https:\/\/diariodepernambuco.audiencelabs.com.br\/wp-json\/wp\/v2\/posts"}],"about":[{"href":"https:\/\/diariodepernambuco.audiencelabs.com.br\/wp-json\/wp\/v2\/types\/post"}],"author":[{"embeddable":true,"href":"https:\/\/diariodepernambuco.audiencelabs.com.br\/wp-json\/wp\/v2\/users\/4"}],"replies":[{"embeddable":true,"href":"https:\/\/diariodepernambuco.audiencelabs.com.br\/wp-json\/wp\/v2\/comments?post=9417"}],"version-history":[{"count":1,"href":"https:\/\/diariodepernambuco.audiencelabs.com.br\/wp-json\/wp\/v2\/posts\/9417\/revisions"}],"predecessor-version":[{"id":9418,"href":"https:\/\/diariodepernambuco.audiencelabs.com.br\/wp-json\/wp\/v2\/posts\/9417\/revisions\/9418"}],"wp:featuredmedia":[{"embeddable":true,"href":"https:\/\/diariodepernambuco.audiencelabs.com.br\/wp-json\/wp\/v2\/media\/1672"}],"wp:attachment":[{"href":"https:\/\/diariodepernambuco.audiencelabs.com.br\/wp-json\/wp\/v2\/media?parent=9417"}],"wp:term":[{"taxonomy":"category","embeddable":true,"href":"https:\/\/diariodepernambuco.audiencelabs.com.br\/wp-json\/wp\/v2\/categories?post=9417"},{"taxonomy":"post_tag","embeddable":true,"href":"https:\/\/diariodepernambuco.audiencelabs.com.br\/wp-json\/wp\/v2\/tags?post=9417"}],"curies":[{"name":"wp","href":"https:\/\/api.w.org\/{rel}","templated":true}]}}