{"id":9419,"date":"2025-11-18T09:30:00","date_gmt":"2025-11-18T12:30:00","guid":{"rendered":"https:\/\/diariodepernambuco.audiencelabs.com.br\/?p=9419"},"modified":"2025-11-17T11:11:00","modified_gmt":"2025-11-17T14:11:00","slug":"formula-secreta-para-espantar-cupins-no-verao-foi-descoberta","status":"publish","type":"post","link":"https:\/\/diariodepernambuco.audiencelabs.com.br\/formula-secreta-para-espantar-cupins-no-verao-foi-descoberta\/","title":{"rendered":"F\u00f3rmula secreta para espantar cupins no ver\u00e3o foi descoberta"},"content":{"rendered":"\n<p>Com a aproxima\u00e7\u00e3o do ver\u00e3o, o aumento da umidade e das temperaturas cria o cen\u00e1rio ideal para que os cupins se multipliquem e ataquem m\u00f3veis, paredes e estruturas de madeira. Por isso, adotar medidas preventivas antes da esta\u00e7\u00e3o mais quente \u00e9 fundamental para evitar preju\u00edzos e dores de cabe\u00e7a.<\/p>\n\n\n\n<p>Com a\u00e7\u00f5es simples, acess\u00edveis e comprovadamente eficazes, \u00e9 poss\u00edvel refor\u00e7ar a prote\u00e7\u00e3o da casa e impedir que esses insetos silenciosos encontrem espa\u00e7o para se instalar. Rodap\u00e9s bem cuidados, por exemplo, reduzem muito o risco de col\u00f4nias ocultas. Quando est\u00e3o rachados, \u00famidos ou com frestas, tornam-se a porta de entrada ideal para que os cupins se instalem sem serem percebidos.<\/p>\n\n\n\n<p>Manter a limpeza, a veda\u00e7\u00e3o e a inspe\u00e7\u00e3o frequente desses pontos \u00e9 essencial. Outro detalhe importante s\u00e3o os arm\u00e1rios embutidos, que podem atrair cupins caso n\u00e3o recebam ventila\u00e7\u00e3o adequada. O ac\u00famulo de calor e umidade dentro desses espa\u00e7os cria o ambiente perfeito para a forma\u00e7\u00e3o de uma col\u00f4nia.<\/p>\n\n\n\n<p>Abrir as portas com frequ\u00eancia, instalar respiros e evitar guardar itens \u00famidos ajuda a prevenir infesta\u00e7\u00f5es silenciosas. J\u00e1 as prateleiras pr\u00f3ximas \u00e0 parede exigem prote\u00e7\u00e3o redobrada. Criar pequenas barreiras f\u00edsicas, como bases pl\u00e1sticas, suportes met\u00e1licos ou espa\u00e7adores, impede o contato direto da madeira com a superf\u00edcie, dificultando a passagem dos insetos.<\/p>\n\n\n\n<h2 class=\"wp-block-heading\">Pequenas a\u00e7\u00f5es que fortalecem a prote\u00e7\u00e3o da casa<\/h2>\n\n\n\n<p>Al\u00e9m da manuten\u00e7\u00e3o b\u00e1sica, algumas pr\u00e1ticas simples podem refor\u00e7ar ainda mais a defesa contra cupins antes da chegada do ver\u00e3o. Uma delas \u00e9 investir em produtos repelentes naturais ou solu\u00e7\u00f5es caseiras que criam uma barreira preventiva em m\u00f3veis e \u00e1reas mais vulner\u00e1veis.<\/p>\n\n\n\n<p>Aplic\u00e1-los periodicamente ajuda a afastar os insetos sem a necessidade de produtos qu\u00edmicos agressivos, mantendo o ambiente seguro e protegido. Outra recomenda\u00e7\u00e3o importante \u00e9 evitar o ac\u00famulo de papel, caixas de papel\u00e3o e madeira n\u00e3o tratada em dep\u00f3sitos, lavanderias ou quartinhos, pois esses materiais servem como abrigo e alimento para os cupins.<\/p>\n\n\n\n<p><\/p>\n","protected":false},"excerpt":{"rendered":"<p>Com a aproxima\u00e7\u00e3o do ver\u00e3o, o aumento da umidade e das temperaturas cria o cen\u00e1rio ideal para que os cupins se multipliquem e ataquem m\u00f3veis, paredes e estruturas de madeira. Por isso, adotar medidas preventivas antes da esta\u00e7\u00e3o mais quente \u00e9 fundamental para evitar preju\u00edzos e dores de cabe\u00e7a. Com a\u00e7\u00f5es simples, acess\u00edveis e comprovadamente [&hellip;]<\/p>\n","protected":false},"author":4,"featured_media":9420,"comment_status":"open","ping_status":"open","sticky":false,"template":"","format":"standard","meta":{"jnews-multi-image_gallery":[],"jnews_single_post":{"format":"standard"},"jnews_primary_category":[],"jnews_social_meta":[],"jnews_post_split":[],"footnotes":""},"categories":[1],"tags":[],"class_list":["post-9419","post","type-post","status-publish","format-standard","has-post-thumbnail","hentry","category-uncategorized"],"_links":{"self":[{"href":"https:\/\/diariodepernambuco.audiencelabs.com.br\/wp-json\/wp\/v2\/posts\/9419","targetHints":{"allow":["GET"]}}],"collection":[{"href":"https:\/\/diariodepernambuco.audiencelabs.com.br\/wp-json\/wp\/v2\/posts"}],"about":[{"href":"https:\/\/diariodepernambuco.audiencelabs.com.br\/wp-json\/wp\/v2\/types\/post"}],"author":[{"embeddable":true,"href":"https:\/\/diariodepernambuco.audiencelabs.com.br\/wp-json\/wp\/v2\/users\/4"}],"replies":[{"embeddable":true,"href":"https:\/\/diariodepernambuco.audiencelabs.com.br\/wp-json\/wp\/v2\/comments?post=9419"}],"version-history":[{"count":3,"href":"https:\/\/diariodepernambuco.audiencelabs.com.br\/wp-json\/wp\/v2\/posts\/9419\/revisions"}],"predecessor-version":[{"id":9428,"href":"https:\/\/diariodepernambuco.audiencelabs.com.br\/wp-json\/wp\/v2\/posts\/9419\/revisions\/9428"}],"wp:featuredmedia":[{"embeddable":true,"href":"https:\/\/diariodepernambuco.audiencelabs.com.br\/wp-json\/wp\/v2\/media\/9420"}],"wp:attachment":[{"href":"https:\/\/diariodepernambuco.audiencelabs.com.br\/wp-json\/wp\/v2\/media?parent=9419"}],"wp:term":[{"taxonomy":"category","embeddable":true,"href":"https:\/\/diariodepernambuco.audiencelabs.com.br\/wp-json\/wp\/v2\/categories?post=9419"},{"taxonomy":"post_tag","embeddable":true,"href":"https:\/\/diariodepernambuco.audiencelabs.com.br\/wp-json\/wp\/v2\/tags?post=9419"}],"curies":[{"name":"wp","href":"https:\/\/api.w.org\/{rel}","templated":true}]}}