{"id":9430,"date":"2025-11-17T11:17:57","date_gmt":"2025-11-17T14:17:57","guid":{"rendered":"https:\/\/diariodepernambuco.audiencelabs.com.br\/?p=9430"},"modified":"2025-11-17T11:20:12","modified_gmt":"2025-11-17T14:20:12","slug":"alerta-urgente-de-tempestade-para-varias-cidades-do-brasil-acabou-de-chegar","status":"publish","type":"post","link":"https:\/\/diariodepernambuco.audiencelabs.com.br\/alerta-urgente-de-tempestade-para-varias-cidades-do-brasil-acabou-de-chegar\/","title":{"rendered":"Alerta urgente de tempestade para v\u00e1rias cidades do Brasil acabou de chegar"},"content":{"rendered":"\n<p>O Instituto Nacional de Meteorologia (Inmet) emitiu oito alertas de perigo para tempestades, chuva intensa, queda de temperatura e ventania em diferentes regi\u00f5es do pa\u00eds no in\u00edcio desta semana. Entre eles, um aviso de grande perigo de tempestade abrange \u00e1reas do Rio Grande do Sul, Santa Catarina, Paran\u00e1 e o sul de Mato Grosso do Sul.<\/p>\n\n\n\n<p>Nesses locais, a previs\u00e3o aponta para chuva acima de 60 mm\/h ou ultrapassando 100 mm no dia, ventos que podem superar 100 km\/h e possibilidade de granizo. De acordo com o Inmet, h\u00e1 risco de danos em constru\u00e7\u00f5es, interrup\u00e7\u00e3o no fornecimento de energia, preju\u00edzos em lavouras, queda de \u00e1rvores, alagamentos e problemas no transporte terrestre.<\/p>\n\n\n\n<p>Outro alerta de perigo emitido pelo Inmet abrange os tr\u00eas estados do Sul, o sul e oeste de S\u00e3o Paulo, quase todo o Mato Grosso do Sul e parte do sul de Mato Grosso. Nessa regi\u00e3o, a chuva pode variar entre 30 e 60 mm\/h ou acumular de 50 a 100 mm\/dia, acompanhada de ventos fortes entre 60 e 100 km\/h.<\/p>\n\n\n\n<p>H\u00e1 tamb\u00e9m um aviso, v\u00e1lido at\u00e9 as 18h de segunda-feira, para o risco de ventos costeiros em todo o litoral da regi\u00e3o Sul. Al\u00e9m disso, um alerta de perigo potencial para tempestades se estende por uma faixa estreita que conecta \u00e1reas de seis estados, de S\u00e3o Paulo a Mato Grosso, onde a chuva pode atingir de 20 a 30 mm\/h ou at\u00e9 50 mm\/dia, com ventos intensos (40 a 60 km\/h) e possibilidade de granizo.<\/p>\n\n\n\n<p>Por fim, o Inmet emitiu um aviso de perigo para chuvas intensas em diversas \u00e1reas do Amazonas \u2014 incluindo centro, sudoeste, sul, norte e a regi\u00e3o do Madeira-Guapor\u00e9 \u2014 onde os acumulados podem chegar de 50 a 100 mm ao longo do dia.<\/p>\n\n\n\n<p><\/p>\n","protected":false},"excerpt":{"rendered":"<p>O Instituto Nacional de Meteorologia (Inmet) emitiu oito alertas de perigo para tempestades, chuva intensa, queda de temperatura e ventania em diferentes regi\u00f5es do pa\u00eds no in\u00edcio desta semana. Entre eles, um aviso de grande perigo de tempestade abrange \u00e1reas do Rio Grande do Sul, Santa Catarina, Paran\u00e1 e o sul de Mato Grosso do [&hellip;]<\/p>\n","protected":false},"author":4,"featured_media":9432,"comment_status":"open","ping_status":"open","sticky":false,"template":"","format":"standard","meta":{"jnews-multi-image_gallery":[],"jnews_single_post":{"format":"standard"},"jnews_primary_category":[],"jnews_social_meta":[],"jnews_post_split":[],"footnotes":""},"categories":[1],"tags":[],"class_list":["post-9430","post","type-post","status-publish","format-standard","has-post-thumbnail","hentry","category-uncategorized"],"_links":{"self":[{"href":"https:\/\/diariodepernambuco.audiencelabs.com.br\/wp-json\/wp\/v2\/posts\/9430","targetHints":{"allow":["GET"]}}],"collection":[{"href":"https:\/\/diariodepernambuco.audiencelabs.com.br\/wp-json\/wp\/v2\/posts"}],"about":[{"href":"https:\/\/diariodepernambuco.audiencelabs.com.br\/wp-json\/wp\/v2\/types\/post"}],"author":[{"embeddable":true,"href":"https:\/\/diariodepernambuco.audiencelabs.com.br\/wp-json\/wp\/v2\/users\/4"}],"replies":[{"embeddable":true,"href":"https:\/\/diariodepernambuco.audiencelabs.com.br\/wp-json\/wp\/v2\/comments?post=9430"}],"version-history":[{"count":1,"href":"https:\/\/diariodepernambuco.audiencelabs.com.br\/wp-json\/wp\/v2\/posts\/9430\/revisions"}],"predecessor-version":[{"id":9433,"href":"https:\/\/diariodepernambuco.audiencelabs.com.br\/wp-json\/wp\/v2\/posts\/9430\/revisions\/9433"}],"wp:featuredmedia":[{"embeddable":true,"href":"https:\/\/diariodepernambuco.audiencelabs.com.br\/wp-json\/wp\/v2\/media\/9432"}],"wp:attachment":[{"href":"https:\/\/diariodepernambuco.audiencelabs.com.br\/wp-json\/wp\/v2\/media?parent=9430"}],"wp:term":[{"taxonomy":"category","embeddable":true,"href":"https:\/\/diariodepernambuco.audiencelabs.com.br\/wp-json\/wp\/v2\/categories?post=9430"},{"taxonomy":"post_tag","embeddable":true,"href":"https:\/\/diariodepernambuco.audiencelabs.com.br\/wp-json\/wp\/v2\/tags?post=9430"}],"curies":[{"name":"wp","href":"https:\/\/api.w.org\/{rel}","templated":true}]}}