{"id":9440,"date":"2025-11-18T12:30:00","date_gmt":"2025-11-18T15:30:00","guid":{"rendered":"https:\/\/diariodepernambuco.audiencelabs.com.br\/?p=9440"},"modified":"2025-11-18T18:26:49","modified_gmt":"2025-11-18T21:26:49","slug":"idosos-ganham-presentao-sobre-reducao-no-pagamento-do-iptu","status":"publish","type":"post","link":"https:\/\/diariodepernambuco.audiencelabs.com.br\/idosos-ganham-presentao-sobre-reducao-no-pagamento-do-iptu\/","title":{"rendered":"Idosos ganham present\u00e3o sobre redu\u00e7\u00e3o no pagamento do IPTU"},"content":{"rendered":"\n<p>O Imposto Predial e Territorial Urbano (IPTU) \u00e9 um dos principais tributos pagos pelos brasileiros, mas muita gente n\u00e3o sabe que alguns grupos \u2014 incluindo idosos \u2014 t\u00eam direito a redu\u00e7\u00e3o ou at\u00e9 mesmo isen\u00e7\u00e3o. Em diversos munic\u00edpios, esse benef\u00edcio pode chegar a 100%, conforme as regras locais. Entre os contemplados, os idosos est\u00e3o entre os mais protegidos pela legisla\u00e7\u00e3o.<\/p>\n\n\n\n<p>O Estatuto da Pessoa Idosa estabelece que pessoas acima de 60 anos devem ter prioridade em pol\u00edticas que assegurem dignidade e qualidade de vida, o que inclui medidas voltadas \u00e0 moradia. Por isso, muitas cidades oferecem desconto ou isen\u00e7\u00e3o do IPTU para quem j\u00e1 passou dessa faixa et\u00e1ria, desde que os requisitos municipais sejam atendidos.<\/p>\n\n\n\n<p>Na maioria dos casos, a isen\u00e7\u00e3o \u00e9 concedida a idosos que possuem apenas um im\u00f3vel, utilizam a resid\u00eancia como moradia pr\u00f3pria e t\u00eam renda limitada, geralmente de at\u00e9 dois ou tr\u00eas sal\u00e1rios m\u00ednimos \u2014 embora esses crit\u00e9rios possam variar bastante de uma cidade para outra. Em algumas regi\u00f5es, tamb\u00e9m \u00e9 exigido que o im\u00f3vel seja de baixo valor venal, refor\u00e7ando o car\u00e1ter social do benef\u00edcio.<\/p>\n\n\n\n<p>Para solicitar o desconto ou isen\u00e7\u00e3o, o idoso deve procurar a prefeitura ou acessar o portal oficial do munic\u00edpio, reunir a documenta\u00e7\u00e3o necess\u00e1ria e fazer o pedido dentro do prazo estipulado. Quando aprovado, o al\u00edvio financeiro pode representar uma grande diferen\u00e7a no or\u00e7amento mensal, especialmente para quem vive com renda fixa.<\/p>\n\n\n\n<h2 class=\"wp-block-heading\">Como funciona a an\u00e1lise e aprova\u00e7\u00e3o do benef\u00edcio<\/h2>\n\n\n<style>@media (min-width: 992px) {\n    .recomendadorV2Area1 {\n        width: 280px;\n    }\n    .recomendadorV2Area2 {\n        padding: 0px 20px;\n        width: calc(100% - 280px);\n    }\n}\n\n@media (max-width: 992px) {\n    .recomendadorV2Button {\n        margin: 0 auto;\n    }\n    .recomendadorV2Area {\n        flex-direction: column;\n        text-align: center;\n    }\n    .recomendadorV2Area2 {\n        padding: 0px 20px;\n    }\n}\n\n.recomendadorV2Area {\n    background: #eeeeee3d;\n    border-radius: 10px;\n    padding: 15px;\n    display: flex;\n    margin: 15px auto;\n    border: 1px solid #00000014;\n    max-width: 800px;\n}\n\n.recomendadorV2Area1 img {\n    width: 280px;\n    height: auto;\n    border-radius: 8px;\n}\n\n.linkrecomendadorv2 {\n    text-decoration: none !important;\n}\n\n.recomendadorV2Area2 .recomendadorV2Type {\n    text-transform: uppercase;\n    font-weight: 500;\n    font-size: 11px;\n    letter-spacing: 2px;\n    color: #666;\n    margin: 12px 0;\n    display: block;\n}\n\n.recomendadorV2Title h2 {\n    padding-top: 0px !important;\n    margin: 0px !important;\n    border-left: none !important;\n    padding-left: 0px !important;\n    line-height: 1.3;\n    color: #000 !important;\n    font-size: 24px;\n    margin-bottom: 12px !important;\n}\n\n.recomendadorV2Desc {\n    color: #333;\n    margin: 12px 0px !important;\n    font-size: 15px;\n    line-height: 1.5;\n}\n\n.recomendadorV2Button {\n    width: auto;\n    max-width: 200px;\n    margin: 0;\n    display: inline-flex;\n    align-items: center;\n    background: #1D3557;\n    border-radius: 8px;\n    color: #fff;\n    height: 36px;\n    justify-content: center;\n    text-align: center;\n    font-size: 14px;\n    padding: 0 20px;\n    transition: background-color 0.2s ease;\n}\n\n.recomendadorV2Button:hover {\n    background: #2a4d7a;\n}\n\n.recomendadorV2Button:after {\n    margin-top: -2px;\n    content: \"\u2192\";\n    padding: 0px 0px 0px 8px;\n}\n\n.recomendadorV2Alert {\n    text-align: left;\n    font-size: 11px;\n    margin-top: 8px;\n    color: #666;\n}\n\n.recomendadorFixedArea {\n    width: 100%;\n    display: flex;\n    justify-content: center;\n    align-items: center;\n}\n\n@media (min-width: 992px) {\n    #recomendadorFixed {\n        width: 32% !important;\n        left: 5%;\n    }\n    .recomendadorCloseFixed{\n        right: inherit !important;\n        left: 378px !important;\n    }\n}\n\n#recomendadorFixed {\n    width: 90%;\n    box-shadow: 0 10px 20px 0px #00000057;\n    display: none;\n    height: 90px;\n    background: #F6F6F6;\n    position: fixed;\n    flex-direction: row;\n    bottom: 10px;\n    z-index: 9999;\n    border-radius: 16px;\n    padding: 7px 10px;\n}\n\n.recomendadorLeftArea {\n    width: 160px;\n}\n\n.recomendadorRightArea h2 {\n    padding-top: 0px;\n    margin: 2px 0px 4px 0px !important;\n    font-weight: 400;\n    text-align: center;\n    padding-left: 0px !important;\n    color: #000 !important;\n    border-left: none !important;\n    line-height: 20px;\n    font-size: 12px !important;\n}\n\n.recomendadorImgFixed {\n    overflow: hidden;\n    padding: 8px 6px;\n    height: 100%;\n}\n\n.recomendadorImgFixed img {\n    height: 100% !important;\n    border-radius: 16px;\n}\n\n.recomendadorRightArea {\n    padding-top: 6px;\n    display: flex;\n    width: calc(100% - 130px);\n    justify-content: space-between;\n    align-items: center;\n    flex-direction: column;\n}\n\n.recomendadorButtonFixed {\n    margin: 0 auto;\n    background: #1D3557;\n    width: 80%;\n    text-align: center;\n    font-size: 10px;\n    color: #FFF;\n    padding: 2px 10px;\n    border-radius: 3px;\n}\n\n.recomendadorButtonFixed:after {\n    margin-top: -3px;\n    content: \"\u2192\";\n    padding: 0px 0px 0px 10px;\n}\n\n.recomendadorAlertFixed {\n    font-weight: 400;\n    text-align: center;\n    color: #484848;\n    font-size: 8px;\n}\n\n.recomendadorCloseFixed {\n    z-index: 99999;\n    display: none;\n    right: 0px;\n    left: inherit;\n    bottom: 99px;\n    position: fixed;\n    justify-content: center;\n    background: #F6F6F6;\n    width: 25px;\n    align-items: center;\n    height: 25px;\n    font-weight: 800;\n    border-radius: 50%;\n    border: 1px solid #EBEBEB;\n}\n\n.recomendadorV2Desc{\n    color: #000000;\n    margin: 20px 0px;\n}\n\n@media (max-width: 576px) {\n    .recomendadorV2Area {\n      padding: 10px;\n      max-width: 100%;\n    }\n  \n    .recomendadorV2Area1 img {\n      width: 100%;\n      border-radius: 6px;\n    }\n  \n    .recomendadorV2Area2 .recomendadorV2Type {\n      font-size: 9px;\n      letter-spacing: 1px;\n      margin: 8px 0;\n    }\n  \n    .recomendadorV2Title h2 {\n      font-size: 18px !important;\n      margin-bottom: 8px !important;\n      line-height: 1.2;\n    }\n  \n    .recomendadorV2Desc {\n      font-size: 14px;\n      margin: 8px 0 !important;\n      line-height: 1.4;\n    }\n  \n    .recomendadorV2Button {\n      font-size: 12px;\n      height: 30px;\n      padding: 0 12px;\n      max-width: 160px;\n    }\n  \n    .recomendadorV2Button:after {\n      padding-left: 6px;\n    }\n  }\n  <\/style>\n        <div class=\"lazyblock-recomendador-v2-2jDGz wp-block-lazyblock-recomendador-v2\">\n        <a class=\"linkrecomendadorv2\" href=\"https:\/\/diariodepernambuco.com.br\/dpmais\/caixa-surpreende-e-antecipa-pagamento-do-bolsa-familia-de-dezembro\/?utm_source=lazy\" target=\"_blank\" rel=\"noopener\">\n            <div class=\"recomendadorV2Area\">\n            <div class=\"recomendadorV2Area1\">\n                <div class=\"recomendadorV2Img\">\n                <img class=\"lazyloaded\" decoding=\"async\" src=\"https:\/\/diariodepernambuco.com.br\/dpmais\/wp-content\/uploads\/2025\/08\/Bolsa-Familia-1140x570.jpg\" data-src=\"https:\/\/diariodepernambuco.com.br\/dpmais\/wp-content\/uploads\/2025\/08\/Bolsa-Familia-1140x570.jpg\" alt=\"\">\n                <\/div>\n            <\/div>\n            <div class=\"recomendadorV2Area2\">\n                <div class=\"recomendadorV2Type\">\n                    <span>Benef\u00edcio Social<\/span>\n                <\/div>\n                <div class=\"recomendadorV2Title\">\n                <h2><span>Bolsa antecipado \ud83d\udcb3<\/span><\/h2>\n                <\/div>\n                <div class=\"recomendadorV2Desc\">\n                <span>Confira as novas datas de pagamento<\/span>\n                <\/div>\n                <div class=\"recomendadorV2Button\">Saiba agora<\/div>\n                <div class=\"recomendadorV2Alert\"><\/div>\n            <\/div>\n            <\/div>\n        <\/a>\n        <div>\n            <div style=\"z-index:99999;\" id=\"buttonClose\" onclick=\"closeRecomendadorFixed()\">\n            <div class=\"recomendadorCloseFixed\">X<\/div>\n            <\/div>\n            <a href=\"https:\/\/diariodepernambuco.com.br\/dpmais\/caixa-surpreende-e-antecipa-pagamento-do-bolsa-familia-de-dezembro\/?utm_source=lazy\" target=\"_blank\" rel=\"noopener\">\n            <div class=\"recomendadorFixedArea\">\n                <div id=\"recomendadorFixed\">\n                <div class=\"recomendadorLeftArea\">\n                    <div class=\"recomendadorImgFixed\">\n                    <img class=\"lazyload\" decoding=\"async\" src=\"https:\/\/diariodepernambuco.com.br\/dpmais\/wp-content\/uploads\/2025\/08\/Bolsa-Familia-1140x570.jpg\" alt=\"\">\n                    <\/div>\n                <\/div>\n                <div class=\"recomendadorRightArea\">\n                    <div class=\"recomendadorTitleFixed\">\n                    <h2><span>Bolsa antecipado \ud83d\udcb3<\/span><\/h2>\n                    <\/div>\n                    <div class=\"recomendadorButtonFixed\">Saiba agora<\/div>\n                    <div class=\"recomendadorAlertFixed\"><\/div>\n                <\/div>\n                <\/div>\n            <\/div>\n            <\/a>\n        <\/div>\n        <\/div>\n\n\n\n<p>A avalia\u00e7\u00e3o para concess\u00e3o da isen\u00e7\u00e3o ou desconto no IPTU costuma passar por uma an\u00e1lise detalhada da situa\u00e7\u00e3o econ\u00f4mica e cadastral do idoso. As prefeituras verificam se o im\u00f3vel est\u00e1 devidamente registrado, se n\u00e3o h\u00e1 d\u00edvidas pendentes e se o requerente realmente se enquadra nos crit\u00e9rios estabelecidos pela legisla\u00e7\u00e3o municipal.<\/p>\n\n\n\n<p>Em muitos casos, tamb\u00e9m \u00e9 feita uma verifica\u00e7\u00e3o anual para confirmar que as condi\u00e7\u00f5es permanecem as mesmas, garantindo que o benef\u00edcio continue sendo direcionado a quem realmente precisa. Al\u00e9m disso, alguns munic\u00edpios oferecem atendimento priorit\u00e1rio para idosos durante o processo de solicita\u00e7\u00e3o, facilitando o acesso \u00e0s informa\u00e7\u00f5es e agilizando os tr\u00e2mites burocr\u00e1ticos.<\/p>\n\n\n\n<p><\/p>\n","protected":false},"excerpt":{"rendered":"<p>O Imposto Predial e Territorial Urbano (IPTU) \u00e9 um dos principais tributos pagos pelos brasileiros, mas muita gente n\u00e3o sabe que alguns grupos \u2014 incluindo idosos \u2014 t\u00eam direito a redu\u00e7\u00e3o ou at\u00e9 mesmo isen\u00e7\u00e3o. Em diversos munic\u00edpios, esse benef\u00edcio pode chegar a 100%, conforme as regras locais. Entre os contemplados, os idosos est\u00e3o entre [&hellip;]<\/p>\n","protected":false},"author":4,"featured_media":6794,"comment_status":"open","ping_status":"open","sticky":false,"template":"","format":"standard","meta":{"jnews-multi-image_gallery":[],"jnews_single_post":{"format":"standard"},"jnews_primary_category":[],"jnews_social_meta":[],"jnews_post_split":[],"footnotes":""},"categories":[1],"tags":[],"class_list":["post-9440","post","type-post","status-publish","format-standard","has-post-thumbnail","hentry","category-uncategorized"],"_links":{"self":[{"href":"https:\/\/diariodepernambuco.audiencelabs.com.br\/wp-json\/wp\/v2\/posts\/9440","targetHints":{"allow":["GET"]}}],"collection":[{"href":"https:\/\/diariodepernambuco.audiencelabs.com.br\/wp-json\/wp\/v2\/posts"}],"about":[{"href":"https:\/\/diariodepernambuco.audiencelabs.com.br\/wp-json\/wp\/v2\/types\/post"}],"author":[{"embeddable":true,"href":"https:\/\/diariodepernambuco.audiencelabs.com.br\/wp-json\/wp\/v2\/users\/4"}],"replies":[{"embeddable":true,"href":"https:\/\/diariodepernambuco.audiencelabs.com.br\/wp-json\/wp\/v2\/comments?post=9440"}],"version-history":[{"count":3,"href":"https:\/\/diariodepernambuco.audiencelabs.com.br\/wp-json\/wp\/v2\/posts\/9440\/revisions"}],"predecessor-version":[{"id":9647,"href":"https:\/\/diariodepernambuco.audiencelabs.com.br\/wp-json\/wp\/v2\/posts\/9440\/revisions\/9647"}],"wp:featuredmedia":[{"embeddable":true,"href":"https:\/\/diariodepernambuco.audiencelabs.com.br\/wp-json\/wp\/v2\/media\/6794"}],"wp:attachment":[{"href":"https:\/\/diariodepernambuco.audiencelabs.com.br\/wp-json\/wp\/v2\/media?parent=9440"}],"wp:term":[{"taxonomy":"category","embeddable":true,"href":"https:\/\/diariodepernambuco.audiencelabs.com.br\/wp-json\/wp\/v2\/categories?post=9440"},{"taxonomy":"post_tag","embeddable":true,"href":"https:\/\/diariodepernambuco.audiencelabs.com.br\/wp-json\/wp\/v2\/tags?post=9440"}],"curies":[{"name":"wp","href":"https:\/\/api.w.org\/{rel}","templated":true}]}}