{"id":9443,"date":"2025-11-18T13:00:00","date_gmt":"2025-11-18T16:00:00","guid":{"rendered":"https:\/\/diariodepernambuco.audiencelabs.com.br\/?p=9443"},"modified":"2025-11-17T11:37:09","modified_gmt":"2025-11-17T14:37:09","slug":"5-direitos-trabalhistas-que-voce-precisa-conhecer-o-quanto-antes","status":"publish","type":"post","link":"https:\/\/diariodepernambuco.audiencelabs.com.br\/5-direitos-trabalhistas-que-voce-precisa-conhecer-o-quanto-antes\/","title":{"rendered":"5 direitos trabalhistas que voc\u00ea precisa conhecer o quanto antes"},"content":{"rendered":"\n<p>Se voc\u00ea trabalha com carteira assinada ou presta servi\u00e7os de forma regular, conhecer seus direitos trabalhistas n\u00e3o \u00e9 apenas importante, mas essencial para garantir prote\u00e7\u00e3o, seguran\u00e7a e condi\u00e7\u00f5es justas no dia a dia. Muitos profissionais ainda desconhecem garantias b\u00e1sicas previstas na legisla\u00e7\u00e3o brasileira, o que pode resultar em perdas financeiras e at\u00e9 abusos no ambiente de trabalho.<\/p>\n\n\n\n<p>Para evitar esses problemas, reunimos 5 direitos trabalhistas fundamentais que voc\u00ea precisa conhecer o quanto antes. S\u00e3o regras simples, mas que fazem toda a diferen\u00e7a para quem deseja manter sua rotina profissional mais segura, organizada e justa.<\/p>\n\n\n\n<ol class=\"wp-block-list\">\n<li><strong>Jornada de trabalho e horas extras<\/strong><\/li>\n<\/ol>\n\n\n\n<p>A legisla\u00e7\u00e3o estabelece que a jornada padr\u00e3o \u00e9 de at\u00e9 8 horas di\u00e1rias e 44 semanais. Quando h\u00e1 necessidade de trabalhar al\u00e9m desse limite, o empregado tem direito a receber horas extras com acr\u00e9scimo m\u00ednimo de 50% sobre o valor da hora comum \u2014 podendo ser maior conforme acordos ou conven\u00e7\u00f5es coletivas. Al\u00e9m disso, o intervalo para descanso e refei\u00e7\u00e3o tamb\u00e9m \u00e9 garantido por lei, variando conforme o tipo de jornada.<\/p>\n\n\n\n<ol start=\"2\" class=\"wp-block-list\">\n<li><strong>F\u00e9rias anuais remuneradas<\/strong><\/li>\n<\/ol>\n\n\n\n<p>Ap\u00f3s 12 meses de trabalho, todo empregado tem direito a 30 dias de f\u00e9rias, com pagamento antecipado e adicional de 1\/3 do sal\u00e1rio. As f\u00e9rias podem ser divididas em at\u00e9 tr\u00eas per\u00edodos, desde que um deles tenha no m\u00ednimo 14 dias corridos. Esse descanso \u00e9 essencial para preservar a sa\u00fade f\u00edsica e mental do trabalhador, al\u00e9m de ser uma garantia constitucional.<\/p>\n\n\n\n<ol start=\"3\" class=\"wp-block-list\">\n<li><strong>FGTS: prote\u00e7\u00e3o em casos de demiss\u00e3o<\/strong><\/li>\n<\/ol>\n\n\n\n<p>O Fundo de Garantia por Tempo de Servi\u00e7o funciona como uma reserva financeira obrigat\u00f3ria, depositada mensalmente pelo empregador. Em caso de demiss\u00e3o sem justa causa, o trabalhador pode sacar o saldo e ainda recebe multa de 40% sobre o valor total depositado. O FGTS tamb\u00e9m pode ser utilizado em situa\u00e7\u00f5es especiais, como compra da casa pr\u00f3pria, doen\u00e7as graves ou aposentadoria.<\/p>\n\n\n\n<ol start=\"4\" class=\"wp-block-list\">\n<li><strong>Seguro-desemprego<\/strong><\/li>\n<\/ol>\n\n\n\n<p>O seguro-desemprego \u00e9 um aux\u00edlio tempor\u00e1rio destinado a trabalhadores dispensados sem justa causa. O benef\u00edcio \u00e9 pago em parcelas que variam conforme o tempo trabalhado e o hist\u00f3rico de solicita\u00e7\u00f5es. Para receber, \u00e9 preciso cumprir alguns requisitos, como n\u00e3o possuir renda pr\u00f3pria suficiente para o pr\u00f3prio sustento e o da fam\u00edlia. O valor das parcelas \u00e9 calculado com base na m\u00e9dia salarial dos \u00faltimos meses.<\/p>\n\n\n\n<ol start=\"5\" class=\"wp-block-list\">\n<li><strong>13\u00ba sal\u00e1rio<\/strong><\/li>\n<\/ol>\n\n\n\n<p>O 13\u00ba \u00e9 um direito de todos os trabalhadores formais e corresponde a um sal\u00e1rio extra pago no fim do ano. Ele \u00e9 calculado proporcionalmente ao tempo trabalhado e dividido em duas parcelas: a primeira geralmente paga entre fevereiro e novembro, e a segunda at\u00e9 20 de dezembro. Esse benef\u00edcio ajuda a refor\u00e7ar o or\u00e7amento familiar em um per\u00edodo de altos gastos, como Natal e in\u00edcio do ano.<\/p>\n\n\n\n<p><\/p>\n","protected":false},"excerpt":{"rendered":"<p>Se voc\u00ea trabalha com carteira assinada ou presta servi\u00e7os de forma regular, conhecer seus direitos trabalhistas n\u00e3o \u00e9 apenas importante, mas essencial para garantir prote\u00e7\u00e3o, seguran\u00e7a e condi\u00e7\u00f5es justas no dia a dia. Muitos profissionais ainda desconhecem garantias b\u00e1sicas previstas na legisla\u00e7\u00e3o brasileira, o que pode resultar em perdas financeiras e at\u00e9 abusos no ambiente [&hellip;]<\/p>\n","protected":false},"author":4,"featured_media":8987,"comment_status":"open","ping_status":"open","sticky":false,"template":"","format":"standard","meta":{"jnews-multi-image_gallery":[],"jnews_single_post":[],"jnews_primary_category":[],"jnews_social_meta":[],"jnews_post_split":[],"footnotes":""},"categories":[1],"tags":[],"class_list":["post-9443","post","type-post","status-publish","format-standard","has-post-thumbnail","hentry","category-uncategorized"],"_links":{"self":[{"href":"https:\/\/diariodepernambuco.audiencelabs.com.br\/wp-json\/wp\/v2\/posts\/9443","targetHints":{"allow":["GET"]}}],"collection":[{"href":"https:\/\/diariodepernambuco.audiencelabs.com.br\/wp-json\/wp\/v2\/posts"}],"about":[{"href":"https:\/\/diariodepernambuco.audiencelabs.com.br\/wp-json\/wp\/v2\/types\/post"}],"author":[{"embeddable":true,"href":"https:\/\/diariodepernambuco.audiencelabs.com.br\/wp-json\/wp\/v2\/users\/4"}],"replies":[{"embeddable":true,"href":"https:\/\/diariodepernambuco.audiencelabs.com.br\/wp-json\/wp\/v2\/comments?post=9443"}],"version-history":[{"count":3,"href":"https:\/\/diariodepernambuco.audiencelabs.com.br\/wp-json\/wp\/v2\/posts\/9443\/revisions"}],"predecessor-version":[{"id":9446,"href":"https:\/\/diariodepernambuco.audiencelabs.com.br\/wp-json\/wp\/v2\/posts\/9443\/revisions\/9446"}],"wp:featuredmedia":[{"embeddable":true,"href":"https:\/\/diariodepernambuco.audiencelabs.com.br\/wp-json\/wp\/v2\/media\/8987"}],"wp:attachment":[{"href":"https:\/\/diariodepernambuco.audiencelabs.com.br\/wp-json\/wp\/v2\/media?parent=9443"}],"wp:term":[{"taxonomy":"category","embeddable":true,"href":"https:\/\/diariodepernambuco.audiencelabs.com.br\/wp-json\/wp\/v2\/categories?post=9443"},{"taxonomy":"post_tag","embeddable":true,"href":"https:\/\/diariodepernambuco.audiencelabs.com.br\/wp-json\/wp\/v2\/tags?post=9443"}],"curies":[{"name":"wp","href":"https:\/\/api.w.org\/{rel}","templated":true}]}}