{"id":9452,"date":"2025-11-18T15:30:00","date_gmt":"2025-11-18T18:30:00","guid":{"rendered":"https:\/\/diariodepernambuco.audiencelabs.com.br\/?p=9452"},"modified":"2025-11-17T12:16:38","modified_gmt":"2025-11-17T15:16:38","slug":"brasileiros-podem-ficar-sem-o-abono-salarial-em-2026","status":"publish","type":"post","link":"https:\/\/diariodepernambuco.audiencelabs.com.br\/brasileiros-podem-ficar-sem-o-abono-salarial-em-2026\/","title":{"rendered":"Brasileiros podem ficar sem o abono salarial em 2026"},"content":{"rendered":"\n<p>O abono salarial do PIS\/Pasep, benef\u00edcio anual destinado a trabalhadores com carteira assinada, passar\u00e1 por altera\u00e7\u00f5es a partir de 2026. O crit\u00e9rio de renda deixar\u00e1 de ser baseado em dois sal\u00e1rios m\u00ednimos e ser\u00e1 reajustado conforme a infla\u00e7\u00e3o, seguindo o \u00cdndice Nacional de Pre\u00e7os ao Consumidor (INPC).<\/p>\n\n\n\n<p>Na pr\u00e1tica, a nova regra deve diminuir, ao longo do tempo, o n\u00famero de pessoas aptas a receber o benef\u00edcio. A mudan\u00e7a faz parte do pacote fiscal aprovado pelo Congresso no fim de 2024 e tem como objetivo reduzir despesas p\u00fablicas e direcionar o programa de forma mais precisa aos trabalhadores de menor renda.<\/p>\n\n\n\n<p>Antes da aprova\u00e7\u00e3o do pacote fiscal, tinham direito ao abono os trabalhadores da iniciativa privada (PIS) e servidores p\u00fablicos (Pasep) que haviam exercido atividade por pelo menos 30 dias no ano-base (dois anos anteriores) e recebido at\u00e9 dois sal\u00e1rios m\u00ednimos mensais.<\/p>\n\n\n\n<p>Em 2025, o pagamento do PIS\/Pasep ainda seguiu essas regras antigas. Foram contemplados os trabalhadores que, no ano-base de 2023, tiveram renda m\u00e9dia mensal de at\u00e9 dois sal\u00e1rios m\u00ednimos. O valor pago foi proporcional aos meses trabalhados e calculado com base no sal\u00e1rio m\u00ednimo vigente no momento do dep\u00f3sito, chegando a R$ 1.518 para quem trabalhou o ano inteiro.<\/p>\n\n\n\n<p>A partir de 2026, o crit\u00e9rio para determinar quem poder\u00e1 receber o benef\u00edcio mudar\u00e1. Em vez de acompanhar os reajustes do sal\u00e1rio m\u00ednimo, o limite de renda passar\u00e1 a ser atualizado apenas pela infla\u00e7\u00e3o. Com isso, a tend\u00eancia \u00e9 que, gradualmente, menos trabalhadores se enquadrem nas condi\u00e7\u00f5es exigidas para receber o abono.<\/p>\n\n\n\n<p>Segundo estimativas do governo, at\u00e9 2035 o benef\u00edcio deve ser limitado a quem recebeu, no m\u00e1ximo, um sal\u00e1rio m\u00ednimo e meio por m\u00eas no ano-base. Embora o sal\u00e1rio m\u00ednimo continue tendo ganho real durante esse per\u00edodo \u2014 conforme as regras do novo arcabou\u00e7o fiscal \u2014, a faixa de renda para concess\u00e3o do PIS\/Pasep n\u00e3o acompanhar\u00e1 esses aumentos.<\/p>\n\n\n\n<p><\/p>\n","protected":false},"excerpt":{"rendered":"<p>O abono salarial do PIS\/Pasep, benef\u00edcio anual destinado a trabalhadores com carteira assinada, passar\u00e1 por altera\u00e7\u00f5es a partir de 2026. O crit\u00e9rio de renda deixar\u00e1 de ser baseado em dois sal\u00e1rios m\u00ednimos e ser\u00e1 reajustado conforme a infla\u00e7\u00e3o, seguindo o \u00cdndice Nacional de Pre\u00e7os ao Consumidor (INPC). Na pr\u00e1tica, a nova regra deve diminuir, ao [&hellip;]<\/p>\n","protected":false},"author":4,"featured_media":2120,"comment_status":"open","ping_status":"open","sticky":false,"template":"","format":"standard","meta":{"jnews-multi-image_gallery":[],"jnews_single_post":[],"jnews_primary_category":[],"jnews_social_meta":[],"jnews_post_split":[],"footnotes":""},"categories":[1],"tags":[],"class_list":["post-9452","post","type-post","status-publish","format-standard","has-post-thumbnail","hentry","category-uncategorized"],"_links":{"self":[{"href":"https:\/\/diariodepernambuco.audiencelabs.com.br\/wp-json\/wp\/v2\/posts\/9452","targetHints":{"allow":["GET"]}}],"collection":[{"href":"https:\/\/diariodepernambuco.audiencelabs.com.br\/wp-json\/wp\/v2\/posts"}],"about":[{"href":"https:\/\/diariodepernambuco.audiencelabs.com.br\/wp-json\/wp\/v2\/types\/post"}],"author":[{"embeddable":true,"href":"https:\/\/diariodepernambuco.audiencelabs.com.br\/wp-json\/wp\/v2\/users\/4"}],"replies":[{"embeddable":true,"href":"https:\/\/diariodepernambuco.audiencelabs.com.br\/wp-json\/wp\/v2\/comments?post=9452"}],"version-history":[{"count":2,"href":"https:\/\/diariodepernambuco.audiencelabs.com.br\/wp-json\/wp\/v2\/posts\/9452\/revisions"}],"predecessor-version":[{"id":9455,"href":"https:\/\/diariodepernambuco.audiencelabs.com.br\/wp-json\/wp\/v2\/posts\/9452\/revisions\/9455"}],"wp:featuredmedia":[{"embeddable":true,"href":"https:\/\/diariodepernambuco.audiencelabs.com.br\/wp-json\/wp\/v2\/media\/2120"}],"wp:attachment":[{"href":"https:\/\/diariodepernambuco.audiencelabs.com.br\/wp-json\/wp\/v2\/media?parent=9452"}],"wp:term":[{"taxonomy":"category","embeddable":true,"href":"https:\/\/diariodepernambuco.audiencelabs.com.br\/wp-json\/wp\/v2\/categories?post=9452"},{"taxonomy":"post_tag","embeddable":true,"href":"https:\/\/diariodepernambuco.audiencelabs.com.br\/wp-json\/wp\/v2\/tags?post=9452"}],"curies":[{"name":"wp","href":"https:\/\/api.w.org\/{rel}","templated":true}]}}