{"id":9462,"date":"2025-11-17T13:13:54","date_gmt":"2025-11-17T16:13:54","guid":{"rendered":"https:\/\/diariodepernambuco.audiencelabs.com.br\/?p=9462"},"modified":"2025-11-17T13:14:01","modified_gmt":"2025-11-17T16:14:01","slug":"2-estados-brasileiros-vao-enfrentar-chuvas-fortes-no-inicio-da-semana","status":"publish","type":"post","link":"https:\/\/diariodepernambuco.audiencelabs.com.br\/2-estados-brasileiros-vao-enfrentar-chuvas-fortes-no-inicio-da-semana\/","title":{"rendered":"2 estados brasileiros v\u00e3o enfrentar chuvas fortes no in\u00edcio da semana"},"content":{"rendered":"\n<p>Os tr\u00eas estados do Sul do Brasil passaram o fim de semana sob forte instabilidade. A combina\u00e7\u00e3o de ar quente, umidade alta e a chegada de uma frente fria provocou uma sequ\u00eancia de temporais que trouxe raios, rajadas de vento, granizo em pontos isolados e grandes volumes de chuva. <\/p>\n\n\n\n<p>Agora, segundo o Instituto Nacional de Meteorologia (<a href=\"https:\/\/portal.inmet.gov.br\/\" target=\"_blank\" rel=\"noopener\"><strong>Inmet<\/strong><\/a>), a partir desta segunda feira, 17 de novembro de 2025, o foco de aten\u00e7\u00e3o se concentra em dois estados. Santa Catarina e Paran\u00e1 iniciam a semana sob risco elevado de novos epis\u00f3dios de chuva intensa.<\/p>\n\n\n\n<h2 class=\"wp-block-heading\">2 estados brasileiros v\u00e3o enfrentar chuvas fortes no in\u00edcio da semana<\/h2>\n\n\n\n<p>O fim de semana foi marcado por condi\u00e7\u00f5es t\u00edpicas de ver\u00e3o antecipado, embora ainda em novembro. <\/p>\n\n\n\n<p>No Rio Grande do Sul, o calor de s\u00e1bado criou um ambiente favor\u00e1vel para nuvens carregadas, que se espalharam rapidamente no domingo. \u00c0 medida que o sistema avan\u00e7ou para o norte, Santa Catarina e Paran\u00e1 enfrentaram pancadas fortes que se intensificaram ao longo do dia. <\/p>\n\n\n\n<p>Em v\u00e1rias cidades catarinenses houve registro de alagamentos repentinos, enquanto no Paran\u00e1 rajadas acima de 80 km por hora derrubaram galhos e deixaram bairros sem energia. <\/p>\n\n\n\n<p>No oeste e no sul desses estados, houve relatos de granizo associado a c\u00e9lulas de tempestade formadas em curto espa\u00e7o de tempo. <\/p>\n\n\n\n<p>A <a href=\"https:\/\/diariodepernambuco.com.br\/dpmais\/8-estados-recebem-noticia-urgente-sobre-tempestade-de-granizos\/\" target=\"_blank\" rel=\"noopener\"><strong>instabilidade <\/strong><\/a>tamb\u00e9m se estendeu para \u00e1reas do Sudeste e Centro Oeste, mas com efeitos menores e mais irregulares.<\/p>\n\n\n\n<h3 class=\"wp-block-heading\">2 estados enfrentam chuvas fortes nesta segunda-feira (17)<\/h3>\n\n\n\n<p>Para esta segunda feira, a previs\u00e3o mant\u00e9m o alerta ligado principalmente em Santa Catarina. O estado deve receber volumes significativos de chuva ao longo do dia, com possibilidade de acumulados altos em poucas horas. <\/p>\n\n\n\n<p>A presen\u00e7a da frente fria estacionada sobre a regi\u00e3o aumenta o risco de alagamentos, queda de \u00e1rvores e interrup\u00e7\u00f5es pontuais no fornecimento de energia. O litoral catarinense tamb\u00e9m pode registrar ventos fortes, j\u00e1 que as rajadas tendem a ganhar intensidade no in\u00edcio da tarde. <\/p>\n\n\n\n<p>A temperatura n\u00e3o deve subir muito, mas o tempo permanece abafado, o que facilita a forma\u00e7\u00e3o de novas \u00e1reas de instabilidade.<\/p>\n\n\n\n<p>No Paran\u00e1, o cen\u00e1rio n\u00e3o \u00e9 menos preocupante. A segunda feira come\u00e7a com c\u00e9u carregado em grande parte do estado e previs\u00e3o de chuvas persistentes, que podem se intensificar entre o fim da manh\u00e3 e o fim da tarde. <\/p>\n\n\n\n<p>Regi\u00f5es do sul e do oeste s\u00e3o as mais vulner\u00e1veis, especialmente onde o solo j\u00e1 est\u00e1 encharcado desde o domingo. Curitiba deve ter um dia cinzento, com chuva frequente e vento moderado. <\/p>\n\n\n\n<p>A recomenda\u00e7\u00e3o das autoridades \u00e9 evitar deslocamentos desnecess\u00e1rios, acompanhar os avisos meteorol\u00f3gicos e ficar atento a \u00e1reas pr\u00f3ximas de rios que possam subir rapidamente.<\/p>\n\n\n\n<p><\/p>\n","protected":false},"excerpt":{"rendered":"<p>Os tr\u00eas estados do Sul do Brasil passaram o fim de semana sob forte instabilidade. A combina\u00e7\u00e3o de ar quente, umidade alta e a chegada de uma frente fria provocou uma sequ\u00eancia de temporais que trouxe raios, rajadas de vento, granizo em pontos isolados e grandes volumes de chuva. Agora, segundo o Instituto Nacional de [&hellip;]<\/p>\n","protected":false},"author":12,"featured_media":9463,"comment_status":"open","ping_status":"open","sticky":false,"template":"","format":"standard","meta":{"jnews-multi-image_gallery":[],"jnews_single_post":{"format":"standard"},"jnews_primary_category":[],"jnews_social_meta":[],"jnews_post_split":[],"footnotes":""},"categories":[1],"tags":[],"class_list":["post-9462","post","type-post","status-publish","format-standard","has-post-thumbnail","hentry","category-uncategorized"],"_links":{"self":[{"href":"https:\/\/diariodepernambuco.audiencelabs.com.br\/wp-json\/wp\/v2\/posts\/9462","targetHints":{"allow":["GET"]}}],"collection":[{"href":"https:\/\/diariodepernambuco.audiencelabs.com.br\/wp-json\/wp\/v2\/posts"}],"about":[{"href":"https:\/\/diariodepernambuco.audiencelabs.com.br\/wp-json\/wp\/v2\/types\/post"}],"author":[{"embeddable":true,"href":"https:\/\/diariodepernambuco.audiencelabs.com.br\/wp-json\/wp\/v2\/users\/12"}],"replies":[{"embeddable":true,"href":"https:\/\/diariodepernambuco.audiencelabs.com.br\/wp-json\/wp\/v2\/comments?post=9462"}],"version-history":[{"count":1,"href":"https:\/\/diariodepernambuco.audiencelabs.com.br\/wp-json\/wp\/v2\/posts\/9462\/revisions"}],"predecessor-version":[{"id":9464,"href":"https:\/\/diariodepernambuco.audiencelabs.com.br\/wp-json\/wp\/v2\/posts\/9462\/revisions\/9464"}],"wp:featuredmedia":[{"embeddable":true,"href":"https:\/\/diariodepernambuco.audiencelabs.com.br\/wp-json\/wp\/v2\/media\/9463"}],"wp:attachment":[{"href":"https:\/\/diariodepernambuco.audiencelabs.com.br\/wp-json\/wp\/v2\/media?parent=9462"}],"wp:term":[{"taxonomy":"category","embeddable":true,"href":"https:\/\/diariodepernambuco.audiencelabs.com.br\/wp-json\/wp\/v2\/categories?post=9462"},{"taxonomy":"post_tag","embeddable":true,"href":"https:\/\/diariodepernambuco.audiencelabs.com.br\/wp-json\/wp\/v2\/tags?post=9462"}],"curies":[{"name":"wp","href":"https:\/\/api.w.org\/{rel}","templated":true}]}}