{"id":9473,"date":"2025-11-17T14:15:08","date_gmt":"2025-11-17T17:15:08","guid":{"rendered":"https:\/\/diariodepernambuco.audiencelabs.com.br\/?p=9473"},"modified":"2025-11-18T14:15:43","modified_gmt":"2025-11-18T17:15:43","slug":"oficial-argentina-pega-todos-de-supresa-e-esta-fora-da-copa-do-mundo","status":"publish","type":"post","link":"https:\/\/diariodepernambuco.audiencelabs.com.br\/oficial-argentina-pega-todos-de-supresa-e-esta-fora-da-copa-do-mundo\/","title":{"rendered":"Oficial! Argentina pega todos de supresa e est\u00e1 fora da Copa do Mundo"},"content":{"rendered":"\n<p>Atual campe\u00e3 da Copa do Mundo, a Argentina se prepara para defender o t\u00edtulo no pr\u00f3ximo ano, quando o mundial ser\u00e1 disputado nos tr\u00eas pa\u00edses da Am\u00e9rica do Norte: Estados Unidos, M\u00e9xico e Canad\u00e1. Antes, no entanto, os &#8220;hermanos&#8221; tiveram uma forte decep\u00e7\u00e3o na categoria sub-17, onde buscavam o seu primeiro trofeu do torneio.<\/p>\n\n\n\n<p>Ap\u00f3s somar tr\u00eas vit\u00f3rias em tr\u00eas jogos na fase de grupos (3 a 2 sobre a B\u00e9lgica, 1 a 0 sobre a Tun\u00edsia e 7 a 0 sobre Fiji), a Argentina n\u00e3o foi p\u00e1reo para o M\u00e9xico na segunda fase. Depois de empatarem por 2 a 2 no tempo normal, argentinos e mexicanos decidiram a vaga para as oitavas de final com os hermanos sendo derrotados: 5 a 4.<\/p>\n\n\n\n<h2 class=\"wp-block-heading\">Argentina perdeu para o M\u00e9xico<\/h2>\n\n\n<div class=\"wp-block-image\">\n<figure class=\"aligncenter size-full is-resized\"><img loading=\"lazy\" decoding=\"async\" width=\"984\" height=\"579\" src=\"https:\/\/diariodepernambuco.audiencelabs.com.br\/wp-content\/uploads\/2025\/11\/Mundial-Sub-17.avif\" alt=\"\" class=\"wp-image-9482\" style=\"width:556px;height:auto\" srcset=\"https:\/\/diariodepernambuco.audiencelabs.com.br\/wp-content\/uploads\/2025\/11\/Mundial-Sub-17.avif 984w, https:\/\/diariodepernambuco.audiencelabs.com.br\/wp-content\/uploads\/2025\/11\/Mundial-Sub-17-300x177.avif 300w, https:\/\/diariodepernambuco.audiencelabs.com.br\/wp-content\/uploads\/2025\/11\/Mundial-Sub-17-768x452.avif 768w, https:\/\/diariodepernambuco.audiencelabs.com.br\/wp-content\/uploads\/2025\/11\/Mundial-Sub-17-750x441.avif 750w\" sizes=\"auto, (max-width: 984px) 100vw, 984px\" \/><figcaption class=\"wp-element-caption\">Ta\u00e7a do Mundial Sub-17 \u2014 Foto: Divulga\u00e7\u00e3o \/ Fifa<\/figcaption><\/figure>\n<\/div>\n\n\n<p>Com a queda da Argentina, o futebol sul-americano agora conta apenas com o Brasil. Depois de superar o Paraguai, tamb\u00e9m nos p\u00eanaltis, os meninos do Sub-17 enfrentam a forte Fran\u00e7a \u00e0s 10h30 (de Bras\u00edlia) desta ter\u00e7a-feira (18). O vencedor do confronto enfrenta quem passar de Marrocos e Mali, que se encontram \u00e0s 10h (tamb\u00e9m de Bras\u00edlia).<\/p>\n\n\n<style>@media (min-width: 992px) {\n    .recomendadorV2Area1 {\n        width: 280px;\n    }\n    .recomendadorV2Area2 {\n        padding: 0px 20px;\n        width: calc(100% - 280px);\n    }\n}\n\n@media (max-width: 992px) {\n    .recomendadorV2Button {\n        margin: 0 auto;\n    }\n    .recomendadorV2Area {\n        flex-direction: column;\n        text-align: center;\n    }\n    .recomendadorV2Area2 {\n        padding: 0px 20px;\n    }\n}\n\n.recomendadorV2Area {\n    background: #eeeeee3d;\n    border-radius: 10px;\n    padding: 15px;\n    display: flex;\n    margin: 15px auto;\n    border: 1px solid #00000014;\n    max-width: 800px;\n}\n\n.recomendadorV2Area1 img {\n    width: 280px;\n    height: auto;\n    border-radius: 8px;\n}\n\n.linkrecomendadorv2 {\n    text-decoration: none !important;\n}\n\n.recomendadorV2Area2 .recomendadorV2Type {\n    text-transform: uppercase;\n    font-weight: 500;\n    font-size: 11px;\n    letter-spacing: 2px;\n    color: #666;\n    margin: 12px 0;\n    display: block;\n}\n\n.recomendadorV2Title h2 {\n    padding-top: 0px !important;\n    margin: 0px !important;\n    border-left: none !important;\n    padding-left: 0px !important;\n    line-height: 1.3;\n    color: #000 !important;\n    font-size: 24px;\n    margin-bottom: 12px !important;\n}\n\n.recomendadorV2Desc {\n    color: #333;\n    margin: 12px 0px !important;\n    font-size: 15px;\n    line-height: 1.5;\n}\n\n.recomendadorV2Button {\n    width: auto;\n    max-width: 200px;\n    margin: 0;\n    display: inline-flex;\n    align-items: center;\n    background: #1D3557;\n    border-radius: 8px;\n    color: #fff;\n    height: 36px;\n    justify-content: center;\n    text-align: center;\n    font-size: 14px;\n    padding: 0 20px;\n    transition: background-color 0.2s ease;\n}\n\n.recomendadorV2Button:hover {\n    background: #2a4d7a;\n}\n\n.recomendadorV2Button:after {\n    margin-top: -2px;\n    content: \"\u2192\";\n    padding: 0px 0px 0px 8px;\n}\n\n.recomendadorV2Alert {\n    text-align: left;\n    font-size: 11px;\n    margin-top: 8px;\n    color: #666;\n}\n\n.recomendadorFixedArea {\n    width: 100%;\n    display: flex;\n    justify-content: center;\n    align-items: center;\n}\n\n@media (min-width: 992px) {\n    #recomendadorFixed {\n        width: 32% !important;\n        left: 5%;\n    }\n    .recomendadorCloseFixed{\n        right: inherit !important;\n        left: 378px !important;\n    }\n}\n\n#recomendadorFixed {\n    width: 90%;\n    box-shadow: 0 10px 20px 0px #00000057;\n    display: none;\n    height: 90px;\n    background: #F6F6F6;\n    position: fixed;\n    flex-direction: row;\n    bottom: 10px;\n    z-index: 9999;\n    border-radius: 16px;\n    padding: 7px 10px;\n}\n\n.recomendadorLeftArea {\n    width: 160px;\n}\n\n.recomendadorRightArea h2 {\n    padding-top: 0px;\n    margin: 2px 0px 4px 0px !important;\n    font-weight: 400;\n    text-align: center;\n    padding-left: 0px !important;\n    color: #000 !important;\n    border-left: none !important;\n    line-height: 20px;\n    font-size: 12px !important;\n}\n\n.recomendadorImgFixed {\n    overflow: hidden;\n    padding: 8px 6px;\n    height: 100%;\n}\n\n.recomendadorImgFixed img {\n    height: 100% !important;\n    border-radius: 16px;\n}\n\n.recomendadorRightArea {\n    padding-top: 6px;\n    display: flex;\n    width: calc(100% - 130px);\n    justify-content: space-between;\n    align-items: center;\n    flex-direction: column;\n}\n\n.recomendadorButtonFixed {\n    margin: 0 auto;\n    background: #1D3557;\n    width: 80%;\n    text-align: center;\n    font-size: 10px;\n    color: #FFF;\n    padding: 2px 10px;\n    border-radius: 3px;\n}\n\n.recomendadorButtonFixed:after {\n    margin-top: -3px;\n    content: \"\u2192\";\n    padding: 0px 0px 0px 10px;\n}\n\n.recomendadorAlertFixed {\n    font-weight: 400;\n    text-align: center;\n    color: #484848;\n    font-size: 8px;\n}\n\n.recomendadorCloseFixed {\n    z-index: 99999;\n    display: none;\n    right: 0px;\n    left: inherit;\n    bottom: 99px;\n    position: fixed;\n    justify-content: center;\n    background: #F6F6F6;\n    width: 25px;\n    align-items: center;\n    height: 25px;\n    font-weight: 800;\n    border-radius: 50%;\n    border: 1px solid #EBEBEB;\n}\n\n.recomendadorV2Desc{\n    color: #000000;\n    margin: 20px 0px;\n}\n\n@media (max-width: 576px) {\n    .recomendadorV2Area {\n      padding: 10px;\n      max-width: 100%;\n    }\n  \n    .recomendadorV2Area1 img {\n      width: 100%;\n      border-radius: 6px;\n    }\n  \n    .recomendadorV2Area2 .recomendadorV2Type {\n      font-size: 9px;\n      letter-spacing: 1px;\n      margin: 8px 0;\n    }\n  \n    .recomendadorV2Title h2 {\n      font-size: 18px !important;\n      margin-bottom: 8px !important;\n      line-height: 1.2;\n    }\n  \n    .recomendadorV2Desc {\n      font-size: 14px;\n      margin: 8px 0 !important;\n      line-height: 1.4;\n    }\n  \n    .recomendadorV2Button {\n      font-size: 12px;\n      height: 30px;\n      padding: 0 12px;\n      max-width: 160px;\n    }\n  \n    .recomendadorV2Button:after {\n      padding-left: 6px;\n    }\n  }\n  <\/style>\n        <div class=\"lazyblock-recomendador-v2-2jDGz wp-block-lazyblock-recomendador-v2\">\n        <a class=\"linkrecomendadorv2\" href=\"https:\/\/diariodepernambuco.com.br\/dpmais\/justica-surpreende-e-ordena-fechamento-imediato-no-palmeiras-clube-entra-em-desespero\/?utm_source=lazy\" target=\"_blank\" rel=\"noopener\">\n            <div class=\"recomendadorV2Area\">\n            <div class=\"recomendadorV2Area1\">\n                <div class=\"recomendadorV2Img\">\n                <img class=\"lazyloaded\" decoding=\"async\" src=\"https:\/\/diariodepernambuco.com.br\/dpmais\/wp-content\/uploads\/2025\/11\/Academia-de-Futebol-Palmeiras-1-1140x570.jpg\" data-src=\"https:\/\/diariodepernambuco.com.br\/dpmais\/wp-content\/uploads\/2025\/11\/Academia-de-Futebol-Palmeiras-1-1140x570.jpg\" alt=\"\">\n                <\/div>\n            <\/div>\n            <div class=\"recomendadorV2Area2\">\n                <div class=\"recomendadorV2Type\">\n                    <span>Not\u00edcia Urgente<\/span>\n                <\/div>\n                <div class=\"recomendadorV2Title\">\n                <h2><span>Palmeiras em alerta \u26bd<\/span><\/h2>\n                <\/div>\n                <div class=\"recomendadorV2Desc\">\n                <span>Justi\u00e7a ordena fechamento imediato<\/span>\n                <\/div>\n                <div class=\"recomendadorV2Button\">Leia mais<\/div>\n                <div class=\"recomendadorV2Alert\"><\/div>\n            <\/div>\n            <\/div>\n        <\/a>\n        <div>\n            <div style=\"z-index:99999;\" id=\"buttonClose\" onclick=\"closeRecomendadorFixed()\">\n            <div class=\"recomendadorCloseFixed\">X<\/div>\n            <\/div>\n            <a href=\"https:\/\/diariodepernambuco.com.br\/dpmais\/justica-surpreende-e-ordena-fechamento-imediato-no-palmeiras-clube-entra-em-desespero\/?utm_source=lazy\" target=\"_blank\" rel=\"noopener\">\n            <div class=\"recomendadorFixedArea\">\n                <div id=\"recomendadorFixed\">\n                <div class=\"recomendadorLeftArea\">\n                    <div class=\"recomendadorImgFixed\">\n                    <img class=\"lazyload\" decoding=\"async\" src=\"https:\/\/diariodepernambuco.com.br\/dpmais\/wp-content\/uploads\/2025\/11\/Academia-de-Futebol-Palmeiras-1-1140x570.jpg\" alt=\"\">\n                    <\/div>\n                <\/div>\n                <div class=\"recomendadorRightArea\">\n                    <div class=\"recomendadorTitleFixed\">\n                    <h2><span>Palmeiras em alerta \u26bd<\/span><\/h2>\n                    <\/div>\n                    <div class=\"recomendadorButtonFixed\">Leia mais<\/div>\n                    <div class=\"recomendadorAlertFixed\"><\/div>\n                <\/div>\n                <\/div>\n            <\/div>\n            <\/a>\n        <\/div>\n        <\/div>\n\n\n\n<p>O Brasil \u00e9 o maior vencedor do Mundial Sub-17 com quatro conquistas (1997, 1999, 2003 e 2019) ao lado da Nig\u00e9ria (1993, 2007, 2013 e 2015). Gana (1991 e 1995), M\u00e9xico (2005 e 2011), Fran\u00e7a (2001), Alemanha (2023), Su\u00ed\u00e7a (2009) e Inglaterra (2017) completam o rol de campe\u00f5es.<\/p>\n\n\n\n<h2 class=\"wp-block-heading\">As oitavas de final do Mundial Sub-17<\/h2>\n\n\n\n<ul class=\"wp-block-list\">\n<li>18\/11, 09h30 &#8211; It\u00e1lia x Uzbequist\u00e3o<\/li>\n\n\n\n<li>18\/11, 09h30 &#8211; Uganda x Burkina Faso<\/li>\n\n\n\n<li>18\/11, 10h00 &#8211; M\u00e9xico x Portugal<\/li>\n\n\n\n<li>18\/11, 10h30 &#8211; Brasil x Fran\u00e7a<\/li>\n\n\n\n<li>18\/11, 11h45 &#8211; Su\u00ed\u00e7a x Irlanda<\/li>\n\n\n\n<li>18\/11, 12h15 &#8211; Coreia do Norte x Jap\u00e3o<\/li>\n\n\n\n<li>18\/11, 12h45 &#8211; Marrocos x Mali<\/li>\n\n\n\n<li>18\/11, 12h45 &#8211; \u00c1ustria x Inglaterra<\/li>\n<\/ul>\n\n\n\n<p><\/p>\n","protected":false},"excerpt":{"rendered":"<p>Atual campe\u00e3 da Copa do Mundo, a Argentina se prepara para defender o t\u00edtulo no pr\u00f3ximo ano, quando o mundial ser\u00e1 disputado nos tr\u00eas pa\u00edses da Am\u00e9rica do Norte: Estados Unidos, M\u00e9xico e Canad\u00e1. Antes, no entanto, os &#8220;hermanos&#8221; tiveram uma forte decep\u00e7\u00e3o na categoria sub-17, onde buscavam o seu primeiro trofeu do torneio. Ap\u00f3s [&hellip;]<\/p>\n","protected":false},"author":4,"featured_media":9477,"comment_status":"open","ping_status":"open","sticky":false,"template":"","format":"standard","meta":{"jnews-multi-image_gallery":[],"jnews_single_post":{"format":"standard"},"jnews_primary_category":[],"jnews_social_meta":[],"jnews_post_split":[],"footnotes":""},"categories":[1],"tags":[],"class_list":["post-9473","post","type-post","status-publish","format-standard","has-post-thumbnail","hentry","category-uncategorized"],"_links":{"self":[{"href":"https:\/\/diariodepernambuco.audiencelabs.com.br\/wp-json\/wp\/v2\/posts\/9473","targetHints":{"allow":["GET"]}}],"collection":[{"href":"https:\/\/diariodepernambuco.audiencelabs.com.br\/wp-json\/wp\/v2\/posts"}],"about":[{"href":"https:\/\/diariodepernambuco.audiencelabs.com.br\/wp-json\/wp\/v2\/types\/post"}],"author":[{"embeddable":true,"href":"https:\/\/diariodepernambuco.audiencelabs.com.br\/wp-json\/wp\/v2\/users\/4"}],"replies":[{"embeddable":true,"href":"https:\/\/diariodepernambuco.audiencelabs.com.br\/wp-json\/wp\/v2\/comments?post=9473"}],"version-history":[{"count":4,"href":"https:\/\/diariodepernambuco.audiencelabs.com.br\/wp-json\/wp\/v2\/posts\/9473\/revisions"}],"predecessor-version":[{"id":9597,"href":"https:\/\/diariodepernambuco.audiencelabs.com.br\/wp-json\/wp\/v2\/posts\/9473\/revisions\/9597"}],"wp:featuredmedia":[{"embeddable":true,"href":"https:\/\/diariodepernambuco.audiencelabs.com.br\/wp-json\/wp\/v2\/media\/9477"}],"wp:attachment":[{"href":"https:\/\/diariodepernambuco.audiencelabs.com.br\/wp-json\/wp\/v2\/media?parent=9473"}],"wp:term":[{"taxonomy":"category","embeddable":true,"href":"https:\/\/diariodepernambuco.audiencelabs.com.br\/wp-json\/wp\/v2\/categories?post=9473"},{"taxonomy":"post_tag","embeddable":true,"href":"https:\/\/diariodepernambuco.audiencelabs.com.br\/wp-json\/wp\/v2\/tags?post=9473"}],"curies":[{"name":"wp","href":"https:\/\/api.w.org\/{rel}","templated":true}]}}