{"id":9475,"date":"2025-11-18T06:14:00","date_gmt":"2025-11-18T09:14:00","guid":{"rendered":"https:\/\/diariodepernambuco.audiencelabs.com.br\/?p=9475"},"modified":"2025-11-17T14:18:34","modified_gmt":"2025-11-17T17:18:34","slug":"nova-mudanca-no-pagamento-do-ipva-faz-motoristas-pularem-de-alegria","status":"publish","type":"post","link":"https:\/\/diariodepernambuco.audiencelabs.com.br\/nova-mudanca-no-pagamento-do-ipva-faz-motoristas-pularem-de-alegria\/","title":{"rendered":"Nova mudan\u00e7a no pagamento do IPVA faz motoristas pularem de alegria"},"content":{"rendered":"\n<p>Uma mudan\u00e7a recente nas regras de pagamento do IPVA deixou motoristas de um estado brasileiro com motivos de sobra para comemorar. A partir do pr\u00f3ximo ano, quem possui ve\u00edculo registrado na regi\u00e3o vai encontrar boletos muito mais leves. <\/p>\n\n\n\n<p>O governo local aprovou uma redu\u00e7\u00e3o significativa nas al\u00edquotas do imposto e, com isso, o estado passar\u00e1 a registrar o menor valor m\u00e9dio do pa\u00eds. <\/p>\n\n\n\n<p>A not\u00edcia correu r\u00e1pido entre motoristas, empresas de transporte e trabalhadores que dependem do pr\u00f3prio ve\u00edculo para ganhar a vida.<\/p>\n\n\n\n<h2 class=\"wp-block-heading\">Nova mudan\u00e7a no pagamento do IPVA faz motoristas pularem de alegria<\/h2>\n\n\n\n<p>A novidade vem do<a href=\"http:\/\/online.sefaz.am.gov.br\/ipva\/ipva.asp\" target=\"_blank\" rel=\"noopener\"><strong> Amazonas<\/strong><\/a>. O governador Wilson Lima sancionou uma nova legisla\u00e7\u00e3o que reformula o IPVA Social, ampliando o n\u00famero de isen\u00e7\u00f5es e diminuindo pela metade as al\u00edquotas cobradas. <\/p>\n\n\n\n<p>A assinatura ocorreu durante uma coletiva realizada na Arena da Amaz\u00f4nia e marca uma das principais a\u00e7\u00f5es do pacote econ\u00f4mico anunciado pela gest\u00e3o estadual. <\/p>\n\n\n\n<p>As mudan\u00e7as, que entram em vigor em janeiro de 2026, v\u00e3o atingir tanto ve\u00edculos particulares como aqueles usados para atividades profissionais.<\/p>\n\n\n\n<p>Um dos pontos mais celebrados \u00e9 o aumento expressivo do n\u00famero de ve\u00edculos isentos. A previs\u00e3o do governo \u00e9 que a quantidade de modelos liberados do pagamento avance para cerca de 425 mil, um salto em rela\u00e7\u00e3o aos pouco mais de 240 mil que j\u00e1 n\u00e3o recolhiam o tributo. <\/p>\n\n\n\n<p>A medida tem impacto direto sobre motociclistas, que representam grande parte da frota amazonense. <\/p>\n\n\n\n<p>Segundo o governo, praticamente todos os condutores de motos de baixa cilindrada estar\u00e3o dispensados, j\u00e1 que o imposto continuar\u00e1 sendo cobrado apenas de modelos acima de mil cilindradas.<\/p>\n\n\n\n<p>Al\u00e9m disso, todos os segmentos ter\u00e3o redu\u00e7\u00e3o nas al\u00edquotas. Carros populares e motos de at\u00e9 mil cilindradas pagar\u00e3o metade do que pagam hoje. SUVs, picapes e ve\u00edculos mais potentes tamb\u00e9m ter\u00e3o corte de 50 por cento. <\/p>\n\n\n\n<p>A diminui\u00e7\u00e3o alcan\u00e7a ainda caminh\u00f5es, tratores, \u00f4nibus e ve\u00edculos voltados ao transporte escolar e coletivo. No caso do transporte escolar, vale apenas para os registrados no Detran Amazonas.<\/p>\n\n\n\n<h3 class=\"wp-block-heading\">Redu\u00e7\u00e3o no IPVA 2026 no Amazonas deve estimular a economia, diz governador<\/h3>\n\n\n\n<p>O governo argumenta que a decis\u00e3o n\u00e3o s\u00f3 alivia o bolso do contribuinte como tamb\u00e9m estimula a movimenta\u00e7\u00e3o econ\u00f4mica. <\/p>\n\n\n\n<p>A expectativa \u00e9 que a queda no IPVA motive a troca de ve\u00edculos, o aumento da frota de pequenas empresas e a renova\u00e7\u00e3o de modelos usados profissionalmente. Isso pode refletir em mais circula\u00e7\u00e3o de renda e mais oportunidades de trabalho.<\/p>\n\n\n\n<p>Embora sancionada, a mudan\u00e7a ainda n\u00e3o aparece nos boletos deste ano. Todo o pacote passa a valer <a href=\"https:\/\/diariodepernambuco.com.br\/dpmais\/idosos-nao-vao-precisar-pagar-o-ipva-em-2026\/\" target=\"_blank\" rel=\"noopener\"><strong>somente em 2026,<\/strong><\/a> mas a confirma\u00e7\u00e3o oficial j\u00e1 fez muitos motoristas comemorarem como se o desconto tivesse chegado hoje.<\/p>\n\n\n\n<p><\/p>\n","protected":false},"excerpt":{"rendered":"<p>Uma mudan\u00e7a recente nas regras de pagamento do IPVA deixou motoristas de um estado brasileiro com motivos de sobra para comemorar. A partir do pr\u00f3ximo ano, quem possui ve\u00edculo registrado na regi\u00e3o vai encontrar boletos muito mais leves. O governo local aprovou uma redu\u00e7\u00e3o significativa nas al\u00edquotas do imposto e, com isso, o estado passar\u00e1 [&hellip;]<\/p>\n","protected":false},"author":12,"featured_media":9476,"comment_status":"open","ping_status":"open","sticky":false,"template":"","format":"standard","meta":{"jnews-multi-image_gallery":[],"jnews_single_post":{"format":"standard"},"jnews_primary_category":[],"jnews_social_meta":[],"jnews_post_split":[],"footnotes":""},"categories":[1],"tags":[],"class_list":["post-9475","post","type-post","status-publish","format-standard","has-post-thumbnail","hentry","category-uncategorized"],"_links":{"self":[{"href":"https:\/\/diariodepernambuco.audiencelabs.com.br\/wp-json\/wp\/v2\/posts\/9475","targetHints":{"allow":["GET"]}}],"collection":[{"href":"https:\/\/diariodepernambuco.audiencelabs.com.br\/wp-json\/wp\/v2\/posts"}],"about":[{"href":"https:\/\/diariodepernambuco.audiencelabs.com.br\/wp-json\/wp\/v2\/types\/post"}],"author":[{"embeddable":true,"href":"https:\/\/diariodepernambuco.audiencelabs.com.br\/wp-json\/wp\/v2\/users\/12"}],"replies":[{"embeddable":true,"href":"https:\/\/diariodepernambuco.audiencelabs.com.br\/wp-json\/wp\/v2\/comments?post=9475"}],"version-history":[{"count":1,"href":"https:\/\/diariodepernambuco.audiencelabs.com.br\/wp-json\/wp\/v2\/posts\/9475\/revisions"}],"predecessor-version":[{"id":9485,"href":"https:\/\/diariodepernambuco.audiencelabs.com.br\/wp-json\/wp\/v2\/posts\/9475\/revisions\/9485"}],"wp:featuredmedia":[{"embeddable":true,"href":"https:\/\/diariodepernambuco.audiencelabs.com.br\/wp-json\/wp\/v2\/media\/9476"}],"wp:attachment":[{"href":"https:\/\/diariodepernambuco.audiencelabs.com.br\/wp-json\/wp\/v2\/media?parent=9475"}],"wp:term":[{"taxonomy":"category","embeddable":true,"href":"https:\/\/diariodepernambuco.audiencelabs.com.br\/wp-json\/wp\/v2\/categories?post=9475"},{"taxonomy":"post_tag","embeddable":true,"href":"https:\/\/diariodepernambuco.audiencelabs.com.br\/wp-json\/wp\/v2\/tags?post=9475"}],"curies":[{"name":"wp","href":"https:\/\/api.w.org\/{rel}","templated":true}]}}