{"id":9486,"date":"2025-11-20T15:45:00","date_gmt":"2025-11-20T18:45:00","guid":{"rendered":"https:\/\/diariodepernambuco.audiencelabs.com.br\/?p=9486"},"modified":"2025-11-17T15:33:09","modified_gmt":"2025-11-17T18:33:09","slug":"fortuna-de-luciano-hang-deixa-apresentador-da-globo-se-sentindo-pobre","status":"publish","type":"post","link":"https:\/\/diariodepernambuco.audiencelabs.com.br\/fortuna-de-luciano-hang-deixa-apresentador-da-globo-se-sentindo-pobre\/","title":{"rendered":"Fortuna de Luciano Hang deixa apresentador da Globo se sentindo pobre"},"content":{"rendered":"\n<p>Luciano Hang \u00e9 hoje um dos empres\u00e1rios mais ricos do Brasil. Seu nome nem sempre desperta o mesmo reconhecimento imediato que o de uma grande figura da TV, mas seus n\u00fameros financeiros ocupam o topo das listas de bilion\u00e1rios do varejo. <\/p>\n\n\n\n<p>Criador da Havan e respons\u00e1vel por transformar uma pequena loja de Brusque em uma rede nacional, Hang se consolidou como um dos personagens mais influentes da economia brasileira.<\/p>\n\n\n\n<p> E, apesar de dividir o primeiro nome com um dos apresentadores mais conhecidos da Globo, sua fortuna alcan\u00e7a um patamar que deixa qualquer compara\u00e7\u00e3o distante.<\/p>\n\n\n\n<h2 class=\"wp-block-heading\">Fortuna de Luciano Hang deixa apresentador da Globo se sentindo pobre<\/h2>\n\n\n\n<p>O apresentador em quest\u00e3o \u00e9 Luciano Huck, rosto central da programa\u00e7\u00e3o dominical da Globo e um dos comunicadores mais populares do pa\u00eds. Sua trajet\u00f3ria no entretenimento lhe garantiu prest\u00edgio, estabilidade contratual e um dos sal\u00e1rios mais altos da televis\u00e3o. <\/p>\n\n\n\n<p>Estimativas divulgadas por <a href=\"https:\/\/www.youtube.com\/@feltrinoficial\" target=\"_blank\" rel=\"noopener\"><strong>especialistas<\/strong><\/a> do setor de m\u00eddia apontam que Huck recebe algo em torno de quatro milh\u00f5es de reais por m\u00eas, valor impulsionado n\u00e3o s\u00f3 pelo Doming\u00e3o, mas tamb\u00e9m pela participa\u00e7\u00e3o nos resultados comerciais do programa. <\/p>\n\n\n\n<p>Esses n\u00fameros ajudam a dimensionar a import\u00e2ncia dele dentro da emissora. Quanto ao patrim\u00f4nio acumulado, fontes do mercado calculam que ele esteja pr\u00f3ximo de um bilh\u00e3o de reais. <\/p>\n\n\n\n<p>Os valores n\u00e3o s\u00e3o confirmados pelo apresentador nem pela Globo, mas se mant\u00eam como refer\u00eancia adotada por analistas e jornalistas.<\/p>\n\n\n\n<h3 class=\"wp-block-heading\">Luciano Hang acumula uma das maiores fortunas do pa\u00eds<\/h3>\n\n\n\n<p>Mesmo assim, quando o foco se volta para Luciano Hang, o cen\u00e1rio financeiro assume outra escala. A revista Forbes estima que o empres\u00e1rio tenha ultrapassado a marca dos doze bilh\u00f5es de reais. <\/p>\n\n\n\n<p>A diferen\u00e7a \u00e9 t\u00e3o ampla que coloca Hang mais de dez vezes acima das proje\u00e7\u00f5es feitas para Huck. Essa dist\u00e2ncia refor\u00e7a como o setor de varejo, quando bem estruturado, movimenta cifras muito superiores \u00e0s da televis\u00e3o.<\/p>\n\n\n\n<p>A hist\u00f3ria de Hang ajuda a explicar o salto. Desde os anos 1980, ele expandiu a <a href=\"https:\/\/diariodepernambuco.com.br\/dpmais\/dono-da-havan-chegou-proximo-da-falencia-quase-quebrou-e-por-muito-pouco-nao-ficou-pobre\/\" target=\"_blank\" rel=\"noopener\"><strong>Havan<\/strong><\/a> com foco em grandes lojas, variedade de produtos e forte presen\u00e7a em cidades de diferentes portes. <\/p>\n\n\n\n<p>Hoje, a rede opera em todas as regi\u00f5es do pa\u00eds e mant\u00e9m milhares de funcion\u00e1rios. O faturamento anual chega \u00e0 casa dos dezoito bilh\u00f5es de reais, resultado que sustenta planos cont\u00ednuos de expans\u00e3o e a meta de alcan\u00e7ar duzentas unidades em poucos anos.<\/p>\n\n\n\n<p>A compara\u00e7\u00e3o entre os dois Lucianos mostra que fama e riqueza nem sempre caminham juntas. <\/p>\n\n\n\n<p>Huck segue como refer\u00eancia na TV, mas Luciano Hang domina um setor que opera em uma escala muito maior, o que explica por que sua fortuna se destaca tanto e provoca o contraste que chamou a aten\u00e7\u00e3o do p\u00fablico.<\/p>\n","protected":false},"excerpt":{"rendered":"<p>Luciano Hang \u00e9 hoje um dos empres\u00e1rios mais ricos do Brasil. Seu nome nem sempre desperta o mesmo reconhecimento imediato que o de uma grande figura da TV, mas seus n\u00fameros financeiros ocupam o topo das listas de bilion\u00e1rios do varejo. Criador da Havan e respons\u00e1vel por transformar uma pequena loja de Brusque em uma [&hellip;]<\/p>\n","protected":false},"author":12,"featured_media":9487,"comment_status":"open","ping_status":"open","sticky":false,"template":"","format":"standard","meta":{"jnews-multi-image_gallery":[],"jnews_single_post":{"format":"standard"},"jnews_primary_category":[],"jnews_social_meta":[],"jnews_post_split":[],"footnotes":""},"categories":[1],"tags":[],"class_list":["post-9486","post","type-post","status-publish","format-standard","has-post-thumbnail","hentry","category-uncategorized"],"_links":{"self":[{"href":"https:\/\/diariodepernambuco.audiencelabs.com.br\/wp-json\/wp\/v2\/posts\/9486","targetHints":{"allow":["GET"]}}],"collection":[{"href":"https:\/\/diariodepernambuco.audiencelabs.com.br\/wp-json\/wp\/v2\/posts"}],"about":[{"href":"https:\/\/diariodepernambuco.audiencelabs.com.br\/wp-json\/wp\/v2\/types\/post"}],"author":[{"embeddable":true,"href":"https:\/\/diariodepernambuco.audiencelabs.com.br\/wp-json\/wp\/v2\/users\/12"}],"replies":[{"embeddable":true,"href":"https:\/\/diariodepernambuco.audiencelabs.com.br\/wp-json\/wp\/v2\/comments?post=9486"}],"version-history":[{"count":1,"href":"https:\/\/diariodepernambuco.audiencelabs.com.br\/wp-json\/wp\/v2\/posts\/9486\/revisions"}],"predecessor-version":[{"id":9515,"href":"https:\/\/diariodepernambuco.audiencelabs.com.br\/wp-json\/wp\/v2\/posts\/9486\/revisions\/9515"}],"wp:featuredmedia":[{"embeddable":true,"href":"https:\/\/diariodepernambuco.audiencelabs.com.br\/wp-json\/wp\/v2\/media\/9487"}],"wp:attachment":[{"href":"https:\/\/diariodepernambuco.audiencelabs.com.br\/wp-json\/wp\/v2\/media?parent=9486"}],"wp:term":[{"taxonomy":"category","embeddable":true,"href":"https:\/\/diariodepernambuco.audiencelabs.com.br\/wp-json\/wp\/v2\/categories?post=9486"},{"taxonomy":"post_tag","embeddable":true,"href":"https:\/\/diariodepernambuco.audiencelabs.com.br\/wp-json\/wp\/v2\/tags?post=9486"}],"curies":[{"name":"wp","href":"https:\/\/api.w.org\/{rel}","templated":true}]}}